{"id":189987,"date":"2023-07-01T08:00:00","date_gmt":"2023-07-01T07:00:00","guid":{"rendered":"https:\/\/www.tucomarca.com\/wordpress\/segunda\/?p=189987"},"modified":"2023-07-03T11:13:23","modified_gmt":"2023-07-03T10:13:23","slug":"sanitat-notifica-en-les-ultimes-dues-setmanes-806-nous-casos-de-coronavirus-en-la-comunitat-valenciana-458-dells-en-majors-de-60-anys","status":"publish","type":"post","link":"https:\/\/tucomarca.whitekongsoftware.com\/ca\/sanitat-notifica-en-les-ultimes-dues-setmanes-806-nous-casos-de-coronavirus-en-la-comunitat-valenciana-458-dells-en-majors-de-60-anys\/","title":{"rendered":"Sanitat notifica en les \u00faltimes dues setmanes 806 nous casos de coronavirus en la Comunitat Valenciana, 458 d&#8217;ells en majors de 60 anys"},"content":{"rendered":"\n<h4 class=\"wp-block-heading\">Els hospitals valencians tenen 126 persones ingressades, 6 d&#8217;elles en l&#8217;UCI<\/h4>\n\n\n\n<p class=\"wp-block-paragraph\">La Conselleria de Sanitat Universal i Salut P\u00fablica ha notificat un total de 806 nous casos de coronavirus confirmats per prova PCR o a trav\u00e9s de test d&#8217;ant\u00edgens des de l&#8217;\u00faltima actualitzaci\u00f3 el passat 16 de juny. Els nous casos per prov\u00edncies s\u00f3n 82 a Castell\u00f3 (198.188 en total), 227 a Alacant (539.948 en total) i 497 a Val\u00e8ncia (860.776 en total).<\/p>\n\n\n\n<p class=\"wp-block-paragraph\">D&#8217;ells, 458 s\u00f3n persones majors de 60 anys. Per prov\u00edncies: 55 de Castell\u00f3, 111 d&#8217;Alacant i 292 de Val\u00e8ncia.<\/p>\n\n\n\n<p class=\"wp-block-paragraph\">Els hospitals valencians tenen actualment 126 persones ingressades, 6 d&#8217;elles en l&#8217;UCI: 17 a la prov\u00edncia de Castell\u00f3, 1 en l&#8217;UCI; 42 a la prov\u00edncia d&#8217;Alacant, 2 en l&#8217;UCI, i 67 a la prov\u00edncia de Val\u00e8ncia, 3 en l&#8217;UCI.<\/p>\n\n\n\n<p class=\"wp-block-paragraph\">S&#8217;han notificat 13 defuncions per coronavirus des de l&#8217;\u00faltima actualitzaci\u00f3, el passat 16 de juny, tots amb data de defunci\u00f3 en els \u00faltims 14 dies. Es tracta de 4 dones, d&#8217;entre 73 i 91 anys, i 9 homes, d&#8217;entre 62 i 97 anys. El total de decessos des de l&#8217;inici de la pand\u00e8mia ascendeix a 10.564: 1.282 a la prov\u00edncia de Castell\u00f3, 3.997 en la d&#8217;Alacant i 5.285 en la de Val\u00e8ncia.<\/p>\n\n\n\n<p class=\"wp-block-paragraph\"><\/p>\n","protected":false},"excerpt":{"rendered":"<div class=\"mh-excerpt\">Els hospitals valencians tenen 126 persones ingressades, 6 d&#8217;elles en l&#8217;UCI La Conselleria de Sanitat Universal i Salut P\u00fablica ha notificat un total de 806 nous casos de coronavirus confirmats per prova PCR o a <a class=\"mh-excerpt-more\" href=\"https:\/\/tucomarca.whitekongsoftware.com\/ca\/sanitat-notifica-en-les-ultimes-dues-setmanes-806-nous-casos-de-coronavirus-en-la-comunitat-valenciana-458-dells-en-majors-de-60-anys\/\" title=\"Sanitat notifica en les \u00faltimes dues setmanes 806 nous casos de coronavirus en la Comunitat Valenciana, 458 d&#8217;ells en majors de 60 anys\">[+] <\/a><\/div>\n","protected":false},"author":12,"featured_media":168666,"comment_status":"open","ping_status":"open","sticky":false,"template":"","format":"standard","meta":{"footnotes":""},"categories":[11010,12202,10948,10894,10904,10896,10897],"tags":[12165,11939,11940],"class_list":["post-189987","post","type-post","status-publish","format-standard","has-post-thumbnail","category-canal-salud","category-covid-19-ca","category-infraestructuras-ca","category-la-comarca-ca","category-sin-categorizar-ca","category-seccion-ca","category-sucesos-la-comarca-ca","tag-conselleria-de-sanitat-ca","tag-coronavirus-ca","tag-covid-19-ca"],"_links":{"self":[{"href":"https:\/\/tucomarca.whitekongsoftware.com\/ca\/wp-json\/wp\/v2\/posts\/189987","targetHints":{"allow":["GET"]}}],"collection":[{"href":"https:\/\/tucomarca.whitekongsoftware.com\/ca\/wp-json\/wp\/v2\/posts"}],"about":[{"href":"https:\/\/tucomarca.whitekongsoftware.com\/ca\/wp-json\/wp\/v2\/types\/post"}],"author":[{"embeddable":true,"href":"https:\/\/tucomarca.whitekongsoftware.com\/ca\/wp-json\/wp\/v2\/users\/12"}],"replies":[{"embeddable":true,"href":"https:\/\/tucomarca.whitekongsoftware.com\/ca\/wp-json\/wp\/v2\/comments?post=189987"}],"version-history":[{"count":0,"href":"https:\/\/tucomarca.whitekongsoftware.com\/ca\/wp-json\/wp\/v2\/posts\/189987\/revisions"}],"wp:featuredmedia":[{"embeddable":true,"href":"https:\/\/tucomarca.whitekongsoftware.com\/ca\/wp-json\/wp\/v2\/media\/168666"}],"wp:attachment":[{"href":"https:\/\/tucomarca.whitekongsoftware.com\/ca\/wp-json\/wp\/v2\/media?parent=189987"}],"wp:term":[{"taxonomy":"category","embeddable":true,"href":"https:\/\/tucomarca.whitekongsoftware.com\/ca\/wp-json\/wp\/v2\/categories?post=189987"},{"taxonomy":"post_tag","embeddable":true,"href":"https:\/\/tucomarca.whitekongsoftware.com\/ca\/wp-json\/wp\/v2\/tags?post=189987"}],"curies":[{"name":"wp","href":"https:\/\/api.w.org\/{rel}","templated":true}]}}