{"id":189868,"date":"2023-06-29T10:10:00","date_gmt":"2023-06-29T09:10:00","guid":{"rendered":"https:\/\/www.tucomarca.com\/wordpress\/segunda\/?p=189868"},"modified":"2023-06-29T18:13:20","modified_gmt":"2023-06-29T17:13:20","slug":"lajuntament-de-la-pobla-augmenta-120-places-de-lescola-destiu","status":"publish","type":"post","link":"https:\/\/tucomarca.whitekongsoftware.com\/ca\/lajuntament-de-la-pobla-augmenta-120-places-de-lescola-destiu\/","title":{"rendered":"L&#8217;Ajuntament de La Pobla augmenta 120 places de l\u2019Escola d\u2019estiu&nbsp;"},"content":{"rendered":"\n<h4 class=\"wp-block-heading\">El nou equip de govern ha augmentat les places despr\u00e9s de percebre que, prop de la meitat de les sol\u00b7licituds, es quedaven fora&nbsp;<\/h4>\n\n\n\n<h4 class=\"wp-block-heading\">Des de la regidoria d&#8217;educaci\u00f3 ja estan treballant en l&#8217;Escola d&#8217;estiu 2024 \u00abper a oferir el millor servei possible\u00bb<\/h4>\n\n\n\n<p class=\"wp-block-paragraph\">L&#8217;Ajuntament de la Pobla de Vallbona ha publicat el llistat definitiu de places per a l&#8217;Escola d&#8217;estiu 2023 amb un augment de 120 places respecte al que s&#8217;estableix inicialment, aconseguint un total de 340 places, amb les quals es pret\u00e9n donar cobertura al major nombre de menors del municipi durant les pr\u00f2ximes setmanes.<\/p>\n\n\n\n<p class=\"wp-block-paragraph\">Les noves 120 places han sigut possibles gr\u00e0cies a un esfor\u00e7 per part de l&#8217;equip de govern actual i el personal de la regidoria d&#8217;Educaci\u00f3, despr\u00e9s de comprovar que, amb les bases i assignacions anteriors, establides pel govern municipal sortint, quedaven fora prop de la meitat de les sol\u00b7licituds realitzades.<\/p>\n\n\n\n<p class=\"wp-block-paragraph\">Des de l&#8217;equip de govern s&#8217;ha transm\u00e9s un malestar davant la situaci\u00f3 de l&#8217;Escola d&#8217;estiu 2023, ja que: &#8220;ens hem trobat amb unes condicions que han generat situacions complicades a causa d&#8217;uns criteris de selecci\u00f3 confusos, que han provocat que, per exemple, en una mateixa fam\u00edlia entre nom\u00e9s un de dos germans&#8221;, ha indicat Christian Baterno, regidor d&#8217;Educaci\u00f3 de La Pobla de Vallbona.<\/p>\n\n\n\n<p class=\"wp-block-paragraph\">&#8220;Davant esta tessitura, des de la regidoria d&#8217;Educaci\u00f3 s&#8217;ha treballat, des de l&#8217;eixida de les llistes provisionals, per a augmentar el nombre de places perqu\u00e8 disfruten de l&#8217;escola d&#8217;estiu el major nombre de persones possible&#8221;, comentava Baterno, qui ha refor\u00e7at que: despr\u00e9s d&#8217;un gran esfor\u00e7 del funcionariat i de l&#8217;equip de govern, augmentar 120 places el n\u00famero inicial publicat. Gr\u00e0cies a aix\u00f2 seran moltes m\u00e9s les fam\u00edlies que podran acollir-se a este servei durant el mes de juliol i millorar la conciliaci\u00f3 familiar durant un per\u00edode en el qual sempre \u00e9s m\u00e9s complicat combinar la vida personal i laboral amb les obligacions familiars per als qui tenen menors a casa&#8221;, afirmava el regidor d&#8217;Educaci\u00f3.<\/p>\n\n\n\n<p class=\"wp-block-paragraph\"><strong>Millora a trav\u00e9s de canvis d&#8217;ubicaci\u00f3<\/strong><\/p>\n\n\n\n<p class=\"wp-block-paragraph\">Al costat de l&#8217;augment de places s&#8217;ha procedit al canvi de dues de les seus de l&#8217;Escola d&#8217;estiu. D&#8217;esta manera, el grup inicialment previst per a la Casa Gran realitzar\u00e0 les activitats en la zona d&#8217;infantil del CEIP Llu\u00eds Vives, una decisi\u00f3 per a la qual s&#8217;ha tingut en compte la necessitat de m\u00e9s espai despr\u00e9s de l&#8217;augment de places, a m\u00e9s de les altes temperatures previstes per a les pr\u00f2ximes setmanes, tenint possibilitats de realitzar activitats aqu\u00e0tiques en el nou espai i disposant de zones d&#8217;ombra.<\/p>\n\n\n\n<p class=\"wp-block-paragraph\">D&#8217;altra banda, el grup inicialment previst per a la Ciutat esportiva tamb\u00e9 passaran al CEIP Llu\u00eds Vives, en este cas en la zona de prim\u00e0ria. Gr\u00e0cies al canvi es podr\u00e0 disposar d&#8217;un espai exclusiu, alguna cosa que no succe\u00efa a la Ciutat Esportiva, podent disposar en el nou espai de zones d&#8217;ombra, aules i usant les pistes esportives del centre. Tot aix\u00f2 amb la finalitat d&#8217;oferir un espai m\u00e9s adequat per a la realitzaci\u00f3 de les activitats.<\/p>\n\n\n\n<p class=\"wp-block-paragraph\">A m\u00e9s, des de l&#8217;equip de govern s&#8217;est\u00e0 treballant ja perqu\u00e8 la pr\u00f2xima Escola d&#8217;estiu 2024 no tinga els problemes que ha tingut la del present any, &#8220;provocats per una falta de previsi\u00f3 i uns criteris poc eficients que han sigut els que han derivat en qu\u00e8 moltes places no hagen pogut ser ateses&#8221;, sentenciaven.<\/p>\n\n\n\n<p class=\"wp-block-paragraph\"><\/p>\n","protected":false},"excerpt":{"rendered":"<div class=\"mh-excerpt\">El nou equip de govern ha augmentat les places despr\u00e9s de percebre que, prop de la meitat de les sol\u00b7licituds, es quedaven fora&nbsp; Des de la regidoria d&#8217;educaci\u00f3 ja estan treballant en l&#8217;Escola d&#8217;estiu 2024 <a class=\"mh-excerpt-more\" href=\"https:\/\/tucomarca.whitekongsoftware.com\/ca\/lajuntament-de-la-pobla-augmenta-120-places-de-lescola-destiu\/\" title=\"L&#8217;Ajuntament de La Pobla augmenta 120 places de l\u2019Escola d\u2019estiu&nbsp;\">[+] <\/a><\/div>\n","protected":false},"author":12,"featured_media":189866,"comment_status":"open","ping_status":"open","sticky":false,"template":"","format":"standard","meta":{"footnotes":""},"categories":[10892,10948,10894,10915,11007,10896],"tags":[10899,19449,10916],"class_list":["post-189868","post","type-post","status-publish","format-standard","has-post-thumbnail","category-camp-de-turia-ca","category-infraestructuras-ca","category-la-comarca-ca","category-la-pobla-ca","category-ocio-y-cultura-ca","category-seccion-ca","tag-camp-de-turia-ca","tag-escuela-verano-ca","tag-la-pobla-de-vallbona-ca"],"_links":{"self":[{"href":"https:\/\/tucomarca.whitekongsoftware.com\/ca\/wp-json\/wp\/v2\/posts\/189868","targetHints":{"allow":["GET"]}}],"collection":[{"href":"https:\/\/tucomarca.whitekongsoftware.com\/ca\/wp-json\/wp\/v2\/posts"}],"about":[{"href":"https:\/\/tucomarca.whitekongsoftware.com\/ca\/wp-json\/wp\/v2\/types\/post"}],"author":[{"embeddable":true,"href":"https:\/\/tucomarca.whitekongsoftware.com\/ca\/wp-json\/wp\/v2\/users\/12"}],"replies":[{"embeddable":true,"href":"https:\/\/tucomarca.whitekongsoftware.com\/ca\/wp-json\/wp\/v2\/comments?post=189868"}],"version-history":[{"count":0,"href":"https:\/\/tucomarca.whitekongsoftware.com\/ca\/wp-json\/wp\/v2\/posts\/189868\/revisions"}],"wp:featuredmedia":[{"embeddable":true,"href":"https:\/\/tucomarca.whitekongsoftware.com\/ca\/wp-json\/wp\/v2\/media\/189866"}],"wp:attachment":[{"href":"https:\/\/tucomarca.whitekongsoftware.com\/ca\/wp-json\/wp\/v2\/media?parent=189868"}],"wp:term":[{"taxonomy":"category","embeddable":true,"href":"https:\/\/tucomarca.whitekongsoftware.com\/ca\/wp-json\/wp\/v2\/categories?post=189868"},{"taxonomy":"post_tag","embeddable":true,"href":"https:\/\/tucomarca.whitekongsoftware.com\/ca\/wp-json\/wp\/v2\/tags?post=189868"}],"curies":[{"name":"wp","href":"https:\/\/api.w.org\/{rel}","templated":true}]}}