{"id":189792,"date":"2023-06-29T10:00:00","date_gmt":"2023-06-29T09:00:00","guid":{"rendered":"https:\/\/www.tucomarca.com\/wordpress\/segunda\/?p=189792"},"modified":"2023-06-29T10:40:46","modified_gmt":"2023-06-29T09:40:46","slug":"el-cd-bunol-jugara-la-copa-de-sm-el-rey-2023-24-tras-confirmarse-el-ascenso-a-tercera-federacion-del-ontinyent-1931-cf-y-cd-soneja","status":"publish","type":"post","link":"https:\/\/tucomarca.whitekongsoftware.com\/ca\/el-cd-bunol-jugara-la-copa-de-sm-el-rey-2023-24-tras-confirmarse-el-ascenso-a-tercera-federacion-del-ontinyent-1931-cf-y-cd-soneja\/","title":{"rendered":"El CD Bunyol jugar\u00e0 la Copa d&#8217;SM El Rei 2023-24 despr\u00e9s de confirmar-se l&#8217;ascens a Tercera Federaci\u00f3 de l&#8217;Ontinyent 1931 CF i CD Soneja"},"content":{"rendered":"\n<p class=\"wp-block-paragraph\">La Federaci\u00f3 de Futbol de la Comunitat Valenciana (FFCV) ha informat que el jutge de Competici\u00f3 de la FFCV &#8220;ha determinat ja de manera oficial els ascensos i descensos d&#8217;aquesta temporada en el futbol de la Comunitat Valenciana&#8221;.<\/p>\n\n\n\n<p class=\"wp-block-paragraph\">En el seu escrit, el jutge ha certificat que Ontinyent 1931 CF i el CD Soneja ocupen les dues vacants que queden lliures i ascendisquen a la Tercera Federaci\u00f3 del futbol nacional. Els clubs acompanyaran al CD Borriana, al CD Utiel i a l&#8217;UD Castellonenca, equips aquests que es van guanyar en el play-off el dret a jugar en Tercera.<\/p>\n\n\n\n<p class=\"wp-block-paragraph\">D&#8217;aquesta manera, l&#8217;ascens del CD Soneja, actual campi\u00f3 de La Nostra Copa, permet que el CD Bunyol vaja a ser l&#8217;equip que represente a la FFCV en la Copa d&#8217;SM El Rei la pr\u00f2xima temporada 2023-24, ja que la normativa de la RFEF impedeix que un club de Tercera Federaci\u00f3 ocupe aqueix lloc.<\/p>\n\n\n\n<p class=\"wp-block-paragraph\">El jutge tamb\u00e9 ha certificat els ascensos i descensos en totes les categories.&nbsp;Aix\u00f2 inclou tamb\u00e9 la nova&nbsp;Lliga Comunitat, de la qual ja estan llistats els 32 equips que la compondran en la seua primera edici\u00f3 la temporada que ve.<\/p>\n\n\n\n<p class=\"wp-block-paragraph\">Per tant, ascendeixen de Lliga A Punt Preferent a Lliga Comunitat FFCV&nbsp;els seg\u00fcents equips: C.D. L&#8217;Alcora, U.D. Vall de Ux\u00f3 &#8220;A&#8221;, C.D. Onda &#8220;A&#8221;, Alboraya U.D., Alqueries C.F. &#8220;A&#8221;, C.D. Almazora &#8220;A&#8221;, C.D. Bu\u00f1ol, C.F. Recambios Col\u00f3n Catarroja, Paiporta C.F., Manises C.F. &#8220;A&#8221;, Ribarroja C.F., U.E. L&#8217;Alc\u00fadia, S.C. Requena, L&#8217;Olleria C.F., C.D. Ol\u00edmpic, C.F.U.E. Tavernes de la Valldigna, S.D. Sueca, C.D. D\u00e9nia &#8220;A&#8221;, C.D.F. J\u00e1vea, Callosa Deportiva C.F., C.F. La Nucia &#8220;B&#8221;, Crevillente Deportivo, C.D. Eldense &#8220;B&#8221;, Racing C.F. Benidorm &#8220;A&#8221;, C.F. Independiente Alicante, F.B. Redov\u00e1n C.F. &#8220;A&#8221;, Santa Pola C.F., C.F. Nou Jove Castell\u00f3, U.D. Aldaia C.F., C.F.U.D. Calpe, C.D. Thader.<\/p>\n","protected":false},"excerpt":{"rendered":"<div class=\"mh-excerpt\">La Federaci\u00f3 de Futbol de la Comunitat Valenciana (FFCV) ha informat que el jutge de Competici\u00f3 de la FFCV &#8220;ha determinat ja de manera oficial els ascensos i descensos d&#8217;aquesta temporada en el futbol de <a class=\"mh-excerpt-more\" href=\"https:\/\/tucomarca.whitekongsoftware.com\/ca\/el-cd-bunol-jugara-la-copa-de-sm-el-rey-2023-24-tras-confirmarse-el-ascenso-a-tercera-federacion-del-ontinyent-1931-cf-y-cd-soneja\/\" title=\"El CD Bunyol jugar\u00e0 la Copa d&#8217;SM El Rei 2023-24 despr\u00e9s de confirmar-se l&#8217;ascens a Tercera Federaci\u00f3 de l&#8217;Ontinyent 1931 CF i CD Soneja\">[+] <\/a><\/div>\n","protected":false},"author":1,"featured_media":189789,"comment_status":"open","ping_status":"open","sticky":false,"template":"","format":"standard","meta":{"footnotes":""},"categories":[10911,11015,11003,10898,10894,10904,10912,10896],"tags":[10913,11126,11074,11075,10914],"class_list":["post-189792","post","type-post","status-publish","format-standard","has-post-thumbnail","category-bunol-ca","category-canal-futbol","category-sports","category-ventana-ca","category-la-comarca-ca","category-sin-categorizar-ca","category-la-hoya-ca","category-seccion-ca","tag-bunol-ca","tag-cd-bunol-ca","tag-deportes-ca","tag-futbol-ca","tag-la-hoya-de-bunol-chiva-ca"],"_links":{"self":[{"href":"https:\/\/tucomarca.whitekongsoftware.com\/ca\/wp-json\/wp\/v2\/posts\/189792","targetHints":{"allow":["GET"]}}],"collection":[{"href":"https:\/\/tucomarca.whitekongsoftware.com\/ca\/wp-json\/wp\/v2\/posts"}],"about":[{"href":"https:\/\/tucomarca.whitekongsoftware.com\/ca\/wp-json\/wp\/v2\/types\/post"}],"author":[{"embeddable":true,"href":"https:\/\/tucomarca.whitekongsoftware.com\/ca\/wp-json\/wp\/v2\/users\/1"}],"replies":[{"embeddable":true,"href":"https:\/\/tucomarca.whitekongsoftware.com\/ca\/wp-json\/wp\/v2\/comments?post=189792"}],"version-history":[{"count":0,"href":"https:\/\/tucomarca.whitekongsoftware.com\/ca\/wp-json\/wp\/v2\/posts\/189792\/revisions"}],"wp:featuredmedia":[{"embeddable":true,"href":"https:\/\/tucomarca.whitekongsoftware.com\/ca\/wp-json\/wp\/v2\/media\/189789"}],"wp:attachment":[{"href":"https:\/\/tucomarca.whitekongsoftware.com\/ca\/wp-json\/wp\/v2\/media?parent=189792"}],"wp:term":[{"taxonomy":"category","embeddable":true,"href":"https:\/\/tucomarca.whitekongsoftware.com\/ca\/wp-json\/wp\/v2\/categories?post=189792"},{"taxonomy":"post_tag","embeddable":true,"href":"https:\/\/tucomarca.whitekongsoftware.com\/ca\/wp-json\/wp\/v2\/tags?post=189792"}],"curies":[{"name":"wp","href":"https:\/\/api.w.org\/{rel}","templated":true}]}}