{"id":189785,"date":"2023-06-29T09:00:00","date_gmt":"2023-06-29T08:00:00","guid":{"rendered":"https:\/\/www.tucomarca.com\/wordpress\/segunda\/?p=189785"},"modified":"2023-06-29T11:13:27","modified_gmt":"2023-06-29T10:13:27","slug":"els-barris-de-turis-celebra-larribada-de-lestiu-amb-musica-i-polvora-en-el-tradicional-summer-festival","status":"publish","type":"post","link":"https:\/\/tucomarca.whitekongsoftware.com\/ca\/els-barris-de-turis-celebra-larribada-de-lestiu-amb-musica-i-polvora-en-el-tradicional-summer-festival\/","title":{"rendered":"<strong>Els Barris de Tur\u00eds celebra l&#8217;arribada de l&#8217;estiu amb m\u00fasica i p\u00f3lvora en el tradicional \u2018Summer Festival\u2019<\/strong>"},"content":{"rendered":"\n<h4 class=\"wp-block-heading\">La comissi\u00f3 reinventa l&#8217;esdeveniment amb un \u2018tardeo\u2019 i una masclet\u00e0 pr\u00e8via al sopar i la macrodiscom\u00f2bil<\/h4>\n\n\n\n<p class=\"wp-block-paragraph\">La Falla Els Barris de Tur\u00eds celebra este dissabte 1 de juliol el seu tradicional \u2018Summer Festival\u2019, la festa d&#8217;estiu que dona el tret d\u2019eixida al per\u00edode estival en la localitat valenciana.<\/p>\n\n\n\n<p class=\"wp-block-paragraph\">L&#8217;esdeveniment a l&#8217;aire lliure, que es porta a terme en els exteriors del Conservatori Lola Luj\u00e1n i es va comen\u00e7ar a programar en 2008, celebra el seu quinz\u00e8 aniversari amb novetats. Esta edici\u00f3 comen\u00e7ar\u00e0 abans de l&#8217;habitual, a les set i mitja de la vesprada, amb un \u2018tardeo\u2019 i una masclet\u00e0 que Pirotecnia Tur\u00eds disparar\u00e0 a les nou de la nit. Despr\u00e9s del sopar habitual, la festa s&#8217;allargar\u00e0 fins a la matinada amb una macrodiscom\u00f2bil.<\/p>\n\n\n\n<p class=\"wp-block-paragraph\">La cita, completament establida en el calendari festiu del municipi, ser\u00e0 el primer acte despr\u00e9s del nomenament d&#8217;Ana Alcover, Andrea Sala i Sergi Serrano com a representants de la comissi\u00f3 m\u00e9s veterana i nombrosa de Tur\u00eds per a 2024. A ella acudiran acompanyats del quadre d&#8217;honor d&#8217;enguany, Leonor Garcia, Gabriela Lashayas i \u00c0lex Infante, aix\u00ed com del president de la comissi\u00f3, Iv\u00e1n Torres.<\/p>\n","protected":false},"excerpt":{"rendered":"<div class=\"mh-excerpt\">La comissi\u00f3 reinventa l&#8217;esdeveniment amb un \u2018tardeo\u2019 i una masclet\u00e0 pr\u00e8via al sopar i la macrodiscom\u00f2bil La Falla Els Barris de Tur\u00eds celebra este dissabte 1 de juliol el seu tradicional \u2018Summer Festival\u2019, la festa <a class=\"mh-excerpt-more\" href=\"https:\/\/tucomarca.whitekongsoftware.com\/ca\/els-barris-de-turis-celebra-larribada-de-lestiu-amb-musica-i-polvora-en-el-tradicional-summer-festival\/\" title=\"Els Barris de Tur\u00eds celebra l&#8217;arribada de l&#8217;estiu amb m\u00fasica i p\u00f3lvora en el tradicional \u2018Summer Festival\u2019\">[+] <\/a><\/div>\n","protected":false},"author":12,"featured_media":189784,"comment_status":"open","ping_status":"open","sticky":false,"template":"","format":"standard","meta":{"footnotes":""},"categories":[11019,10894,10902,11007,10896,11047],"tags":[11712,11356,11093],"class_list":["post-189785","post","type-post","status-publish","format-standard","has-post-thumbnail","category-agenda-ca","category-la-comarca-ca","category-la-ribera-ca","category-ocio-y-cultura-ca","category-seccion-ca","category-turis-ca","tag-falla-els-barris-ca","tag-ribera-alta-ca","tag-turis-ca"],"_links":{"self":[{"href":"https:\/\/tucomarca.whitekongsoftware.com\/ca\/wp-json\/wp\/v2\/posts\/189785","targetHints":{"allow":["GET"]}}],"collection":[{"href":"https:\/\/tucomarca.whitekongsoftware.com\/ca\/wp-json\/wp\/v2\/posts"}],"about":[{"href":"https:\/\/tucomarca.whitekongsoftware.com\/ca\/wp-json\/wp\/v2\/types\/post"}],"author":[{"embeddable":true,"href":"https:\/\/tucomarca.whitekongsoftware.com\/ca\/wp-json\/wp\/v2\/users\/12"}],"replies":[{"embeddable":true,"href":"https:\/\/tucomarca.whitekongsoftware.com\/ca\/wp-json\/wp\/v2\/comments?post=189785"}],"version-history":[{"count":0,"href":"https:\/\/tucomarca.whitekongsoftware.com\/ca\/wp-json\/wp\/v2\/posts\/189785\/revisions"}],"wp:featuredmedia":[{"embeddable":true,"href":"https:\/\/tucomarca.whitekongsoftware.com\/ca\/wp-json\/wp\/v2\/media\/189784"}],"wp:attachment":[{"href":"https:\/\/tucomarca.whitekongsoftware.com\/ca\/wp-json\/wp\/v2\/media?parent=189785"}],"wp:term":[{"taxonomy":"category","embeddable":true,"href":"https:\/\/tucomarca.whitekongsoftware.com\/ca\/wp-json\/wp\/v2\/categories?post=189785"},{"taxonomy":"post_tag","embeddable":true,"href":"https:\/\/tucomarca.whitekongsoftware.com\/ca\/wp-json\/wp\/v2\/tags?post=189785"}],"curies":[{"name":"wp","href":"https:\/\/api.w.org\/{rel}","templated":true}]}}