{"id":189729,"date":"2023-06-27T15:00:00","date_gmt":"2023-06-27T14:00:00","guid":{"rendered":"https:\/\/www.tucomarca.com\/wordpress\/segunda\/?p=189729"},"modified":"2023-06-27T21:51:33","modified_gmt":"2023-06-27T20:51:33","slug":"bunyol-celebra-sessio-plenaria-extraordinaria-per-a-designar-els-membres-de-les-meses-electorals-de-les-eleccions-al-congres-i-al-senat","status":"publish","type":"post","link":"https:\/\/tucomarca.whitekongsoftware.com\/ca\/bunyol-celebra-sessio-plenaria-extraordinaria-per-a-designar-els-membres-de-les-meses-electorals-de-les-eleccions-al-congres-i-al-senat\/","title":{"rendered":"Bunyol celebra sessi\u00f3 plenaria extraordin\u00e0ria per a designar els membres de les meses electorals de les eleccions al Congr\u00e9s i al Senat"},"content":{"rendered":"\n<p class=\"wp-block-paragraph\">L&#8217;Ajuntament de Bunyol va celebrar ahir sessi\u00f3 extraordin\u00e0ria en la qual es van designar els membres de les meses electorals per a les Eleccions al Congr\u00e9s dels Diputats i al Senat. Els punts de l&#8217;ordre del dia van ser l&#8217;aprovaci\u00f3 de l&#8217;acta de la sessi\u00f3 anterior, que es va deixar per al seg\u00fcent ple pel fet que no es tenia l&#8217;acta finalitzada, i designaci\u00f3 dels membres de les meses electorals per a les Eleccions al Congr\u00e9s dels Diputats i al Senat del pr\u00f2xim 23 de juliol.<br>Despr\u00e9s d&#8217;aix\u00f2, en el comunicat de control i seguiment dels \u00f2rgans de govern es va adonar de la liquidaci\u00f3 del pressupost de l&#8217;exercici 2022, despr\u00e9s es va adonar de l&#8217;informe de tresoreria del primer trimestre de 2023 sobre compliment de terminis previstos en la Llei 15\/2010 de 5 de juliol. Tant en un punt com en un altre l&#8217;Alcaldessa de Bunyol, Virg\u00ednia Sanz, va explicar als presents que tots dos punts procedeixen de la gesti\u00f3 de l&#8217;anterior govern municipal pel que ella no podia contestar a cap pregunta, aix\u00ed que va delegar en l&#8217;Interventor aquest assumpte, qui va dir que la seua funci\u00f3 \u00e9s la d&#8217;informar d&#8217;una gesti\u00f3 econ\u00f2mica de l&#8217;Ajuntament i que en cap cas opina. El portaveu del PSPV-PSOE, Aurelio Palmer, va defensar la gesti\u00f3 de l&#8217;anterior govern, confirmant que s&#8217;havia seguit la legalitat i la transpar\u00e8ncia i que l&#8217;augment en el per\u00edode de pagament als prove\u00efdors venia a conseq\u00fc\u00e8ncia de l&#8217;obra del mur del carrer Morat\u00edn que havia de pagar-se amb la subvenci\u00f3 de la Generalitat Valenciana, per la qual cosa no \u00e9s conseq\u00fc\u00e8ncia directa de l&#8217;anterior govern municipal.&nbsp;<br>Jos\u00e9 Luis Carrascosa, portaveu de IAB, va preguntar si se&#8217;ls anava a facilitar tota la informaci\u00f3 a l&#8217;oposici\u00f3, ja que per part de l&#8217;anterior corporaci\u00f3 no se&#8217;ls va facilitar tot el que requerien. Davant aix\u00f2 Virginia Sanz va confirmar que la transpar\u00e8ncia \u00e9s una de les premisses que defensa aquest nou govern i que se&#8217;ls facilitar\u00e0 tot el que sol\u00b7liciten. Tamb\u00e9 el portaveu d&#8217;Esquerra Alternativa de Bunyol va preguntar pel paratge de la Cova Turche, sobre quina era la situaci\u00f3 i com anava a solucionar-se el problema de la massificaci\u00f3 present cada dia en tan bell paratge. La primer edil va contestar que feia tan sols una setmana que havien arribat al govern i que estaven preparant una ordenan\u00e7a que regule tot referent a Turche, per\u00f2 que mentrestant la Policia Local estava controlant l&#8217;aparcament en la corba i els accessos.&nbsp;<br>Tamb\u00e9 Aurelio Palmer, del PSPV-PSOE, va pregar si es podia tindre en consideraci\u00f3 l&#8217;oferir espais electorals com ara es van fer per a les eleccions municipals en la r\u00e0dio municipal, R\u00e0dio Bunyol, per a les pr\u00f2ximes eleccions generals a causa de la gran difusi\u00f3 i seguiment que es va tindre a manera de debats en la televisi\u00f3, entrevistes en la r\u00e0dio i tascons electorals. L&#8217;Alcaldessa va contestar que aqueix prec seria contestat en el seg\u00fcent ple i que el tractarien amb els treballadors de la r\u00e0dio municipal.&nbsp;<br>L&#8217;emissora municipal va oferir una cobertura en directe per r\u00e0dio i televisi\u00f3. L&#8217;\u00e0udio i el v\u00eddeo est\u00e0 ja disponible en xarxes socials i en el Youtube de R\u00e0dio Bunyol perqu\u00e8 tots els ve\u00efns puguen escoltar-lo i veure&#8217;l.<\/p>\n\n\n\n<p class=\"wp-block-paragraph\"><\/p>\n","protected":false},"excerpt":{"rendered":"<div class=\"mh-excerpt\">L&#8217;Ajuntament de Bunyol va celebrar ahir sessi\u00f3 extraordin\u00e0ria en la qual es van designar els membres de les meses electorals per a les Eleccions al Congr\u00e9s dels Diputats i al Senat. Els punts de l&#8217;ordre <a class=\"mh-excerpt-more\" href=\"https:\/\/tucomarca.whitekongsoftware.com\/ca\/bunyol-celebra-sessio-plenaria-extraordinaria-per-a-designar-els-membres-de-les-meses-electorals-de-les-eleccions-al-congres-i-al-senat\/\" title=\"Bunyol celebra sessi\u00f3 plenaria extraordin\u00e0ria per a designar els membres de les meses electorals de les eleccions al Congr\u00e9s i al Senat\">[+] <\/a><\/div>\n","protected":false},"author":12,"featured_media":189728,"comment_status":"open","ping_status":"open","sticky":false,"template":"","format":"standard","meta":{"footnotes":""},"categories":[10911,10948,10894,10912,10947,10896],"tags":[10913,10914,14391],"class_list":["post-189729","post","type-post","status-publish","format-standard","has-post-thumbnail","category-bunol-ca","category-infraestructuras-ca","category-la-comarca-ca","category-la-hoya-ca","category-politica","category-seccion-ca","tag-bunol-ca","tag-la-hoya-de-bunol-chiva-ca","tag-pleno-municipal-ca"],"_links":{"self":[{"href":"https:\/\/tucomarca.whitekongsoftware.com\/ca\/wp-json\/wp\/v2\/posts\/189729","targetHints":{"allow":["GET"]}}],"collection":[{"href":"https:\/\/tucomarca.whitekongsoftware.com\/ca\/wp-json\/wp\/v2\/posts"}],"about":[{"href":"https:\/\/tucomarca.whitekongsoftware.com\/ca\/wp-json\/wp\/v2\/types\/post"}],"author":[{"embeddable":true,"href":"https:\/\/tucomarca.whitekongsoftware.com\/ca\/wp-json\/wp\/v2\/users\/12"}],"replies":[{"embeddable":true,"href":"https:\/\/tucomarca.whitekongsoftware.com\/ca\/wp-json\/wp\/v2\/comments?post=189729"}],"version-history":[{"count":0,"href":"https:\/\/tucomarca.whitekongsoftware.com\/ca\/wp-json\/wp\/v2\/posts\/189729\/revisions"}],"wp:featuredmedia":[{"embeddable":true,"href":"https:\/\/tucomarca.whitekongsoftware.com\/ca\/wp-json\/wp\/v2\/media\/189728"}],"wp:attachment":[{"href":"https:\/\/tucomarca.whitekongsoftware.com\/ca\/wp-json\/wp\/v2\/media?parent=189729"}],"wp:term":[{"taxonomy":"category","embeddable":true,"href":"https:\/\/tucomarca.whitekongsoftware.com\/ca\/wp-json\/wp\/v2\/categories?post=189729"},{"taxonomy":"post_tag","embeddable":true,"href":"https:\/\/tucomarca.whitekongsoftware.com\/ca\/wp-json\/wp\/v2\/tags?post=189729"}],"curies":[{"name":"wp","href":"https:\/\/api.w.org\/{rel}","templated":true}]}}