{"id":189688,"date":"2023-06-27T09:00:00","date_gmt":"2023-06-27T08:00:00","guid":{"rendered":"https:\/\/www.tucomarca.com\/wordpress\/segunda\/?p=189688"},"modified":"2023-06-27T12:33:35","modified_gmt":"2023-06-27T11:33:35","slug":"lajuntament-de-requena-treballa-en-la-rapida-obertura-de-la-piscina-publica-municipal-despres-de-detectar-se-fugides-durant-el-seu-ompliment","status":"publish","type":"post","link":"https:\/\/tucomarca.whitekongsoftware.com\/ca\/lajuntament-de-requena-treballa-en-la-rapida-obertura-de-la-piscina-publica-municipal-despres-de-detectar-se-fugides-durant-el-seu-ompliment\/","title":{"rendered":"L&#8217;Ajuntament de Requena treballa en la r\u00e0pida obertura de la piscina p\u00fablica municipal despr\u00e9s de detectar-se fugides durant el seu ompliment"},"content":{"rendered":"\n<p class=\"wp-block-paragraph\">L&#8217;Ajuntament de Requena est\u00e0 treballant en la r\u00e0pida obertura de la piscina p\u00fablica municipal perqu\u00e8 els usuaris puguen accedir a ella davant l&#8217;arribada de l&#8217;estiu.<\/p>\n\n\n\n<p class=\"wp-block-paragraph\">\u201cLamentablement en l&#8217;ompliment de la piscina es van detectar fugides que han provocat un retard en les dates en les quals estava prevista la seua obertura, tenint en compte a m\u00e9s, que davant les restriccions de falta d&#8217;aigua, no es pot proporcionar un ompliment r\u00e0pid. \u00c9s per aix\u00f2 que s&#8217;est\u00e0 procedint a la seua reparaci\u00f3 amb celeritat perqu\u00e8 la seua obertura siga una realitat en la major brevetat de temps possible\u201d expliquen des de l&#8217;Ajuntament. I afigen que \u201ds&#8217;est\u00e0 treballant incansablement perqu\u00e8 aquesta obertura siga en breu, i aquesta circumst\u00e0ncia esdevinguda perjudique el m\u00ednim possible al gaudi de requenenses i visitants, desitjant que com m\u00e9s prompte millor puguem anunciar la seua obertura\u201d. Informa,<strong>&nbsp;Luis Ib\u00e1\u00f1ez.<\/strong><\/p>\n\n\n\n<p class=\"wp-block-paragraph\"><\/p>\n","protected":false},"excerpt":{"rendered":"<div class=\"mh-excerpt\">L&#8217;Ajuntament de Requena est\u00e0 treballant en la r\u00e0pida obertura de la piscina p\u00fablica municipal perqu\u00e8 els usuaris puguen accedir a ella davant l&#8217;arribada de l&#8217;estiu. \u201cLamentablement en l&#8217;ompliment de la piscina es van detectar fugides <a class=\"mh-excerpt-more\" href=\"https:\/\/tucomarca.whitekongsoftware.com\/ca\/lajuntament-de-requena-treballa-en-la-rapida-obertura-de-la-piscina-publica-municipal-despres-de-detectar-se-fugides-durant-el-seu-ompliment\/\" title=\"L&#8217;Ajuntament de Requena treballa en la r\u00e0pida obertura de la piscina p\u00fablica municipal despr\u00e9s de detectar-se fugides durant el seu ompliment\">[+] <\/a><\/div>\n","protected":false},"author":12,"featured_media":138244,"comment_status":"open","ping_status":"open","sticky":false,"template":"","format":"standard","meta":{"footnotes":""},"categories":[10948,10894,10908,10909,10896],"tags":[12313,11099,10910],"class_list":["post-189688","post","type-post","status-publish","format-standard","has-post-thumbnail","category-infraestructuras-ca","category-la-comarca-ca","category-requena-ca","category-requena-utiel-ca","category-seccion-ca","tag-piscina-municipal-requena-ca","tag-requena-ca","tag-requena-utiel-ca"],"_links":{"self":[{"href":"https:\/\/tucomarca.whitekongsoftware.com\/ca\/wp-json\/wp\/v2\/posts\/189688","targetHints":{"allow":["GET"]}}],"collection":[{"href":"https:\/\/tucomarca.whitekongsoftware.com\/ca\/wp-json\/wp\/v2\/posts"}],"about":[{"href":"https:\/\/tucomarca.whitekongsoftware.com\/ca\/wp-json\/wp\/v2\/types\/post"}],"author":[{"embeddable":true,"href":"https:\/\/tucomarca.whitekongsoftware.com\/ca\/wp-json\/wp\/v2\/users\/12"}],"replies":[{"embeddable":true,"href":"https:\/\/tucomarca.whitekongsoftware.com\/ca\/wp-json\/wp\/v2\/comments?post=189688"}],"version-history":[{"count":0,"href":"https:\/\/tucomarca.whitekongsoftware.com\/ca\/wp-json\/wp\/v2\/posts\/189688\/revisions"}],"wp:featuredmedia":[{"embeddable":true,"href":"https:\/\/tucomarca.whitekongsoftware.com\/ca\/wp-json\/wp\/v2\/media\/138244"}],"wp:attachment":[{"href":"https:\/\/tucomarca.whitekongsoftware.com\/ca\/wp-json\/wp\/v2\/media?parent=189688"}],"wp:term":[{"taxonomy":"category","embeddable":true,"href":"https:\/\/tucomarca.whitekongsoftware.com\/ca\/wp-json\/wp\/v2\/categories?post=189688"},{"taxonomy":"post_tag","embeddable":true,"href":"https:\/\/tucomarca.whitekongsoftware.com\/ca\/wp-json\/wp\/v2\/tags?post=189688"}],"curies":[{"name":"wp","href":"https:\/\/api.w.org\/{rel}","templated":true}]}}