{"id":189636,"date":"2023-06-26T17:00:00","date_gmt":"2023-06-26T16:00:00","guid":{"rendered":"https:\/\/www.tucomarca.com\/wordpress\/segunda\/?p=189636"},"modified":"2023-06-26T18:19:29","modified_gmt":"2023-06-26T17:19:29","slug":"el-cd-bunyol-renova-al-seu-gran-capita-gonza-i-al-portera-giovanni-i-incorpora-al-lateral-esquerre-didier","status":"publish","type":"post","link":"https:\/\/tucomarca.whitekongsoftware.com\/ca\/el-cd-bunyol-renova-al-seu-gran-capita-gonza-i-al-portera-giovanni-i-incorpora-al-lateral-esquerre-didier\/","title":{"rendered":"El CD Bunyol renova al seu gran capit\u00e0, Gonza, i al porter Giovanni; i incorpora al lateral esquerre Didier"},"content":{"rendered":"\n<p class=\"wp-block-paragraph\">El Club Esportiu Bunyol segueix anunciat noves renovacions i incorporacions a les seues files de cara a la pr\u00f2xima temporada esportiva 2023-24. Entre les noves incorporacions destaca el lateral esquerre Didier de La Cruz.<\/p>\n\n\n\n<p class=\"wp-block-paragraph\">El jugador, nascut a Xirivella i format en les categories inferiors del Val\u00e8ncia CF, &#8220;ha sigut campi\u00f3 d&#8217;Espanya i subcampi\u00f3 del m\u00f3n; tamb\u00e9 ha format part de la pedrera de l&#8217;Albacete Balompi\u00e9, en la seua juvenil Divisi\u00f3 d&#8217;Honor&#8221;, tal com han subratllat des del CD Bunyol.<\/p>\n\n\n\n<p class=\"wp-block-paragraph\">&#8220;Despr\u00e9s del seu pas per Paterna, Solana, Quintanar del rei (Play Off de Segona B), Burgos Promeses, Portugalete (Segona B), Llanera(Segona RFEF), Cacere\u00f1o (Segona RFEF i Play Off de Primera RFEF), Mislata i Villarrobledo, arriba a les files del CD Bunyol per a conquistar amb la seua intensitat i qualitat als nostres aficionats. T&#8217;agra\u00efm que hages apostat pel projecte del CD Bunyol. Didier, Benvingut a l&#8217;infern del Beltr\u00e1n!&#8221;, han finalitzat des del CD Bunyol.<\/p>\n\n\n\n<p class=\"wp-block-paragraph\"><strong><b>Renovacion<\/b>s de Gonza i Gio<\/strong><\/p>\n\n\n\n<p class=\"wp-block-paragraph\">Entre les \u00faltimes renovacions anunciades es troben les del gran capit\u00e0, Rub\u00e9n Gonz\u00e1lez, Gonza, aix\u00ed com el porter Giovanni Ochando, Gio.<\/p>\n\n\n\n<p class=\"wp-block-paragraph\">Gonza defensar\u00e0 la samarreta del CD Bunyol una temporada m\u00e9s. &#8220;El &#8216;K\u00e0iser&#8217; del Bunyol complir\u00e0 la seua sisena temporada i continuar\u00e0 sent un pilar fonamental en el centre de la defensa. Tot un exemple, tant dins com fora del camp. Gonza, estem molt contents que continues defensant aquesta samarreta i que continues apostant pel projecte del CD Bunyol. Oh, capit\u00e0! El meu capit\u00e0!&#8221;, han manifestat des del club blanc.<\/p>\n\n\n\n<p class=\"wp-block-paragraph\">Per part seua, el porter Giovanni Ochando complir\u00e0 la seua tercera temporada en l&#8217;equip, &#8220;el jove porter s&#8217;est\u00e0 convertint en tot un veter\u00e0 de la plantilla i continuar\u00e0 lluitant una altra temporada m\u00e9s per a defensar la porteria del CD Bunyol. Gio, estem molt contents que continues apostant per nosaltres un any m\u00e9s&#8221;, han finalitzat des del CD Bunyol.<\/p>\n","protected":false},"excerpt":{"rendered":"<div class=\"mh-excerpt\">El Club Esportiu Bunyol segueix anunciat noves renovacions i incorporacions a les seues files de cara a la pr\u00f2xima temporada esportiva 2023-24. Entre les noves incorporacions destaca el lateral esquerre Didier de La Cruz. El <a class=\"mh-excerpt-more\" href=\"https:\/\/tucomarca.whitekongsoftware.com\/ca\/el-cd-bunyol-renova-al-seu-gran-capita-gonza-i-al-portera-giovanni-i-incorpora-al-lateral-esquerre-didier\/\" title=\"El CD Bunyol renova al seu gran capit\u00e0, Gonza, i al porter Giovanni; i incorpora al lateral esquerre Didier\">[+] <\/a><\/div>\n","protected":false},"author":1,"featured_media":189630,"comment_status":"open","ping_status":"open","sticky":false,"template":"","format":"standard","meta":{"footnotes":""},"categories":[10911,11015,11003,10894,10912,10896],"tags":[10913,11126,11074,11075,10914],"class_list":["post-189636","post","type-post","status-publish","format-standard","has-post-thumbnail","category-bunol-ca","category-canal-futbol","category-sports","category-la-comarca-ca","category-la-hoya-ca","category-seccion-ca","tag-bunol-ca","tag-cd-bunol-ca","tag-deportes-ca","tag-futbol-ca","tag-la-hoya-de-bunol-chiva-ca"],"_links":{"self":[{"href":"https:\/\/tucomarca.whitekongsoftware.com\/ca\/wp-json\/wp\/v2\/posts\/189636","targetHints":{"allow":["GET"]}}],"collection":[{"href":"https:\/\/tucomarca.whitekongsoftware.com\/ca\/wp-json\/wp\/v2\/posts"}],"about":[{"href":"https:\/\/tucomarca.whitekongsoftware.com\/ca\/wp-json\/wp\/v2\/types\/post"}],"author":[{"embeddable":true,"href":"https:\/\/tucomarca.whitekongsoftware.com\/ca\/wp-json\/wp\/v2\/users\/1"}],"replies":[{"embeddable":true,"href":"https:\/\/tucomarca.whitekongsoftware.com\/ca\/wp-json\/wp\/v2\/comments?post=189636"}],"version-history":[{"count":0,"href":"https:\/\/tucomarca.whitekongsoftware.com\/ca\/wp-json\/wp\/v2\/posts\/189636\/revisions"}],"wp:featuredmedia":[{"embeddable":true,"href":"https:\/\/tucomarca.whitekongsoftware.com\/ca\/wp-json\/wp\/v2\/media\/189630"}],"wp:attachment":[{"href":"https:\/\/tucomarca.whitekongsoftware.com\/ca\/wp-json\/wp\/v2\/media?parent=189636"}],"wp:term":[{"taxonomy":"category","embeddable":true,"href":"https:\/\/tucomarca.whitekongsoftware.com\/ca\/wp-json\/wp\/v2\/categories?post=189636"},{"taxonomy":"post_tag","embeddable":true,"href":"https:\/\/tucomarca.whitekongsoftware.com\/ca\/wp-json\/wp\/v2\/tags?post=189636"}],"curies":[{"name":"wp","href":"https:\/\/api.w.org\/{rel}","templated":true}]}}