{"id":189528,"date":"2023-06-24T12:00:00","date_gmt":"2023-06-24T11:00:00","guid":{"rendered":"https:\/\/www.tucomarca.com\/wordpress\/segunda\/?p=189528"},"modified":"2023-06-26T12:08:25","modified_gmt":"2023-06-26T11:08:25","slug":"riba-roja-aprova-lii-pla-municipal-digualtat-en-la-seua-lluita-per-aconseguir-lequitat-total-entre-homes-i-dones-en-la-localitat","status":"publish","type":"post","link":"https:\/\/tucomarca.whitekongsoftware.com\/ca\/riba-roja-aprova-lii-pla-municipal-digualtat-en-la-seua-lluita-per-aconseguir-lequitat-total-entre-homes-i-dones-en-la-localitat\/","title":{"rendered":"Riba-roja aprova l&#8217;II Pla Municipal d\u2019Igualtat en la seua lluita per aconseguir l&#8217;equitat total entre homes i dones en la localitat\u00a0"},"content":{"rendered":"\n<h3 class=\"wp-block-heading\">El ple municipal aprova aquesta iniciativa que tindr\u00e0 una vig\u00e8ncia que compr\u00e9n els anys 2023 a 2027 i que aplicar\u00e0 el car\u00e0cter transversal a totes les accions i iniciatives que es realitzen&nbsp;<\/h3>\n\n\n\n<p class=\"wp-block-paragraph\">El ple de l&#8217;Ajuntament de Riba-roja de T\u00faria ha aprovat l&#8217;II Pla Municipal d\u2019Igualtat amb l&#8217;objectiu d&#8217;aconseguir l&#8217;equitat total entre homes i dones en la localitat. El pla municipal t\u00e9 com a principals eixos program\u00e0tics la realitzaci\u00f3 de pol\u00edtiques cap a la promoci\u00f3 de la igualtat i una an\u00e0lisi sociodemogr\u00e0fica per a aproximar-se a la realitat social que es viu, actualment, en el municipi. Aquest pla s&#8217;ha aprovat amb els vots del govern del PSPV, l\u2019Esquerra, Podem Riba-roja Pot, Ciutadans i Comprom\u00eds, l&#8217;abstenci\u00f3 del PP i el vot en contra de Vox.&nbsp;<\/p>\n\n\n\n<p class=\"wp-block-paragraph\">El pla municipal tindr\u00e0 una vig\u00e8ncia temporal que abasta els anys 2023 fins a 2027 en els quals s&#8217;abordaran, de manera exhaustiva, les necessitats que es detecten en la localitat en termes d&#8217;igualtat entre homes i dones al llarg dels quatre anys de vig\u00e8ncia. Aquesta iniciativa p\u00fablica recull, a m\u00e9s, les fases i m\u00e8todes d&#8217;investigaci\u00f3 que s&#8217;apliquen per a crear un proc\u00e9s participatiu i col\u00b7laboratiu per a involucrar al conjunt de la poblaci\u00f3 de Riba-roja de T\u00faria en favor de la igualtat.&nbsp;<\/p>\n\n\n\n<p class=\"wp-block-paragraph\">El marc jur\u00eddic sota el qual es dur\u00e0 a terme el pla de Igualtat tindr\u00e0 en compte l&#8217;Objectiu de Desenvolupament Sostenible (ODS) en q\u00fcesti\u00f3 de la defensa dels drets de les dones, en el qual se subratlla la situaci\u00f3 i les metes de futur per a avan\u00e7ar cap a la igualtat efectiva. A m\u00e9s, en la redacci\u00f3 i elaboraci\u00f3 del pla municipal s&#8217;adoptaran, tamb\u00e9, els 17 ODS existents quant a la perspectiva de g\u00e8nere en la seua concepci\u00f3 transversal de tots ells.&nbsp;<\/p>\n\n\n\n<p class=\"wp-block-paragraph\">El pla municipal vetlar\u00e0 perqu\u00e8 les dones i els homes puguen participar plenament en la vida laboral, social, familiar i pol\u00edtica sense cap mena de cap discriminaci\u00f3 i amb la garantia d&#8217;una igualtat completa i en les mateixes condicions. Garantir la compatibilitat de la vida familiar i laboral ser\u00e0 un dels eixos fonamentals d&#8217;aquesta iniciativa municipal com a f\u00f3rmula essencial per a aconseguir la plena igualtat entre tots dos g\u00e8neres. Les \u00e0rees sobre les quals es treballar\u00e0 de manera transversal s\u00f3n economia i ocupaci\u00f3; conciliaci\u00f3 i corresponsabilitat; educaci\u00f3, cultura i teixit social; urbanisme; esport i salut; i, finalment, prevenci\u00f3 de la viol\u00e8ncia de g\u00e8nere.&nbsp;<br>Aquest II Pla d\u2019Igualtat 2023-2027 \u00e9s una continuaci\u00f3 i un aprofundiment del primer que abasta els anys 2018-2022 en el qual es tenia en compte set punts com a objectius de millora a Riba-roja de T\u00faria i que amb la realitzaci\u00f3 del futur pla es marca com a objectiu de desenvolupament l&#8217;ampliaci\u00f3 dels 7 als 12 punts de diagn\u00f2stic per a la localitat. A m\u00e9s, es tindran en compte l&#8217;Estatut d&#8217;Autonomia de la Comunitat Valenciana que vela per la participaci\u00f3 d&#8217;homes i dones en la vida laboral, social, familiar i pol\u00edtica sense discriminacions.&nbsp;<\/p>\n\n\n\n<p class=\"wp-block-paragraph\">Els principis fonamentals que serviran per a l&#8217;an\u00e0lisi i l&#8217;estudi de la desigualtat de g\u00e8nere a Riba-roja de T\u00faria es consolidaran sobre la transversalitat de g\u00e8nere en totes les accions i activitats pol\u00edtiques que es desenvolupen en un futur a Riba-roja de T\u00faria, sota la base primordial d&#8217;una sensibilitzaci\u00f3 efectiva en mat\u00e8ria d&#8217;igualtat. El car\u00e0cter inter-seccional alertar\u00e0 sobre les m\u00faltiples desigualtats que pateixen les dones, amb una visi\u00f3 oberta sobre les diferents problem\u00e0tiques que poden convergir en situacions de discriminaci\u00f3 quant a \u00e8tnia, religi\u00f3, g\u00e8nere, classes social i diversitat funcional.&nbsp;<\/p>\n\n\n\n<p class=\"wp-block-paragraph\">Altres aspectes que es completaran en l&#8217;elaboraci\u00f3 de l&#8217;II Pla tindran en compte la diversitat quant a la necessitat d&#8217;una major empatia i comprensi\u00f3 sobre les diferents realitats socials existents actualment. La participaci\u00f3 inclusiva, a m\u00e9s, s&#8217;unir\u00e0 amb la idea de permetre la m\u00e0xima participaci\u00f3 i col\u00b7laboraci\u00f3 de la pr\u00f2pia ciutadania, com a eix m\u00e0xim per a involucrar al conjunt de la poblaci\u00f3 local en la presa de les decisions que els afecten directament.&nbsp;<\/p>\n\n\n\n<p class=\"wp-block-paragraph\">Finalment, l&#8217;II Pla d\u2019Igualtat de Riba-roja de T\u00faria s&#8217;elaborar\u00e0 sota l&#8217;exercici democr\u00e0tic de la transpar\u00e8ncia com a element central en les estructures de les accions pol\u00edtiques que es duran a terme, amb una informaci\u00f3 i una exposici\u00f3 de les mesures com a f\u00f3rmula que ajuda a visibilitzar-les. En la comunicaci\u00f3 es prestar\u00e0 una atenci\u00f3 especial a la inclusi\u00f3 de la perspectiva de g\u00e8nere per a refor\u00e7ar l&#8217;equitat en el llenguatge i la seua presa en consideraci\u00f3 en la quotidianitat comunicativa.&nbsp;<\/p>\n\n\n\n<p class=\"wp-block-paragraph\">L&#8217;alcalde de Riba-roja de T\u00faria, Robert Raga, ha subratllat la necessitat d&#8217;elaborar i redactar aquest II Pla Municipal d\u2019Igualtat \u201ccom un eix fonamental per a aconseguir una major equitat entre homes i dones en la vida de la localitat ja que es tracta d&#8217;un comprom\u00eds d&#8217;aquest equip de govern que hem adoptat des de fa anys i en el qual hem de continuar aprofundint fins a la completa desaparici\u00f3 de qualsevol escletxa de discriminaci\u00f3 o desigualtat\u201d.<\/p>\n\n\n\n<p class=\"wp-block-paragraph\"><\/p>\n","protected":false},"excerpt":{"rendered":"<div class=\"mh-excerpt\">El ple municipal aprova aquesta iniciativa que tindr\u00e0 una vig\u00e8ncia que compr\u00e9n els anys 2023 a 2027 i que aplicar\u00e0 el car\u00e0cter transversal a totes les accions i iniciatives que es realitzen&nbsp; El ple de <a class=\"mh-excerpt-more\" href=\"https:\/\/tucomarca.whitekongsoftware.com\/ca\/riba-roja-aprova-lii-pla-municipal-digualtat-en-la-seua-lluita-per-aconseguir-lequitat-total-entre-homes-i-dones-en-la-localitat\/\" title=\"Riba-roja aprova l&#8217;II Pla Municipal d\u2019Igualtat en la seua lluita per aconseguir l&#8217;equitat total entre homes i dones en la localitat\u00a0\">[+] <\/a><\/div>\n","protected":false},"author":12,"featured_media":172512,"comment_status":"open","ping_status":"open","sticky":false,"template":"","format":"standard","meta":{"footnotes":""},"categories":[10892,10948,10894,10947,10906,10896],"tags":[10899,19424,15024],"class_list":["post-189528","post","type-post","status-publish","format-standard","has-post-thumbnail","category-camp-de-turia-ca","category-infraestructuras-ca","category-la-comarca-ca","category-politica","category-riba-roja-ca","category-seccion-ca","tag-camp-de-turia-ca","tag-ii-plan-municipal-de-igualdad-ca","tag-riba-roja-de-turia-ca"],"_links":{"self":[{"href":"https:\/\/tucomarca.whitekongsoftware.com\/ca\/wp-json\/wp\/v2\/posts\/189528","targetHints":{"allow":["GET"]}}],"collection":[{"href":"https:\/\/tucomarca.whitekongsoftware.com\/ca\/wp-json\/wp\/v2\/posts"}],"about":[{"href":"https:\/\/tucomarca.whitekongsoftware.com\/ca\/wp-json\/wp\/v2\/types\/post"}],"author":[{"embeddable":true,"href":"https:\/\/tucomarca.whitekongsoftware.com\/ca\/wp-json\/wp\/v2\/users\/12"}],"replies":[{"embeddable":true,"href":"https:\/\/tucomarca.whitekongsoftware.com\/ca\/wp-json\/wp\/v2\/comments?post=189528"}],"version-history":[{"count":0,"href":"https:\/\/tucomarca.whitekongsoftware.com\/ca\/wp-json\/wp\/v2\/posts\/189528\/revisions"}],"wp:featuredmedia":[{"embeddable":true,"href":"https:\/\/tucomarca.whitekongsoftware.com\/ca\/wp-json\/wp\/v2\/media\/172512"}],"wp:attachment":[{"href":"https:\/\/tucomarca.whitekongsoftware.com\/ca\/wp-json\/wp\/v2\/media?parent=189528"}],"wp:term":[{"taxonomy":"category","embeddable":true,"href":"https:\/\/tucomarca.whitekongsoftware.com\/ca\/wp-json\/wp\/v2\/categories?post=189528"},{"taxonomy":"post_tag","embeddable":true,"href":"https:\/\/tucomarca.whitekongsoftware.com\/ca\/wp-json\/wp\/v2\/tags?post=189528"}],"curies":[{"name":"wp","href":"https:\/\/api.w.org\/{rel}","templated":true}]}}