{"id":189440,"date":"2023-06-23T14:20:46","date_gmt":"2023-06-23T13:20:46","guid":{"rendered":"https:\/\/www.tucomarca.com\/wordpress\/segunda\/?p=189440"},"modified":"2023-06-23T14:20:50","modified_gmt":"2023-06-23T13:20:50","slug":"els-bombers-del-consorci-rescaten-a-un-obrer-caigut-en-una-fossa-a-betera","status":"publish","type":"post","link":"https:\/\/tucomarca.whitekongsoftware.com\/ca\/els-bombers-del-consorci-rescaten-a-un-obrer-caigut-en-una-fossa-a-betera\/","title":{"rendered":"Els bombers del Consorci rescaten a un obrer caigut en una fossa a B\u00e9tera"},"content":{"rendered":"\n<p class=\"wp-block-paragraph\">Efectius de bombers del Consorci han intervingut en el rescat d&#8217;un treballador de la construcci\u00f3 que ha patit una caiguda a la urbanitzaci\u00f3 Torre En Conill, a B\u00e9tera.&nbsp;<\/p>\n\n\n\n<p class=\"wp-block-paragraph\">L&#8217;av\u00eds s&#8217;ha rebut a les 08,06 h i fins all\u00ed s&#8217;han despla\u00e7at bombers de l&#8217;Eliana amb un sergent de Paterna. L&#8217;obrer havia caigut en una xicoteta fossa d&#8217;uns xalets en construcci\u00f3.&nbsp;<\/p>\n\n\n\n<p class=\"wp-block-paragraph\">L&#8217;obrer ha sigut traslladat a l&#8217;Hospital intermutual de Llevant.<\/p>\n\n\n\n<p class=\"wp-block-paragraph\"><\/p>\n","protected":false},"excerpt":{"rendered":"<div class=\"mh-excerpt\">Efectius de bombers del Consorci han intervingut en el rescat d&#8217;un treballador de la construcci\u00f3 que ha patit una caiguda a la urbanitzaci\u00f3 Torre En Conill, a B\u00e9tera.&nbsp; L&#8217;av\u00eds s&#8217;ha rebut a les 08,06 h <a class=\"mh-excerpt-more\" href=\"https:\/\/tucomarca.whitekongsoftware.com\/ca\/els-bombers-del-consorci-rescaten-a-un-obrer-caigut-en-una-fossa-a-betera\/\" title=\"Els bombers del Consorci rescaten a un obrer caigut en una fossa a B\u00e9tera\">[+] <\/a><\/div>\n","protected":false},"author":12,"featured_media":189439,"comment_status":"open","ping_status":"open","sticky":false,"template":"","format":"standard","meta":{"footnotes":""},"categories":[10937,10892,10894,10896,10897],"tags":[11202,10899,12834],"class_list":["post-189440","post","type-post","status-publish","format-standard","has-post-thumbnail","category-betera-ca","category-camp-de-turia-ca","category-la-comarca-ca","category-seccion-ca","category-sucesos-la-comarca-ca","tag-betera-ca","tag-camp-de-turia-ca","tag-consorcio-provincial-de-bomberos-de-valencia-ca"],"_links":{"self":[{"href":"https:\/\/tucomarca.whitekongsoftware.com\/ca\/wp-json\/wp\/v2\/posts\/189440","targetHints":{"allow":["GET"]}}],"collection":[{"href":"https:\/\/tucomarca.whitekongsoftware.com\/ca\/wp-json\/wp\/v2\/posts"}],"about":[{"href":"https:\/\/tucomarca.whitekongsoftware.com\/ca\/wp-json\/wp\/v2\/types\/post"}],"author":[{"embeddable":true,"href":"https:\/\/tucomarca.whitekongsoftware.com\/ca\/wp-json\/wp\/v2\/users\/12"}],"replies":[{"embeddable":true,"href":"https:\/\/tucomarca.whitekongsoftware.com\/ca\/wp-json\/wp\/v2\/comments?post=189440"}],"version-history":[{"count":0,"href":"https:\/\/tucomarca.whitekongsoftware.com\/ca\/wp-json\/wp\/v2\/posts\/189440\/revisions"}],"wp:featuredmedia":[{"embeddable":true,"href":"https:\/\/tucomarca.whitekongsoftware.com\/ca\/wp-json\/wp\/v2\/media\/189439"}],"wp:attachment":[{"href":"https:\/\/tucomarca.whitekongsoftware.com\/ca\/wp-json\/wp\/v2\/media?parent=189440"}],"wp:term":[{"taxonomy":"category","embeddable":true,"href":"https:\/\/tucomarca.whitekongsoftware.com\/ca\/wp-json\/wp\/v2\/categories?post=189440"},{"taxonomy":"post_tag","embeddable":true,"href":"https:\/\/tucomarca.whitekongsoftware.com\/ca\/wp-json\/wp\/v2\/tags?post=189440"}],"curies":[{"name":"wp","href":"https:\/\/api.w.org\/{rel}","templated":true}]}}