{"id":189312,"date":"2023-06-21T15:00:00","date_gmt":"2023-06-21T14:00:00","guid":{"rendered":"https:\/\/www.tucomarca.com\/wordpress\/segunda\/?p=189312"},"modified":"2023-06-21T19:42:40","modified_gmt":"2023-06-21T18:42:40","slug":"riba-roja-de-turia-redueix-latur-un-17-en-lultim-mes-i-augmenta-la-contractacio-laboral-un-altre-354-en-aconseguir-les-1-364-al-maig","status":"publish","type":"post","link":"https:\/\/tucomarca.whitekongsoftware.com\/ca\/riba-roja-de-turia-redueix-latur-un-17-en-lultim-mes-i-augmenta-la-contractacio-laboral-un-altre-354-en-aconseguir-les-1-364-al-maig\/","title":{"rendered":"Riba-roja de T\u00faria redueix l&#8217;atur un 1\u20197% en l&#8217;\u00faltim mes i augmenta la contractaci\u00f3 laboral un altre 35\u20194% en aconseguir les 1.364 al maig"},"content":{"rendered":"\n<h4 class=\"wp-block-heading\">La reducci\u00f3 del nivell d&#8217;atur s&#8217;ha redu\u00eft en els \u00faltims mesos amb 78 aturats menys en el que portem d&#8217;any i fins a 341 menys si es compara amb el mes de maig de l&#8217;any 2021&nbsp;<\/h4>\n\n\n\n<p class=\"wp-block-paragraph\">Riba-roja de T\u00faria ha rebaixat en un 1\u20197% la taxa d&#8217;atur en passar dels 1.359 aturats del mes d&#8217;abril als 1.336 del mes de maig passats, \u00e9s a dir, una reducci\u00f3 de 23 persones en aquest per\u00edode de temps, segons les xifres donades a con\u00e9ixer per Labora, l&#8217;entitat dependent de la Generalitat Valenciana encarregada de l&#8217;ocupaci\u00f3 i la formaci\u00f3 en l&#8217;\u00e0mbit de la Comunitat Valenciana.&nbsp;<\/p>\n\n\n\n<p class=\"wp-block-paragraph\">Amb les \u00faltimes xifres conegudes, l&#8217;atur al llarg del present any s&#8217;ha redu\u00eft en 78 persones des de gener amb 1.414 aturats als actuals 1.336 aturats a Riba-roja de T\u00faria. Si es compara amb els aturats existents al maig de l&#8217;any 2021, la disminuci\u00f3 \u00e9s encara major, amb 341 menys, en passar dels 1.677 en aquell moment als 1.336 de l&#8217;actualitat. Es tracta d&#8217;una de les reduccions d&#8217;atur m\u00e9s importants en la localitat durant els \u00faltims anys.&nbsp;<\/p>\n\n\n\n<p class=\"wp-block-paragraph\">L&#8217;evoluci\u00f3 del nivell d&#8217;atur a Riba-roja de T\u00faria segueix el ritme de la resta de la Comunitat Valenciana en la qual l&#8217;atur s&#8217;ha redu\u00eft en 4.526 persones en el mateix per\u00edode de temps mentre que a Espanya s&#8217;ha aconseguit un r\u00e8cord de fins a 20\u20198 milions d&#8217;ocupacions, una de les xifres m\u00e9s positives des de l&#8217;any 2008. L&#8217;atur en la Comunitat s&#8217;ha redu\u00eft en un 1\u201935% si es compara amb el mes anterior i del 6\u201918% respecte de maig de l&#8217;any 2022.&nbsp;<\/p>\n\n\n\n<p class=\"wp-block-paragraph\">Per sectors d&#8217;activitat, els demandants d&#8217;ocupaci\u00f3 a Riba-roja de T\u00faria es classifiquen en els 1.008 de l&#8217;\u00e0mbit dels serveis, altres 157 del sector de la ind\u00fastria, altres 97 de la construcci\u00f3, 29 de l&#8217;agricultura i, finalment, 45 aturats sense un sector d&#8217;activitat definit. En grups d&#8217;edat, una gran majoria dels aturats -793 sobre el total- t\u00e9 m\u00e9s de 44 anys, seguits dels 450 que tenen entre 25 i 44 anys i, finalment, altres 93 s\u00f3n menors de 25 anys.&nbsp;<\/p>\n\n\n\n<p class=\"wp-block-paragraph\">Quant a grups per edat i sexe, el grup de dones de m\u00e9s de 44 anys \u00e9s el m\u00e9s elevat amb un total de 504 parades, seguit de les 296 dones d&#8217;entre 25 i 44 anys que s&#8217;eleven a les 296 parades, a m\u00e9s de 289 homes de m\u00e9s de 44 anys, altres 154 homes d&#8217;entre 25 i 44 anys i, finalment, 58 homes menors de 25 anys i altres 35 dones, tamb\u00e9, menors de 25 anys, tal com es reflecteixen en les estad\u00edstiques de Labora.&nbsp;<\/p>\n\n\n\n<p class=\"wp-block-paragraph\">Quant als grups d&#8217;ocupaci\u00f3, una gran majoria dels demandants d&#8217;ocupaci\u00f3 actuals a Riba-roja de T\u00faria corresponen a ocupacions elementals amb 364 en total, altres 300 persones estan englobades en treballadors dels serveis de restauraci\u00f3, personals, protecci\u00f3 i venedors, altres 183 empleats comptables, administratius i altres ocupacions d&#8217;oficina, 156 s\u00f3n artesans i treballadors qualificats de les ind\u00fastries manufactureres i la construcci\u00f3, i 122 s\u00f3n t\u00e8cnics i professionals de suport, entre altres existents.&nbsp;<\/p>\n\n\n\n<p class=\"wp-block-paragraph\">Per nivell formatiu, un total de 464 aturats han realitzat una primera etapa d&#8217;educaci\u00f3 secund\u00e0ria sense un t\u00edtol de graduat escolar o equivalent, altres 376 han realitzat la mateixa etapa formativa per\u00f2 s\u00ed que disposen del corresponent t\u00edtol, altres 108 aturats tenen ensenyaments de grau mitj\u00e0 de formaci\u00f3 professional espec\u00edfica, arts pl\u00e0stiques i disseny i esportives, a m\u00e9s de 96 amb estudis de batxillerat, 58 han cursat estudis primaris complets i 34 han realitzat ensenyaments universitaris de primer i segon cicle, llicenciats.&nbsp;<\/p>\n\n\n\n<p class=\"wp-block-paragraph\">L&#8217;alcalde de Riba-roja de T\u00faria, Robert Raga, ha afirmat que aquestes xifres conegudes \u201canimen a continuar progressant i millorant en la creaci\u00f3 d&#8217;ocupaci\u00f3 i treball entre els ve\u00efns i les ve\u00efnes de la nostra localitat, amb una aposta clara per donar suport a la creaci\u00f3 d&#8217;empreses i de nous emprenedors, com una de les claus per a rebaixar el nombre d&#8217;aturats que segueix una tend\u00e8ncia molt positiva experimentada al llarg dels \u00faltims mesos\u201d.<\/p>\n\n\n\n<p class=\"wp-block-paragraph\"><\/p>\n","protected":false},"excerpt":{"rendered":"<div class=\"mh-excerpt\">La reducci\u00f3 del nivell d&#8217;atur s&#8217;ha redu\u00eft en els \u00faltims mesos amb 78 aturats menys en el que portem d&#8217;any i fins a 341 menys si es compara amb el mes de maig de l&#8217;any <a class=\"mh-excerpt-more\" href=\"https:\/\/tucomarca.whitekongsoftware.com\/ca\/riba-roja-de-turia-redueix-latur-un-17-en-lultim-mes-i-augmenta-la-contractacio-laboral-un-altre-354-en-aconseguir-les-1-364-al-maig\/\" title=\"Riba-roja de T\u00faria redueix l&#8217;atur un 1\u20197% en l&#8217;\u00faltim mes i augmenta la contractaci\u00f3 laboral un altre 35\u20194% en aconseguir les 1.364 al maig\">[+] <\/a><\/div>\n","protected":false},"author":12,"featured_media":189311,"comment_status":"open","ping_status":"open","sticky":false,"template":"","format":"standard","meta":{"footnotes":""},"categories":[10892,10948,10894,10947,10906,10896],"tags":[10899,16295,15024],"class_list":["post-189312","post","type-post","status-publish","format-standard","has-post-thumbnail","category-camp-de-turia-ca","category-infraestructuras-ca","category-la-comarca-ca","category-politica","category-riba-roja-ca","category-seccion-ca","tag-camp-de-turia-ca","tag-reduccion-del-paro-ca","tag-riba-roja-de-turia-ca"],"_links":{"self":[{"href":"https:\/\/tucomarca.whitekongsoftware.com\/ca\/wp-json\/wp\/v2\/posts\/189312","targetHints":{"allow":["GET"]}}],"collection":[{"href":"https:\/\/tucomarca.whitekongsoftware.com\/ca\/wp-json\/wp\/v2\/posts"}],"about":[{"href":"https:\/\/tucomarca.whitekongsoftware.com\/ca\/wp-json\/wp\/v2\/types\/post"}],"author":[{"embeddable":true,"href":"https:\/\/tucomarca.whitekongsoftware.com\/ca\/wp-json\/wp\/v2\/users\/12"}],"replies":[{"embeddable":true,"href":"https:\/\/tucomarca.whitekongsoftware.com\/ca\/wp-json\/wp\/v2\/comments?post=189312"}],"version-history":[{"count":0,"href":"https:\/\/tucomarca.whitekongsoftware.com\/ca\/wp-json\/wp\/v2\/posts\/189312\/revisions"}],"wp:featuredmedia":[{"embeddable":true,"href":"https:\/\/tucomarca.whitekongsoftware.com\/ca\/wp-json\/wp\/v2\/media\/189311"}],"wp:attachment":[{"href":"https:\/\/tucomarca.whitekongsoftware.com\/ca\/wp-json\/wp\/v2\/media?parent=189312"}],"wp:term":[{"taxonomy":"category","embeddable":true,"href":"https:\/\/tucomarca.whitekongsoftware.com\/ca\/wp-json\/wp\/v2\/categories?post=189312"},{"taxonomy":"post_tag","embeddable":true,"href":"https:\/\/tucomarca.whitekongsoftware.com\/ca\/wp-json\/wp\/v2\/tags?post=189312"}],"curies":[{"name":"wp","href":"https:\/\/api.w.org\/{rel}","templated":true}]}}