{"id":189200,"date":"2023-06-20T12:00:00","date_gmt":"2023-06-20T11:00:00","guid":{"rendered":"https:\/\/www.tucomarca.com\/wordpress\/segunda\/?p=189200"},"modified":"2023-06-20T21:23:54","modified_gmt":"2023-06-20T20:23:54","slug":"xest-inicia-el-cicle-de-serenates-2023","status":"publish","type":"post","link":"https:\/\/tucomarca.whitekongsoftware.com\/ca\/xest-inicia-el-cicle-de-serenates-2023\/","title":{"rendered":"Xest inicia el cicle de Serenates 2023"},"content":{"rendered":"\n<p class=\"wp-block-paragraph\">Com cada any, la pla\u00e7a Doctor Cajal de Xest acollir\u00e0 diferents concerts emmarcats en el cicle de Serenates que s&#8217;organitza tots els estius des de la Regidoria de Cultura. Les actuacions estan distribu\u00efdes entre l&#8217;\u00faltim cap de setmana de juny i els tres seg\u00fcents del mes de juliol, per a finalitzar el dissabte, 15 de juliol.\u00a0<br>Aix\u00ed doncs, el diumenge dia 25 de juny a les 20.30, la banda Swing from the bottom obrir\u00e0 el cicle, amb un repertori que abastar\u00e0 est\u00e0ndards de jazz i swing des dels anys 20 als anys 50, amb pinzellades de latin jazz.<br>El mes de juliol s&#8217;obrir\u00e0 amb la segona serenata, programada per al dissabte 1 de juliol, que ser\u00e0 a c\u00e0rrec del Centre de perfeccionament del Palau de les Arts, un opera studio que t\u00e9 com a objectiu promoure una formaci\u00f3 professional d&#8217;alt nivell dirigida a joves cantants i m\u00fasics procedents d&#8217;Espanya i de la resta del m\u00f3n.\u00a0<br>El dissabte 8 de juliol, en la mateixa pla\u00e7a Doctor Cajal, a les 22.30, el p\u00fablic podr\u00e0 gaudir de l&#8217;actuaci\u00f3 de la Banda Juvenil de l&#8217;Associaci\u00f3 Musical La Lira de Xest i de Banda Juvenil de Patraix, sota les batutes de Gustavo Lopez Aceituno i Juan Antonio P\u00e9rez Pardo, respectivament.<br>Per a tancar el cicle de serenates d&#8217;estiu 2023, el 15 de juliol, dissabte, a les 22.30, se celebrar\u00e0 el concert de clausura de l&#8217;I Curs de direcci\u00f3 de bandes de Xest. Aquesta actuaci\u00f3 ser\u00e0 la posada en pr\u00e0ctica de l&#8217;apr\u00e9s despr\u00e9s d&#8217;una formaci\u00f3 que impartir\u00e0 Dario Sotelo, director de la Banda Simf\u00f2nica de l&#8217;Escola Municipal de M\u00fasica de S\u00e3o Paulo, del 10 al 15 de juliol.<br>Aquest curs, dirigit a directors i directores de banda, orquestres i\/o ensembles, estudiants de Grau Superior de M\u00fasica, i m\u00fasics i m\u00fasiques professionals amb experi\u00e8ncia en la direcci\u00f3, est\u00e0 organitzat per la Regidoria de Cultura i l&#8217;Associaci\u00f3 Musical La Lira de Xest, amb la finalitat d&#8217;oferir als participants una nova perspectiva del m\u00f3n de la direcci\u00f3 de banda, aix\u00ed com donar con\u00e9ixer el repertori i el funcionament de les bandes al Brasil.<\/p>\n","protected":false},"excerpt":{"rendered":"<div class=\"mh-excerpt\">Com cada any, la pla\u00e7a Doctor Cajal de Xest acollir\u00e0 diferents concerts emmarcats en el cicle de Serenates que s&#8217;organitza tots els estius des de la Regidoria de Cultura. Les actuacions estan distribu\u00efdes entre l&#8217;\u00faltim <a class=\"mh-excerpt-more\" href=\"https:\/\/tucomarca.whitekongsoftware.com\/ca\/xest-inicia-el-cicle-de-serenates-2023\/\" title=\"Xest inicia el cicle de Serenates 2023\">[+] <\/a><\/div>\n","protected":false},"author":12,"featured_media":189199,"comment_status":"open","ping_status":"open","sticky":false,"template":"","format":"standard","meta":{"footnotes":""},"categories":[11019,11005,10894,10912,11007,10896,10974],"tags":[11071,10914,19400],"class_list":["post-189200","post","type-post","status-publish","format-standard","has-post-thumbnail","category-agenda-ca","category-canal-musica","category-la-comarca-ca","category-la-hoya-ca","category-ocio-y-cultura-ca","category-seccion-ca","category-cheste-ca","tag-cheste","tag-la-hoya-de-bunol-chiva-ca","tag-serenatas-2023-ca"],"_links":{"self":[{"href":"https:\/\/tucomarca.whitekongsoftware.com\/ca\/wp-json\/wp\/v2\/posts\/189200","targetHints":{"allow":["GET"]}}],"collection":[{"href":"https:\/\/tucomarca.whitekongsoftware.com\/ca\/wp-json\/wp\/v2\/posts"}],"about":[{"href":"https:\/\/tucomarca.whitekongsoftware.com\/ca\/wp-json\/wp\/v2\/types\/post"}],"author":[{"embeddable":true,"href":"https:\/\/tucomarca.whitekongsoftware.com\/ca\/wp-json\/wp\/v2\/users\/12"}],"replies":[{"embeddable":true,"href":"https:\/\/tucomarca.whitekongsoftware.com\/ca\/wp-json\/wp\/v2\/comments?post=189200"}],"version-history":[{"count":0,"href":"https:\/\/tucomarca.whitekongsoftware.com\/ca\/wp-json\/wp\/v2\/posts\/189200\/revisions"}],"wp:featuredmedia":[{"embeddable":true,"href":"https:\/\/tucomarca.whitekongsoftware.com\/ca\/wp-json\/wp\/v2\/media\/189199"}],"wp:attachment":[{"href":"https:\/\/tucomarca.whitekongsoftware.com\/ca\/wp-json\/wp\/v2\/media?parent=189200"}],"wp:term":[{"taxonomy":"category","embeddable":true,"href":"https:\/\/tucomarca.whitekongsoftware.com\/ca\/wp-json\/wp\/v2\/categories?post=189200"},{"taxonomy":"post_tag","embeddable":true,"href":"https:\/\/tucomarca.whitekongsoftware.com\/ca\/wp-json\/wp\/v2\/tags?post=189200"}],"curies":[{"name":"wp","href":"https:\/\/api.w.org\/{rel}","templated":true}]}}