{"id":189193,"date":"2023-06-20T07:00:00","date_gmt":"2023-06-20T06:00:00","guid":{"rendered":"https:\/\/www.tucomarca.com\/wordpress\/segunda\/?p=189193"},"modified":"2023-06-20T21:05:07","modified_gmt":"2023-06-20T20:05:07","slug":"lhospital-de-manises-renova-la-certificacio-de-geteccu-de-la-seua-unitat-de-malaltia-inflamatoria-intestinal","status":"publish","type":"post","link":"https:\/\/tucomarca.whitekongsoftware.com\/ca\/lhospital-de-manises-renova-la-certificacio-de-geteccu-de-la-seua-unitat-de-malaltia-inflamatoria-intestinal\/","title":{"rendered":"L&#8217;Hospital de Manises renova la certificaci\u00f3 de GETECCU de la seua Unitat de Malaltia Inflamat\u00f2ria Intestinal"},"content":{"rendered":"\n<p class=\"wp-block-paragraph\">Aquest reconeixement permet que el centre sanitari continue sent centre d&#8217;excel\u00b7l\u00e8ncia en la Comunitat Valenciana en l&#8217;\u00e0mbit assistencial, docent i investigador en aquesta especialitat<br>La Unitat d&#8217;Atenci\u00f3 Integral a pacients amb Malaltia Inflamat\u00f2ria Intestinal de l&#8217;Hospital del Manises at\u00e9n anualment unes 1.500 persones<\/p>\n\n\n\n<p class=\"wp-block-paragraph\">La Unitat d&#8217;Atenci\u00f3 Integral a pacients amb malaltia inflamat\u00f2ria intestinal (EII) de l&#8217;Hospital del Manises, ha renovat la certificaci\u00f3 de qualitat que concedeix el Grup Espanyol de Treball en Malaltia de Crohn i Colitis Ulcerosa (GETECCU).<\/p>\n\n\n\n<p class=\"wp-block-paragraph\">Es tracta d&#8217;un reconeixement a l&#8217;excel\u00b7l\u00e8ncia de la Unitat d&#8217;Atenci\u00f3 Integral a pacients amb EII, una distinci\u00f3 que situa al centre sanitari com a hospital de refer\u00e8ncia i reconeix la qualitat assistencial i investigadora desenvolupada per la unitat.<\/p>\n\n\n\n<p class=\"wp-block-paragraph\">El Programa de Certificaci\u00f3 de les Unitats d&#8217;Atenci\u00f3 Integral a pacients amb EII (CUE) \u00e9s un projecte desenvolupat i impulsat per GETECCU, societat espanyola per a l&#8217;estudi i investigaci\u00f3 de la Malaltia Inflamat\u00f2ria Intestinal.<\/p>\n\n\n\n<p class=\"wp-block-paragraph\">L&#8217;objectiu \u00e9s recon\u00e9ixer a aquelles Unitats de EII del pa\u00eds que asseguren la millor prestaci\u00f3 assistencial a pacients amb aquesta malaltia. \u00c9s considerat el major reconeixement per a aquestes Unitats a la seua labor en l&#8217;atenci\u00f3 de la EII a Espanya, situant-les com a referent a nivell regional i nacional.<\/p>\n\n\n\n<p class=\"wp-block-paragraph\">Aquest reconeixement permet que el centre sanitari continue sent centre d&#8217;excel\u00b7l\u00e8ncia en la Comunitat Valenciana en l&#8217;\u00e0mbit assistencial, docent i investigador en aquesta especialitat. Com explica la presidenta de GETECCU, la Dra. Ana Guti\u00e9rrez Casbas, \u201cen GETECCU, tenim un fort comprom\u00eds amb millorar la qualitat de vida de les persones afectades per la EII i per a logarlo la clau est\u00e0 a garantir l&#8217;excel\u00b7l\u00e8ncia assistencial. A trav\u00e9s d&#8217;aquest programa de certificacions analitzem, de manera objectiva i sistematitzada, la qualitat de l&#8217;assist\u00e8ncia prestada, identificant \u00e0rees de millora. D&#8217;aquesta manera, ens assegurem que l&#8217;atenci\u00f3 que reben els pacients siga sin\u00f2nim d&#8217;homogene\u00eftat i excel\u00b7l\u00e8ncia\u201d.<\/p>\n\n\n\n<p class=\"wp-block-paragraph\"><strong>Unitat de refer\u00e8ncia<\/strong><\/p>\n\n\n\n<p class=\"wp-block-paragraph\">L&#8217;Hospital de Manises va ser el primer centre de la Comunitat Valenciana a obtindre aquest certificat en 2017 i el segon d&#8217;Espanya al costat de l&#8217;Hospital Universitari de La Princesa de Madrid, la qual cosa reconeix la qualitat assistencial i investigadora desenvolupada per la Unitat dirigida actualment per la Dra. Nuria Maroto, coordinadora de la Unitat i el Dr. Javier Lizarraga, cap de Servei de Medicina Digestiva de l&#8217;Hospital de Manises.&nbsp;<\/p>\n\n\n\n<p class=\"wp-block-paragraph\">El Dr. Lizarraga ha destacat la import\u00e0ncia d&#8217;aquesta acreditaci\u00f3 i ha assegurat que \u201cla labor dels integrants de la Unitat est\u00e0 centrada en millorar la qualitat de vida dels pacients, apostant per un tractament multidisciplinari, personalitzat i amb els \u00faltims avan\u00e7os cient\u00edfics\u201d.&nbsp;<\/p>\n\n\n\n<p class=\"wp-block-paragraph\">La Unitat at\u00e9n cada any a uns 1.500 pacients dels quals el 60% s\u00f3n pacients amb malaltia de Crohn i un altre 40% de&nbsp;colitis&nbsp;ulcerosa, malalties que cada any afecten m\u00e9s de 15.000 valencians i cada vegada \u00e9s major el nombre de joves i adolescents que les pateixen. Des de la seua posada en funcionament, la Unitat ha at\u00e9s a prop de 16.000 pacients.<\/p>\n\n\n\n<p class=\"wp-block-paragraph\"><strong>Sobre la EII<\/strong><\/p>\n\n\n\n<p class=\"wp-block-paragraph\">La EII es defineix com un grup de trastorns inflamatoris que engloba dues entitats fonamentals: la malaltia de Crohn i la colitis ulcerosa. Es tracta d&#8217;una patologia de causa desconeguda per\u00f2 mediada immunol\u00f2gicament, i els s\u00edmptomes de la qual s\u00f3n molt variats i solen incloure la diarrea o el dolor abdominal, arribant a vegades a requerir cirurgia o ser incapacitants per als pacients.<\/p>\n\n\n\n<p class=\"wp-block-paragraph\">El debut de la malaltia sol ser en edats joves i durant el seu desenvolupament es poden presentar complicacions, tant intestinals (oclusi\u00f3 intestinal, defici\u00e8ncies nutricionals i les seues conseq\u00fc\u00e8ncies, etc.), com extraintestinales (dermatol\u00f2giques, reumatol\u00f2giques, oculars i hepatobiliars, entre altres). L&#8217;aparici\u00f3 dels s\u00edmptomes de la malaltia \u00e9s impredictible, amb per\u00edodes d&#8217;abs\u00e8ncia de s\u00edmptomes i brots i, en molts casos, arriben a requerir hospitalitzacions i intervencions quir\u00fargiques. La cronicitat, variabilitat i imprevisibilitat de la malaltia, els controls peri\u00f2dics, un tractament farmacol\u00f2gic continuat i la possible necessitat d&#8217;exploracions endosc\u00f2piques o intervencions quir\u00fargiques, tenen una gran repercussi\u00f3 en la vida familiar, laboral i social del pacient, i condicionen considerablement la seua percepci\u00f3 de salut i la seua qualitat de vida.<\/p>\n\n\n\n<p class=\"wp-block-paragraph\">Malgrat els avan\u00e7os, encara existeixen importants necessitats no cobertes per a les persones que viuen amb malaltia de Crohn i colitis ulcerosa. Aquestes necessitats se centren en disposar de noves opcions terap\u00e8utiques m\u00e9s eficaces que permeten prolongar la resposta dels pacients als tractaments i oferir solucions a tot l&#8217;ampli espectre de pacients, millors eines de detecci\u00f3 i un diagn\u00f2stic m\u00e9s primerenc. A m\u00e9s, els pacients tamb\u00e9 busquen continuar optimitzant el maneig de la EII amb l&#8217;objectiu de beneficiar la seua qualitat de vida i que la patologia no afecte ni limite el seu dia a dia, una major comprensi\u00f3 i consci\u00e8ncia p\u00fablica i continuar centrant-se en con\u00e9ixer m\u00e9s sobre la EII, encara desconeguda en uns certs aspectes relacionats amb les seues causes, evoluci\u00f3, abordatge, etc.<\/p>\n\n\n\n<p class=\"wp-block-paragraph\"><\/p>\n","protected":false},"excerpt":{"rendered":"<div class=\"mh-excerpt\">Aquest reconeixement permet que el centre sanitari continue sent centre d&#8217;excel\u00b7l\u00e8ncia en la Comunitat Valenciana en l&#8217;\u00e0mbit assistencial, docent i investigador en aquesta especialitatLa Unitat d&#8217;Atenci\u00f3 Integral a pacients amb Malaltia Inflamat\u00f2ria Intestinal de l&#8217;Hospital <a class=\"mh-excerpt-more\" href=\"https:\/\/tucomarca.whitekongsoftware.com\/ca\/lhospital-de-manises-renova-la-certificacio-de-geteccu-de-la-seua-unitat-de-malaltia-inflamatoria-intestinal\/\" title=\"L&#8217;Hospital de Manises renova la certificaci\u00f3 de GETECCU de la seua Unitat de Malaltia Inflamat\u00f2ria Intestinal\">[+] <\/a><\/div>\n","protected":false},"author":12,"featured_media":125766,"comment_status":"open","ping_status":"open","sticky":false,"template":"","format":"standard","meta":{"footnotes":""},"categories":[10973,10911,10892,11010,10898,10977,10980,10948,10894,10912,10902,10931,10978,10906,10896,11047,10974,10975],"tags":[11092],"class_list":["post-189193","post","type-post","status-publish","format-standard","has-post-thumbnail","category-alborache-ca","category-bunol-ca","category-camp-de-turia-ca","category-canal-salud","category-ventana-ca","category-godelleta-ca","category-yatova-ca","category-infraestructuras-ca","category-la-comarca-ca","category-la-hoya-ca","category-la-ribera-ca","category-loriguilla-ca","category-macastre-ca","category-riba-roja-ca","category-seccion-ca","category-turis-ca","category-cheste-ca","category-chiva-ca","tag-hospital-de-manises-ca"],"_links":{"self":[{"href":"https:\/\/tucomarca.whitekongsoftware.com\/ca\/wp-json\/wp\/v2\/posts\/189193","targetHints":{"allow":["GET"]}}],"collection":[{"href":"https:\/\/tucomarca.whitekongsoftware.com\/ca\/wp-json\/wp\/v2\/posts"}],"about":[{"href":"https:\/\/tucomarca.whitekongsoftware.com\/ca\/wp-json\/wp\/v2\/types\/post"}],"author":[{"embeddable":true,"href":"https:\/\/tucomarca.whitekongsoftware.com\/ca\/wp-json\/wp\/v2\/users\/12"}],"replies":[{"embeddable":true,"href":"https:\/\/tucomarca.whitekongsoftware.com\/ca\/wp-json\/wp\/v2\/comments?post=189193"}],"version-history":[{"count":0,"href":"https:\/\/tucomarca.whitekongsoftware.com\/ca\/wp-json\/wp\/v2\/posts\/189193\/revisions"}],"wp:featuredmedia":[{"embeddable":true,"href":"https:\/\/tucomarca.whitekongsoftware.com\/ca\/wp-json\/wp\/v2\/media\/125766"}],"wp:attachment":[{"href":"https:\/\/tucomarca.whitekongsoftware.com\/ca\/wp-json\/wp\/v2\/media?parent=189193"}],"wp:term":[{"taxonomy":"category","embeddable":true,"href":"https:\/\/tucomarca.whitekongsoftware.com\/ca\/wp-json\/wp\/v2\/categories?post=189193"},{"taxonomy":"post_tag","embeddable":true,"href":"https:\/\/tucomarca.whitekongsoftware.com\/ca\/wp-json\/wp\/v2\/tags?post=189193"}],"curies":[{"name":"wp","href":"https:\/\/api.w.org\/{rel}","templated":true}]}}