{"id":189078,"date":"2023-06-19T12:00:00","date_gmt":"2023-06-19T11:00:00","guid":{"rendered":"https:\/\/www.tucomarca.com\/wordpress\/segunda\/?p=189078"},"modified":"2023-06-19T13:45:47","modified_gmt":"2023-06-19T12:45:47","slug":"el-popular-david-gras-seguira-al-capdavant-de-lalcaldia-de-cortes-de-pallas-amb-el-suport-de-porvenir-pxv","status":"publish","type":"post","link":"https:\/\/tucomarca.whitekongsoftware.com\/ca\/el-popular-david-gras-seguira-al-capdavant-de-lalcaldia-de-cortes-de-pallas-amb-el-suport-de-porvenir-pxv\/","title":{"rendered":"El popular David Gras seguir\u00e0 al capdavant de l&#8217;alcaldia de Cortes de Pall\u00e1s amb el suport de Porvenir (PXV)"},"content":{"rendered":"\n<p class=\"wp-block-paragraph\">El popular David Gras seguir\u00e0 al capdavant de l&#8217;alcaldia de Cortes de Pall\u00e1s durant els pr\u00f2xims dos anys i mig gr\u00e0cies al suport dels regidors del Partit Popular i de la formaci\u00f3 Porvenir (PXV), despr\u00e9s de reeditar totes dues agrupacions el pacte de govern subscrit la passada legislatura i en el qual les dues forces pol\u00edtiques ja van compartir l&#8217;alcaldia.\u00a0<\/p>\n\n\n\n<p class=\"wp-block-paragraph\">Una legislatura l&#8217;anterior &#8220;en la qual ja va haver-hi molt bona sintonia i es va treballar molt ben junts&#8221;, com ha destacat el cap de llista de Porvenir, David Herrera, qui accedir\u00e0 a l&#8217;alcaldia l&#8217;\u00faltim any i mig de la legislatura que ara s&#8217;inicia.<\/p>\n\n\n\n<p class=\"wp-block-paragraph\">Despr\u00e9s de l&#8217;escrutini, a Cortes de Pall\u00e1s el Partit Popular, liderat per David Gras, ha sigut la formaci\u00f3 m\u00e9s votada en aquestes eleccions municipals en obtindre 3 regidors; els va seguir Porvenir amb 2 regidors; i el PSPV-PSOE amb 2 regidors.<\/p>\n\n\n\n<p class=\"wp-block-paragraph\">Durant la seua presa de possessi\u00f3, David Gras ha volgut remarcar &#8220;la responsabilitat que assumisc en guiar aquest bell poble cap a un futur ple d&#8217;esperan\u00e7a i prosperitat&#8221;; aix\u00ed com &#8220;agrair el suport incondicional de la meua fam\u00edlia, amics i a tots els que han confiat en nosaltres i ens han brindat el seu suport. El vostre vot i la vostra confian\u00e7a s\u00f3n el motor que impulsa el nostre comprom\u00eds de servir-vos amb honestedat, integritat i dedicaci\u00f3. Promet ser la vostra veu, el vostre defensor i el vostre representant en cada decisi\u00f3 que es prenga en benefici del nostre poble&#8221;, tal com va manifestar David Gras.<\/p>\n\n\n\n<p class=\"wp-block-paragraph\">El reelegit alcalde tamb\u00e9 ha tingut la gentilesa de &#8220;felicitar a tots els regidors que conformen la nova corporaci\u00f3 i acomiadar als que deixen de ser-ho, especialment a Pepe Molt\u00f3 per la seua labor com a servidor p\u00fablic de Corts durant tants anys&#8221;, segons va dir.<\/p>\n\n\n\n<p class=\"wp-block-paragraph\">En el seu discurs de presa de possessi\u00f3, David Gras va ressaltar am\u00e9s que ara &#8220;comen\u00e7a una nova legislatura, on el futur equip de govern ens comprometem a treballar incansablement pel benestar de tots els ve\u00efns de Cortes de Pall\u00e1s. Com ja sabeu, continuem governant en coalici\u00f3, perqu\u00e8 aix\u00ed ho heu volgut i perqu\u00e8 tenim la capacitat d&#8217;entendre&#8217;ns i ens uneix l&#8217;amor per veure cr\u00e9ixer el nostre poble&#8221;.<\/p>\n\n\n\n<p class=\"wp-block-paragraph\">&#8220;Per\u00f2 no podem fer tot aix\u00f2 sols. El meu major desig hui \u00e9s que us uniu a nosaltres en aquest viatge. Junts podem aconseguir grans coses. Convide a cadascun de vosaltres a participar activament en el desenvolupament del nostre poble, a aportar les vostres idees, els vostres coneixements i la vostra passi\u00f3. Cada veu compta i som ac\u00ed per a escoltar-vos. Finalment, dir-vos que hui ens embarquem en un nou cap\u00edtol de la nostra hist\u00f2ria. Un cap\u00edtol ple de promeses i desafiaments, per\u00f2 tamb\u00e9 d&#8217;oportunitats infinites. Com a alcalde, estic comprom\u00e9s a liderar aquest poble cap a un futur brillant, on tots puguem viure en pau, prosperitat i harmonia&#8221;, tal com va finalitzar David Gras el seu discurs.<\/p>\n","protected":false},"excerpt":{"rendered":"<div class=\"mh-excerpt\">El popular David Gras seguir\u00e0 al capdavant de l&#8217;alcaldia de Cortes de Pall\u00e1s durant els pr\u00f2xims dos anys i mig gr\u00e0cies al suport dels regidors del Partit Popular i de la formaci\u00f3 Porvenir (PXV), despr\u00e9s <a class=\"mh-excerpt-more\" href=\"https:\/\/tucomarca.whitekongsoftware.com\/ca\/el-popular-david-gras-seguira-al-capdavant-de-lalcaldia-de-cortes-de-pallas-amb-el-suport-de-porvenir-pxv\/\" title=\"El popular David Gras seguir\u00e0 al capdavant de l&#8217;alcaldia de Cortes de Pall\u00e1s amb el suport de Porvenir (PXV)\">[+] <\/a><\/div>\n","protected":false},"author":12,"featured_media":189052,"comment_status":"open","ping_status":"open","sticky":false,"template":"","format":"standard","meta":{"footnotes":""},"categories":[10951,10953,19312,19311,10898,10948,10894,10904,10947,10896],"tags":[11230,11344,19391,11440],"class_list":["post-189078","post","type-post","status-publish","format-standard","has-post-thumbnail","category-ayora-cofrentes-ca","category-cortes-de-pallas-ca","category-elecciones-28m-ca","category-eleccions-28m","category-ventana-ca","category-infraestructuras-ca","category-la-comarca-ca","category-sin-categorizar-ca","category-politica","category-seccion-ca","tag-cortes-de-pallas-ca","tag-pp-ca","tag-pxv-ca","tag-valle-de-ayora-cofrentes-ca"],"_links":{"self":[{"href":"https:\/\/tucomarca.whitekongsoftware.com\/ca\/wp-json\/wp\/v2\/posts\/189078","targetHints":{"allow":["GET"]}}],"collection":[{"href":"https:\/\/tucomarca.whitekongsoftware.com\/ca\/wp-json\/wp\/v2\/posts"}],"about":[{"href":"https:\/\/tucomarca.whitekongsoftware.com\/ca\/wp-json\/wp\/v2\/types\/post"}],"author":[{"embeddable":true,"href":"https:\/\/tucomarca.whitekongsoftware.com\/ca\/wp-json\/wp\/v2\/users\/12"}],"replies":[{"embeddable":true,"href":"https:\/\/tucomarca.whitekongsoftware.com\/ca\/wp-json\/wp\/v2\/comments?post=189078"}],"version-history":[{"count":0,"href":"https:\/\/tucomarca.whitekongsoftware.com\/ca\/wp-json\/wp\/v2\/posts\/189078\/revisions"}],"wp:featuredmedia":[{"embeddable":true,"href":"https:\/\/tucomarca.whitekongsoftware.com\/ca\/wp-json\/wp\/v2\/media\/189052"}],"wp:attachment":[{"href":"https:\/\/tucomarca.whitekongsoftware.com\/ca\/wp-json\/wp\/v2\/media?parent=189078"}],"wp:term":[{"taxonomy":"category","embeddable":true,"href":"https:\/\/tucomarca.whitekongsoftware.com\/ca\/wp-json\/wp\/v2\/categories?post=189078"},{"taxonomy":"post_tag","embeddable":true,"href":"https:\/\/tucomarca.whitekongsoftware.com\/ca\/wp-json\/wp\/v2\/tags?post=189078"}],"curies":[{"name":"wp","href":"https:\/\/api.w.org\/{rel}","templated":true}]}}