{"id":189035,"date":"2023-06-19T10:05:00","date_gmt":"2023-06-19T09:05:00","guid":{"rendered":"https:\/\/www.tucomarca.com\/wordpress\/segunda\/?p=189035"},"modified":"2023-06-19T10:41:39","modified_gmt":"2023-06-19T09:41:39","slug":"el-socialista-jose-morell-inicia-la-seua-tercera-legislatura-al-capdavant-del-govern-conjunt-del-pspv-psoe-i-eupv-a-xest","status":"publish","type":"post","link":"https:\/\/tucomarca.whitekongsoftware.com\/ca\/el-socialista-jose-morell-inicia-la-seua-tercera-legislatura-al-capdavant-del-govern-conjunt-del-pspv-psoe-i-eupv-a-xest\/","title":{"rendered":"El socialista Jos\u00e9 Morell inicia la seua tercera legislatura al capdavant del govern conjunt del PSPV-PSOE i EUPV a Xest"},"content":{"rendered":"\n<h3 class=\"wp-block-heading\"><strong>PSOE i EU governaran en coalici\u00f3 i Jos\u00e9 Morell repeteix en l&#8217;alcaldia<\/strong>.<\/h3>\n\n\n\n<p class=\"wp-block-paragraph\">Per tercera legislatura consecutiva, el socialista Jos\u00e9 Morell ostentar\u00e0 l&#8217;alcaldia de Xest, despr\u00e9s de la celebraci\u00f3 del ple d&#8217;investidura que va tindre lloc dissabte passat, 17 de juny, amb un total de set vots a favor: cinc d&#8217;ells atorgats pel Partit Socialista Obrer Espanyol (PSOE) i dos per part d&#8217;Esquerra Unida Xest (EU).<\/p>\n\n\n\n<p class=\"wp-block-paragraph\"><strong>Desenvolupament del ple d&#8217;investidura<\/strong><\/p>\n\n\n\n<p class=\"wp-block-paragraph\">El ple es va obrir amb la presentaci\u00f3 de la corporaci\u00f3 nascuda de les eleccions del passat 28 de maig i la constituci\u00f3 de la Mesa d&#8217;Edat, integrada pels regidors de major i menor edat: Rosalina Zan\u00f3n i Adri\u00e1n Tar\u00edn, respectivament. \u201cEn primer lloc vull felicitar a totes les persones que han sigut triades per a representar al nostre poble. Arriba l&#8217;hora de la paraula, l&#8217;argument i la ra\u00f3 des del respecte i per al millor servei a la nostra localitat\u201d, anunciava Zan\u00f3n. La nova regidora va posar l&#8217;accent en el compliment dels pilars fonamentals de la Constituci\u00f3 i va donar per constitu\u00efda la taula.\u00a0<\/p>\n\n\n\n<p class=\"wp-block-paragraph\">Tot seguit, el secretari de l&#8217;Ajuntament, Jos\u00e9 Luis Fayos, va realitzar la crida dels regidors i regidores triats, d&#8217;acord amb les certificacions expedides per la Junta Electoral. Abans d&#8217;iniciar aquest procediment, Fayos va excusar l&#8217;abs\u00e8ncia d&#8217;Enrique Peinado Ib\u00e1\u00f1ez, regidor del Partit Popular, a causa de la defunci\u00f3 d&#8217;un familiar pr\u00f2xim escasses hores abans de la sessi\u00f3 plen\u00e0ria. Despr\u00e9s de l&#8217;aclariment, es va realitzar el nomenament de M\u00aa Carmen Corber\u00e1n Verduch, \u00d3scar Guerrero Olivares, Marta Cerrada Tancada, Mar\u00eda Cuevas Gonz\u00e1lez, David Xirivella Cortesa, Jos\u00e9 Morell Roser, Brenda Jim\u00e9nez Corrales, Rosalina Zan\u00f3n Ferrando, Adri\u00e1n Tar\u00edn Gallardo, \u00d3scar Gald\u00f3n Soriano, M\u00aa \u00c1ngeles Llorente Cort\u00e9s i David Pujals Picher com a membres de la corporaci\u00f3 local. Seguidament, els regidors i regidores van prometre o van jurar el compliment de les obligacions del seu c\u00e0rrec, aix\u00ed com el respecte a la Constituci\u00f3 i a l&#8217;Estatut d&#8217;Autonomia de la Comunitat Valenciana.<\/p>\n\n\n\n<p class=\"wp-block-paragraph\">Finalment, va tindre lloc l&#8217;elecci\u00f3 de l&#8217;alcalde, c\u00e0rrec al qual optaven Enrique Peinado (PP) i Jos\u00e9 Morell (PSOE), davant la ren\u00fancia a la candidatura a l&#8217;alcaldia per part del cap de llista d&#8217;Esquerra Unida, M\u00aa \u00c1ngeles Llorente (EU). Amb set vots a favor, de PSOE i EU, l&#8217;alcaldia va ser per al socialista Jos\u00e9 Morell, qui, abans de rebre el bast\u00f3 de comandament, va procedir al jurament de la Constituci\u00f3, tal com dictamina la Llei Electoral.\u00a0<\/p>\n\n\n\n<p class=\"wp-block-paragraph\"><strong>Discursos<\/strong><\/p>\n\n\n\n<p class=\"wp-block-paragraph\">Per a tancar la sessi\u00f3 plen\u00e0ria, els tres caps de partit van dedicar unes paraules al p\u00fablic assistent. En el cas del Partit Popular, la segona representant en la llista, M\u00aa Carmen Corber\u00e1n, va llegir unes paraules redactades per a l&#8217;ocasi\u00f3 pel seu cap de llista, a causa de la irremeiable abs\u00e8ncia d&#8217;Enrique Peinado. \u201cDurant aquests mesos hem treballat de manera incansable per a formar un equip de professionals de diferents sectors disposats a sacrificar hores d&#8217;oci e fins fins i tot salari; amb il\u00b7lusi\u00f3 i ganes d&#8217;oferir la seua experi\u00e8ncia al servei de Xest. Han sigut 1.988 persones les que han cregut en el nostre projecte, ens han faltat pocs vots per a obtindre la majoria absoluta\u201d, comen\u00e7ava M\u00aa Carmen Corber\u00e1n, reproduint les paraules escrites per Peinado, que tamb\u00e9 desgranaven els principals punts del programa presentat pel Partit Popular en les passades eleccions i reservava unes l\u00ednies d&#8217;agra\u00efment als seus companys i companyes de partit, a la seua fam\u00edlia i amistats i a la poblaci\u00f3 xestana.<\/p>\n\n\n\n<p class=\"wp-block-paragraph\">Per part seua, el cap de llista d&#8217;Esquerra Unida, M\u00aa \u00c1ngeles Llorente, va obrir el seu torn de paraula amb un agra\u00efment a les persones votants d&#8217;EU i va fonamentar el seu discurs en la necessitat de prendre camins que porten a la just\u00edcia i llibertat. \u201cEls valors d&#8217;esquerra per a nosaltres tenen superioritat moral; per tant, hem fet aquest pacte de governabilitat i jo he renunciat a presentar-me a candidata a l&#8217;alcaldia i he fet costat al candidat del Partit Socialista\u201d, explicava. Llorente tamb\u00e9 va reivindicar els serveis p\u00fablics, va destacar les accions m\u00e9s importants que s&#8217;escometran arran del pacte de govern i va avan\u00e7ar que el seu company de partit, David Pujals, es far\u00e0 c\u00e0rrec de les \u00e0rees de Parcs i Jardins, Medi Ambient, Benestar Animal i Brigada de manteniment; mentre que ella mantindr\u00e0 la gesti\u00f3 de Cultura, Educaci\u00f3, Sanitat, Serveis Socials i, a m\u00e9s, assumir\u00e0 la Regidoria d&#8217;Hisenda. \u201cVenim simplement a treballar, com ja venim demostrant, i ho farem amb una prioritat: posar a les persones en el centre de les pol\u00edtiques, perqu\u00e8 la dignitat dels \u00e9ssers humans \u00e9s l&#8217;objectiu essencial de civilitzaci\u00f3 i de progr\u00e9s\u201d, manifestava.<\/p>\n\n\n\n<p class=\"wp-block-paragraph\">Va tancar els discursos el cap de llista del PSOE de Xest, Jos\u00e9 Morell. El recentment nomenat alcalde va comen\u00e7ar amb unes paraules d&#8217;agra\u00efment a la seua fam\u00edlia. \u201cLes meues fam\u00edlia viu les conseq\u00fc\u00e8ncies menys positives que jo siga alcalde i hui he de mesclar el personal i el pol\u00edtic perqu\u00e8 tamb\u00e9 s&#8217;entremescla en el dia a dia: \u00e9s la meua manera de fer-los un reconeixement al seu suport. Estic menys del que voldria a casa per\u00f2 els agra\u00efsc que entenguen la passi\u00f3 que sent pel meu poble\u201d, declarava Morell.\u00a0<br>L&#8217;alcalde tamb\u00e9 va felicitar els seus companys i companyes de la corporaci\u00f3 municipal, va posar en valor les caracter\u00edstiques socials i econ\u00f2miques de la localitat xestana i va posar l&#8217;accent en la necessitat de dur a terme pol\u00edtiques que tinguen en compte objectius comuns, desgranant alguns dels punts de l&#8217;acord de governabilitat. \u201cPer a la majoria d&#8217;aquesta corporaci\u00f3 \u00e9s la primera vegada que s\u00f3n regidors, us demane responsabilitat i lliurament. En moltes ocasions el govern de l&#8217;Ajuntament no t\u00e9 compet\u00e8ncies per a resoldre totes les q\u00fcestions, per\u00f2 s\u00ed que \u00e9s per a la nostra ciutadania l&#8217;administraci\u00f3 m\u00e9s pr\u00f2xima i podem acompanyar-los en la resoluci\u00f3 de problemes\u201d, apuntava. \u201cL&#8217;etapa que hui iniciem no \u00e9s solament de continu\u00eftat, \u00e9s d&#8217;il\u00b7lusi\u00f3 i coratge per a aprofundir en les bases del Xest del futur. Espere que en aquesta legislatura les difer\u00e8ncies que tenim nom\u00e9s siguen maneres de millorar els projectes que compartim\u201d.\u00a0<\/p>\n\n\n\n<p class=\"wp-block-paragraph\">La sessi\u00f3 va finalitzar amb una foto de grup del nou equip de govern i de tota la corporaci\u00f3 municipal.<\/p>\n\n\n\n<figure class=\"wp-block-gallery has-nested-images columns-2 is-cropped wp-block-gallery-1 is-layout-flex wp-block-gallery-is-layout-flex\">\n<figure class=\"wp-block-image size-large\"><img loading=\"lazy\" decoding=\"async\" width=\"2560\" height=\"1707\" data-id=\"189013\" src=\"http:\/\/www.tucomarca.com\/wordpress\/segunda\/wp-content\/uploads\/2023\/06\/InvestiduraCheste2-scaled.jpg\" alt=\"\" class=\"wp-image-189013\" srcset=\"https:\/\/tucomarca.whitekongsoftware.com\/wp-content\/uploads\/2023\/06\/InvestiduraCheste2-scaled.jpg 2560w, https:\/\/tucomarca.whitekongsoftware.com\/wp-content\/uploads\/2023\/06\/InvestiduraCheste2-300x200.jpg 300w, https:\/\/tucomarca.whitekongsoftware.com\/wp-content\/uploads\/2023\/06\/InvestiduraCheste2-1024x683.jpg 1024w, https:\/\/tucomarca.whitekongsoftware.com\/wp-content\/uploads\/2023\/06\/InvestiduraCheste2-768x512.jpg 768w, https:\/\/tucomarca.whitekongsoftware.com\/wp-content\/uploads\/2023\/06\/InvestiduraCheste2-1536x1024.jpg 1536w, https:\/\/tucomarca.whitekongsoftware.com\/wp-content\/uploads\/2023\/06\/InvestiduraCheste2-2048x1365.jpg 2048w\" sizes=\"auto, (max-width: 2560px) 100vw, 2560px\" \/><\/figure>\n\n\n\n<figure class=\"wp-block-image size-large\"><img loading=\"lazy\" decoding=\"async\" width=\"2560\" height=\"1707\" data-id=\"189015\" src=\"http:\/\/www.tucomarca.com\/wordpress\/segunda\/wp-content\/uploads\/2023\/06\/InvestiduraCheste3-scaled.jpg\" alt=\"\" class=\"wp-image-189015\" srcset=\"https:\/\/tucomarca.whitekongsoftware.com\/wp-content\/uploads\/2023\/06\/InvestiduraCheste3-scaled.jpg 2560w, https:\/\/tucomarca.whitekongsoftware.com\/wp-content\/uploads\/2023\/06\/InvestiduraCheste3-300x200.jpg 300w, https:\/\/tucomarca.whitekongsoftware.com\/wp-content\/uploads\/2023\/06\/InvestiduraCheste3-1024x683.jpg 1024w, https:\/\/tucomarca.whitekongsoftware.com\/wp-content\/uploads\/2023\/06\/InvestiduraCheste3-768x512.jpg 768w, https:\/\/tucomarca.whitekongsoftware.com\/wp-content\/uploads\/2023\/06\/InvestiduraCheste3-1536x1024.jpg 1536w, https:\/\/tucomarca.whitekongsoftware.com\/wp-content\/uploads\/2023\/06\/InvestiduraCheste3-2048x1365.jpg 2048w\" sizes=\"auto, (max-width: 2560px) 100vw, 2560px\" \/><\/figure>\n\n\n\n<figure class=\"wp-block-image size-large\"><img loading=\"lazy\" decoding=\"async\" width=\"2560\" height=\"1707\" data-id=\"189017\" src=\"http:\/\/www.tucomarca.com\/wordpress\/segunda\/wp-content\/uploads\/2023\/06\/InvestiduraCheste1-scaled.jpg\" alt=\"\" class=\"wp-image-189017\" srcset=\"https:\/\/tucomarca.whitekongsoftware.com\/wp-content\/uploads\/2023\/06\/InvestiduraCheste1-scaled.jpg 2560w, https:\/\/tucomarca.whitekongsoftware.com\/wp-content\/uploads\/2023\/06\/InvestiduraCheste1-300x200.jpg 300w, https:\/\/tucomarca.whitekongsoftware.com\/wp-content\/uploads\/2023\/06\/InvestiduraCheste1-1024x683.jpg 1024w, https:\/\/tucomarca.whitekongsoftware.com\/wp-content\/uploads\/2023\/06\/InvestiduraCheste1-768x512.jpg 768w, https:\/\/tucomarca.whitekongsoftware.com\/wp-content\/uploads\/2023\/06\/InvestiduraCheste1-1536x1024.jpg 1536w, https:\/\/tucomarca.whitekongsoftware.com\/wp-content\/uploads\/2023\/06\/InvestiduraCheste1-2048x1365.jpg 2048w\" sizes=\"auto, (max-width: 2560px) 100vw, 2560px\" \/><\/figure>\n\n\n\n<figure class=\"wp-block-image size-large\"><img loading=\"lazy\" decoding=\"async\" width=\"2560\" height=\"1707\" data-id=\"189029\" src=\"http:\/\/www.tucomarca.com\/wordpress\/segunda\/wp-content\/uploads\/2023\/06\/InvestiduraCheste7-scaled.jpg\" alt=\"\" class=\"wp-image-189029\" srcset=\"https:\/\/tucomarca.whitekongsoftware.com\/wp-content\/uploads\/2023\/06\/InvestiduraCheste7-scaled.jpg 2560w, https:\/\/tucomarca.whitekongsoftware.com\/wp-content\/uploads\/2023\/06\/InvestiduraCheste7-300x200.jpg 300w, https:\/\/tucomarca.whitekongsoftware.com\/wp-content\/uploads\/2023\/06\/InvestiduraCheste7-1024x683.jpg 1024w, https:\/\/tucomarca.whitekongsoftware.com\/wp-content\/uploads\/2023\/06\/InvestiduraCheste7-768x512.jpg 768w, https:\/\/tucomarca.whitekongsoftware.com\/wp-content\/uploads\/2023\/06\/InvestiduraCheste7-1536x1024.jpg 1536w, https:\/\/tucomarca.whitekongsoftware.com\/wp-content\/uploads\/2023\/06\/InvestiduraCheste7-2048x1365.jpg 2048w\" sizes=\"auto, (max-width: 2560px) 100vw, 2560px\" \/><\/figure>\n\n\n\n<figure class=\"wp-block-image size-large\"><img loading=\"lazy\" decoding=\"async\" width=\"2560\" height=\"1707\" data-id=\"189019\" src=\"http:\/\/www.tucomarca.com\/wordpress\/segunda\/wp-content\/uploads\/2023\/06\/InvestiduraCheste6-scaled.jpg\" alt=\"\" class=\"wp-image-189019\" srcset=\"https:\/\/tucomarca.whitekongsoftware.com\/wp-content\/uploads\/2023\/06\/InvestiduraCheste6-scaled.jpg 2560w, https:\/\/tucomarca.whitekongsoftware.com\/wp-content\/uploads\/2023\/06\/InvestiduraCheste6-300x200.jpg 300w, https:\/\/tucomarca.whitekongsoftware.com\/wp-content\/uploads\/2023\/06\/InvestiduraCheste6-1024x683.jpg 1024w, https:\/\/tucomarca.whitekongsoftware.com\/wp-content\/uploads\/2023\/06\/InvestiduraCheste6-768x512.jpg 768w, https:\/\/tucomarca.whitekongsoftware.com\/wp-content\/uploads\/2023\/06\/InvestiduraCheste6-1536x1024.jpg 1536w, https:\/\/tucomarca.whitekongsoftware.com\/wp-content\/uploads\/2023\/06\/InvestiduraCheste6-2048x1365.jpg 2048w\" sizes=\"auto, (max-width: 2560px) 100vw, 2560px\" \/><\/figure>\n\n\n\n<figure class=\"wp-block-image size-large\"><img loading=\"lazy\" decoding=\"async\" width=\"2560\" height=\"1707\" data-id=\"189025\" src=\"http:\/\/www.tucomarca.com\/wordpress\/segunda\/wp-content\/uploads\/2023\/06\/InvestiduraCheste4-scaled.jpg\" alt=\"\" class=\"wp-image-189025\" srcset=\"https:\/\/tucomarca.whitekongsoftware.com\/wp-content\/uploads\/2023\/06\/InvestiduraCheste4-scaled.jpg 2560w, https:\/\/tucomarca.whitekongsoftware.com\/wp-content\/uploads\/2023\/06\/InvestiduraCheste4-300x200.jpg 300w, https:\/\/tucomarca.whitekongsoftware.com\/wp-content\/uploads\/2023\/06\/InvestiduraCheste4-1024x683.jpg 1024w, https:\/\/tucomarca.whitekongsoftware.com\/wp-content\/uploads\/2023\/06\/InvestiduraCheste4-768x512.jpg 768w, https:\/\/tucomarca.whitekongsoftware.com\/wp-content\/uploads\/2023\/06\/InvestiduraCheste4-1536x1024.jpg 1536w, https:\/\/tucomarca.whitekongsoftware.com\/wp-content\/uploads\/2023\/06\/InvestiduraCheste4-2048x1365.jpg 2048w\" sizes=\"auto, (max-width: 2560px) 100vw, 2560px\" \/><\/figure>\n\n\n\n<figure class=\"wp-block-image size-large\"><img loading=\"lazy\" decoding=\"async\" width=\"2560\" height=\"1707\" data-id=\"189031\" src=\"http:\/\/www.tucomarca.com\/wordpress\/segunda\/wp-content\/uploads\/2023\/06\/InvestiduraCheste8-scaled.jpg\" alt=\"\" class=\"wp-image-189031\" srcset=\"https:\/\/tucomarca.whitekongsoftware.com\/wp-content\/uploads\/2023\/06\/InvestiduraCheste8-scaled.jpg 2560w, https:\/\/tucomarca.whitekongsoftware.com\/wp-content\/uploads\/2023\/06\/InvestiduraCheste8-300x200.jpg 300w, https:\/\/tucomarca.whitekongsoftware.com\/wp-content\/uploads\/2023\/06\/InvestiduraCheste8-1024x683.jpg 1024w, https:\/\/tucomarca.whitekongsoftware.com\/wp-content\/uploads\/2023\/06\/InvestiduraCheste8-768x512.jpg 768w, https:\/\/tucomarca.whitekongsoftware.com\/wp-content\/uploads\/2023\/06\/InvestiduraCheste8-1536x1024.jpg 1536w, https:\/\/tucomarca.whitekongsoftware.com\/wp-content\/uploads\/2023\/06\/InvestiduraCheste8-2048x1365.jpg 2048w\" sizes=\"auto, (max-width: 2560px) 100vw, 2560px\" \/><\/figure>\n\n\n\n<figure class=\"wp-block-image size-large\"><img loading=\"lazy\" decoding=\"async\" width=\"2560\" height=\"1707\" data-id=\"189021\" src=\"http:\/\/www.tucomarca.com\/wordpress\/segunda\/wp-content\/uploads\/2023\/06\/InvestiduraCheste11-scaled.jpg\" alt=\"\" class=\"wp-image-189021\" srcset=\"https:\/\/tucomarca.whitekongsoftware.com\/wp-content\/uploads\/2023\/06\/InvestiduraCheste11-scaled.jpg 2560w, https:\/\/tucomarca.whitekongsoftware.com\/wp-content\/uploads\/2023\/06\/InvestiduraCheste11-300x200.jpg 300w, https:\/\/tucomarca.whitekongsoftware.com\/wp-content\/uploads\/2023\/06\/InvestiduraCheste11-1024x683.jpg 1024w, https:\/\/tucomarca.whitekongsoftware.com\/wp-content\/uploads\/2023\/06\/InvestiduraCheste11-768x512.jpg 768w, https:\/\/tucomarca.whitekongsoftware.com\/wp-content\/uploads\/2023\/06\/InvestiduraCheste11-1536x1024.jpg 1536w, https:\/\/tucomarca.whitekongsoftware.com\/wp-content\/uploads\/2023\/06\/InvestiduraCheste11-2048x1365.jpg 2048w\" sizes=\"auto, (max-width: 2560px) 100vw, 2560px\" \/><\/figure>\n\n\n\n<figure class=\"wp-block-image size-large\"><img loading=\"lazy\" decoding=\"async\" width=\"2560\" height=\"1707\" data-id=\"189023\" src=\"http:\/\/www.tucomarca.com\/wordpress\/segunda\/wp-content\/uploads\/2023\/06\/InvestiduraCheste_10-scaled.jpg\" alt=\"\" class=\"wp-image-189023\" srcset=\"https:\/\/tucomarca.whitekongsoftware.com\/wp-content\/uploads\/2023\/06\/InvestiduraCheste_10-scaled.jpg 2560w, https:\/\/tucomarca.whitekongsoftware.com\/wp-content\/uploads\/2023\/06\/InvestiduraCheste_10-300x200.jpg 300w, https:\/\/tucomarca.whitekongsoftware.com\/wp-content\/uploads\/2023\/06\/InvestiduraCheste_10-1024x683.jpg 1024w, https:\/\/tucomarca.whitekongsoftware.com\/wp-content\/uploads\/2023\/06\/InvestiduraCheste_10-768x512.jpg 768w, https:\/\/tucomarca.whitekongsoftware.com\/wp-content\/uploads\/2023\/06\/InvestiduraCheste_10-1536x1024.jpg 1536w, https:\/\/tucomarca.whitekongsoftware.com\/wp-content\/uploads\/2023\/06\/InvestiduraCheste_10-2048x1365.jpg 2048w\" sizes=\"auto, (max-width: 2560px) 100vw, 2560px\" \/><\/figure>\n<\/figure>\n","protected":false},"excerpt":{"rendered":"<div class=\"mh-excerpt\">PSOE i EU governaran en coalici\u00f3 i Jos\u00e9 Morell repeteix en l&#8217;alcaldia. Per tercera legislatura consecutiva, el socialista Jos\u00e9 Morell ostentar\u00e0 l&#8217;alcaldia de Xest, despr\u00e9s de la celebraci\u00f3 del ple d&#8217;investidura que va tindre lloc <a class=\"mh-excerpt-more\" href=\"https:\/\/tucomarca.whitekongsoftware.com\/ca\/el-socialista-jose-morell-inicia-la-seua-tercera-legislatura-al-capdavant-del-govern-conjunt-del-pspv-psoe-i-eupv-a-xest\/\" title=\"El socialista Jos\u00e9 Morell inicia la seua tercera legislatura al capdavant del govern conjunt del PSPV-PSOE i EUPV a Xest\">[+] <\/a><\/div>\n","protected":false},"author":1,"featured_media":189028,"comment_status":"open","ping_status":"open","sticky":false,"template":"","format":"gallery","meta":{"footnotes":""},"categories":[19312,19311,10898,10948,10894,10904,10912,10947,10896,10974],"tags":[11071,18828,11570,10914,18270,11319],"class_list":["post-189035","post","type-post","status-publish","format-gallery","has-post-thumbnail","category-elecciones-28m-ca","category-eleccions-28m","category-ventana-ca","category-infraestructuras-ca","category-la-comarca-ca","category-sin-categorizar-ca","category-la-hoya-ca","category-politica","category-seccion-ca","category-cheste-ca","tag-cheste","tag-elecciones-municipales-2023-ca","tag-eupv-ca","tag-la-hoya-de-bunol-chiva-ca","tag-partido-socialista-ca","tag-pspv-psoe-ca","post_format-post-format-gallery"],"_links":{"self":[{"href":"https:\/\/tucomarca.whitekongsoftware.com\/ca\/wp-json\/wp\/v2\/posts\/189035","targetHints":{"allow":["GET"]}}],"collection":[{"href":"https:\/\/tucomarca.whitekongsoftware.com\/ca\/wp-json\/wp\/v2\/posts"}],"about":[{"href":"https:\/\/tucomarca.whitekongsoftware.com\/ca\/wp-json\/wp\/v2\/types\/post"}],"author":[{"embeddable":true,"href":"https:\/\/tucomarca.whitekongsoftware.com\/ca\/wp-json\/wp\/v2\/users\/1"}],"replies":[{"embeddable":true,"href":"https:\/\/tucomarca.whitekongsoftware.com\/ca\/wp-json\/wp\/v2\/comments?post=189035"}],"version-history":[{"count":0,"href":"https:\/\/tucomarca.whitekongsoftware.com\/ca\/wp-json\/wp\/v2\/posts\/189035\/revisions"}],"wp:featuredmedia":[{"embeddable":true,"href":"https:\/\/tucomarca.whitekongsoftware.com\/ca\/wp-json\/wp\/v2\/media\/189028"}],"wp:attachment":[{"href":"https:\/\/tucomarca.whitekongsoftware.com\/ca\/wp-json\/wp\/v2\/media?parent=189035"}],"wp:term":[{"taxonomy":"category","embeddable":true,"href":"https:\/\/tucomarca.whitekongsoftware.com\/ca\/wp-json\/wp\/v2\/categories?post=189035"},{"taxonomy":"post_tag","embeddable":true,"href":"https:\/\/tucomarca.whitekongsoftware.com\/ca\/wp-json\/wp\/v2\/tags?post=189035"}],"curies":[{"name":"wp","href":"https:\/\/api.w.org\/{rel}","templated":true}]}}