{"id":188799,"date":"2023-06-16T13:13:00","date_gmt":"2023-06-16T12:13:00","guid":{"rendered":"https:\/\/www.tucomarca.com\/wordpress\/segunda\/?p=188799"},"modified":"2023-06-16T20:02:49","modified_gmt":"2023-06-16T19:02:49","slug":"joanma-miguel-compromis-y-paco-gorrea-pspv-psoe-es-repartiran-de-nou-dos-anys-cadascun-lalcaldia-de-lliria","status":"publish","type":"post","link":"https:\/\/tucomarca.whitekongsoftware.com\/ca\/joanma-miguel-compromis-y-paco-gorrea-pspv-psoe-es-repartiran-de-nou-dos-anys-cadascun-lalcaldia-de-lliria\/","title":{"rendered":"Joanma Miguel (Comprom\u00eds) y Paco Gorrea (PSPV-PSOE) es repartiran de nou dos anys cadascun l&#8217;alcaldia de Ll\u00edria"},"content":{"rendered":"\n<p class=\"wp-block-paragraph\">Comprom\u00eds-Acord per guanyar i Partit Socialista han reeditat, amb la signatura oficial d&#8217;aquest divendres al migdia, el pacte que durant la passada legislatura ja va alternar a totes dues forces pol\u00edtiques al capdavant de l&#8217;alcaldia de Ll\u00edria.<\/p>\n\n\n\n<p class=\"wp-block-paragraph\">D&#8217;aquesta manera, durant una tercera legislatura consecutiva totes dues forces pol\u00edtiques compartiran un govern que la passada va ser iniciat els dos primers anys pel socialista Manuel Civera i finalitzat per Joanma Miguel, el cap de llista de Comprom\u00eds i actual alcalde, qui en aquesta legislatura iniciar\u00e0 mandat per a ser rellevat just dins de dos anys pel socialista Paco Gorrea.<\/p>\n\n\n\n<p class=\"wp-block-paragraph\">A pesar que el Partit Popular ha sigut la for\u00e7a m\u00e9s votada les passades eleccions municipals i ha obtingut 8 regidors, la suma dels 6 edils de Comprom\u00eds i els 5 de PSPV-PSOE ha sigut major i ha propiciat de nou un pacte que des de totes dues formacions han qualificat com el d&#8217;un &#8220;govern de pol\u00edtiques progressistes per al nostre poble, que a m\u00e9s ten\u00edem clar que era el que el poble de Ll\u00edria havia demanat en les urnes&#8221;. En l&#8217;oposici\u00f3, al costat del Partit Popular tamb\u00e9 es quedar\u00e0 VOX que ha obtingut en les eleccions municipals dos regidors.&nbsp;<\/p>\n\n\n\n<p class=\"wp-block-paragraph\">Des de totes dues formacions han remarcat que aquests dies &#8220;han sigut jornades de treball intens per a que les principals l\u00ednies program\u00e0tiques de cada formaci\u00f3 quedaren reflectides en aquesta nova edici\u00f3 de l\u2019acord de l\u2019Almod\u00ed. Ens uneixen molts projectes que tenim en marxa i a punt d\u2019iniciar, ens uneixen momtes idees per a millorar Ll\u00edria i aix\u00f2 ha fet molt f\u00e0cil tancar els detalls d\u2019aquest acord&#8221;.\u00a0<\/p>\n\n\n\n<figure class=\"wp-block-image size-full is-resized\"><img loading=\"lazy\" decoding=\"async\" src=\"http:\/\/www.tucomarca.com\/wordpress\/segunda\/wp-content\/uploads\/2023\/06\/LliriaPacto1.jpg\" alt=\"\" class=\"wp-image-188789\" width=\"460\" height=\"346\" srcset=\"https:\/\/tucomarca.whitekongsoftware.com\/wp-content\/uploads\/2023\/06\/LliriaPacto1.jpg 770w, https:\/\/tucomarca.whitekongsoftware.com\/wp-content\/uploads\/2023\/06\/LliriaPacto1-300x226.jpg 300w, https:\/\/tucomarca.whitekongsoftware.com\/wp-content\/uploads\/2023\/06\/LliriaPacto1-768x577.jpg 768w, https:\/\/tucomarca.whitekongsoftware.com\/wp-content\/uploads\/2023\/06\/LliriaPacto1-678x509.jpg 678w, https:\/\/tucomarca.whitekongsoftware.com\/wp-content\/uploads\/2023\/06\/LliriaPacto1-326x245.jpg 326w, https:\/\/tucomarca.whitekongsoftware.com\/wp-content\/uploads\/2023\/06\/LliriaPacto1-80x60.jpg 80w\" sizes=\"auto, (max-width: 460px) 100vw, 460px\" \/><\/figure>\n","protected":false},"excerpt":{"rendered":"<div class=\"mh-excerpt\">Comprom\u00eds-Acord per guanyar i Partit Socialista han reeditat, amb la signatura oficial d&#8217;aquest divendres al migdia, el pacte que durant la passada legislatura ja va alternar a totes dues forces pol\u00edtiques al capdavant de l&#8217;alcaldia <a class=\"mh-excerpt-more\" href=\"https:\/\/tucomarca.whitekongsoftware.com\/ca\/joanma-miguel-compromis-y-paco-gorrea-pspv-psoe-es-repartiran-de-nou-dos-anys-cadascun-lalcaldia-de-lliria\/\" title=\"Joanma Miguel (Comprom\u00eds) y Paco Gorrea (PSPV-PSOE) es repartiran de nou dos anys cadascun l&#8217;alcaldia de Ll\u00edria\">[+] <\/a><\/div>\n","protected":false},"author":1,"featured_media":188788,"comment_status":"open","ping_status":"open","sticky":false,"template":"","format":"standard","meta":{"footnotes":""},"categories":[10892,19312,19311,10898,10948,10894,10904,10928,10947,10896],"tags":[10899,11519,18828,11070,19364,18270,11319],"class_list":["post-188799","post","type-post","status-publish","format-standard","has-post-thumbnail","category-camp-de-turia-ca","category-elecciones-28m-ca","category-eleccions-28m","category-ventana-ca","category-infraestructuras-ca","category-la-comarca-ca","category-sin-categorizar-ca","category-lliria-ca","category-politica","category-seccion-ca","tag-camp-de-turia-ca","tag-compromis-ca","tag-elecciones-municipales-2023-ca","tag-lliria-ca","tag-pacto-ca","tag-partido-socialista-ca","tag-pspv-psoe-ca"],"_links":{"self":[{"href":"https:\/\/tucomarca.whitekongsoftware.com\/ca\/wp-json\/wp\/v2\/posts\/188799","targetHints":{"allow":["GET"]}}],"collection":[{"href":"https:\/\/tucomarca.whitekongsoftware.com\/ca\/wp-json\/wp\/v2\/posts"}],"about":[{"href":"https:\/\/tucomarca.whitekongsoftware.com\/ca\/wp-json\/wp\/v2\/types\/post"}],"author":[{"embeddable":true,"href":"https:\/\/tucomarca.whitekongsoftware.com\/ca\/wp-json\/wp\/v2\/users\/1"}],"replies":[{"embeddable":true,"href":"https:\/\/tucomarca.whitekongsoftware.com\/ca\/wp-json\/wp\/v2\/comments?post=188799"}],"version-history":[{"count":0,"href":"https:\/\/tucomarca.whitekongsoftware.com\/ca\/wp-json\/wp\/v2\/posts\/188799\/revisions"}],"wp:featuredmedia":[{"embeddable":true,"href":"https:\/\/tucomarca.whitekongsoftware.com\/ca\/wp-json\/wp\/v2\/media\/188788"}],"wp:attachment":[{"href":"https:\/\/tucomarca.whitekongsoftware.com\/ca\/wp-json\/wp\/v2\/media?parent=188799"}],"wp:term":[{"taxonomy":"category","embeddable":true,"href":"https:\/\/tucomarca.whitekongsoftware.com\/ca\/wp-json\/wp\/v2\/categories?post=188799"},{"taxonomy":"post_tag","embeddable":true,"href":"https:\/\/tucomarca.whitekongsoftware.com\/ca\/wp-json\/wp\/v2\/tags?post=188799"}],"curies":[{"name":"wp","href":"https:\/\/api.w.org\/{rel}","templated":true}]}}