{"id":188663,"date":"2023-06-15T19:00:00","date_gmt":"2023-06-15T18:00:00","guid":{"rendered":"https:\/\/www.tucomarca.com\/wordpress\/segunda\/?p=188663"},"modified":"2023-06-15T19:46:30","modified_gmt":"2023-06-15T18:46:30","slug":"pp-centrats-a-la-pobla-i-cupo-aconsegueixen-un-pacte-per-a-donar-a-la-pobla-de-vallbona-un-govern-estable-i-de-futur-els-proxims-quatre-anys","status":"publish","type":"post","link":"https:\/\/tucomarca.whitekongsoftware.com\/ca\/pp-centrats-a-la-pobla-i-cupo-aconsegueixen-un-pacte-per-a-donar-a-la-pobla-de-vallbona-un-govern-estable-i-de-futur-els-proxims-quatre-anys\/","title":{"rendered":"PP, Centrats a la Pobla i CUPO aconsegueixen un pacte per a donar a la Pobla de Vallbona &#8220;un govern estable i de futur els pr\u00f2xims quatre anys&#8221;"},"content":{"rendered":"\n<p class=\"wp-block-paragraph\"><strong>L&#8217;acord contempla que el popular Abel Mart\u00ed siga alcalde fins a 2026 i Jaime Ruix de Centrats a la Pobla ho siga de 2026 a 2027. Juan Aguilar de CUPO ser\u00e0 el primer tinent d&#8217;alcalde.<\/strong><\/p>\n\n\n\n<p class=\"wp-block-paragraph\"><strong>El nou govern centrar\u00e0 la seua acci\u00f3 en eixos com la millora de la seguretat i les infraestructures en el casc i les urbanitzacions, la reivindicaci\u00f3 de totes les obres pendents com el nou institut i centre de salut, i les pol\u00edtiques socials amb beques i ajudes a joves, fam\u00edlies o el nou Llar del Jubilat.<\/strong><\/p>\n\n\n\n<p class=\"wp-block-paragraph\"><strong>\u201c\u00c9s el programa de govern m\u00e9s ambici\u00f3s que ha tingut la Pobla de Vallbona en els \u00faltims anys i que es consolida en una relaci\u00f3 de confian\u00e7a i treball que hem desenvolupat els tres partits\u201d.<\/strong><\/p>\n\n\n\n<p class=\"wp-block-paragraph\">El Partit Popular, Centrats a la Pobla i CUPO han aconseguit un acord de govern per a donar a la Pobla de Vallbona una legislatura de \u201cfutur i estabilitat\u201d tal com van decidir els ciutadans en les urnes el passat 28 de maig. <\/p>\n\n\n\n<p class=\"wp-block-paragraph\">D&#8217;aquesta manera, el PP, guanyador de les eleccions el passat 28M amb 7 regidors, Centrats a la Pobla amb 2 edils i CUPO amb altres 2, que sumen la majoria en el ple de la Pobla de Vallbona, conformaran un equip de govern estable per als pr\u00f2xims 4 anys en qu\u00e8 el popular Abel Mart\u00ed ser\u00e0 alcalde fins a 2026 i Jaime Ruix de Centrats a la Pobla ho ser\u00e0 de 2026 a 2027. Juan Aguilar de CUPO, per part seua, ser\u00e0 el primer tinent d&#8217;alcalde.<\/p>\n\n\n\n<p class=\"wp-block-paragraph\">El nou govern municipal crear\u00e0 \u00e0rees per a coordinar les diferents regidories dependents amb la finalitat que hi haja major planificaci\u00f3 i uni\u00f3 entre les diferents delegacions. El pacte de govern contempla tota una s\u00e8rie de mesures per a \u201ctornar a posar a la Pobla de Vallbona en el primer nivell i millorar la qualitat de vida dels nostres ve\u00efns\u201d, amb compromisos en totes les \u00e0rees i reivindicaci\u00f3 de les infraestructures pendents i necess\u00e0ries.<\/p>\n\n\n\n<p class=\"wp-block-paragraph\">Aix\u00ed, el nou govern de la Pobla de Vallbona contempla mesures per a ajudar a tots els col\u00b7lectius socials, des d&#8217;un Bo Habitatge Jove ajudant als joves en el lloguer o compra de les seues cases, implantar un xec-beb\u00e9 per a les fam\u00edlies que tinguen o adopten fills, crear el programa La Pobla et Beca dirigit als joves o fer realitat un nou Llar dels Jubilats amb una oficina d&#8217;atenci\u00f3 a les persones majors i sol\u00b7licitar un Centre d&#8217;Envelliment Actiu.<\/p>\n\n\n\n<p class=\"wp-block-paragraph\">Les infraestructures \u00e9s un altre dels eixos fonamentals de l&#8217;acord de govern, i aix\u00ed les tres formacions es comprometen a remodelar el carrer Col\u00f3n per a millorar el seu aspecte i la funcionalitat, reforma del carrer Poeta Llorente, resoldre el problema de la Finca de la Cens per a convertir-la en un espai p\u00fablic i una pla\u00e7a amb locals o remodelar tota la zona dels \u2018cassets\u2019, aix\u00ed com urbanitzar totes les zones encara no urbanitzades, millorar la il\u00b7luminaci\u00f3 amb Leds i remodelar les voreres del municipi.<\/p>\n\n\n\n<p class=\"wp-block-paragraph\">El nou equip de govern tamb\u00e9 exigir\u00e0 un segon institut i una seu de l&#8217;Escola Oficial d&#8217;idiomes, un nou centre de salut, l&#8217;autob\u00fas a l&#8217;Hospital de Ll\u00edria o el carril bici i la rotonda de connexi\u00f3 amb el Cam\u00ed de l \u0301Assegador de la CV-372, infraestructures de la Generalitat i la Diputaci\u00f3 pendents a la Pobla de Vallbona.<\/p>\n\n\n\n<p class=\"wp-block-paragraph\">La seguretat i les urbanitzacions centren tamb\u00e9 punts de l&#8217;acord de govern, amb aspectes com ampliar la plantilla de la Policia Local, la instal\u00b7laci\u00f3 de m\u00e9s c\u00e0meres de videovigil\u00e0ncia, oficines de proximitat d&#8217;atenci\u00f3 ciutadana a les urbanitzacions, la creaci\u00f3 d&#8217;un nou acc\u00e9s a les urbanitzacions Camp de T\u00faria i Gallipont o un pla de millora de les voreres de la urbanitzaci\u00f3 Montecolorado.<\/p>\n\n\n\n<p class=\"wp-block-paragraph\">El nou govern posar\u00e0 aix\u00ed mateix en marxa nous projectes com un Museu Faller i Fester dedicat a la hist\u00f2ria de les Falles i clavaries de sa Pobla, l&#8217;adquisici\u00f3 del Mas Nou i l&#8217;adaptaci\u00f3 de l&#8217;edifici i del seu entorn per a crear un nou pulm\u00f3 verd, i el projecte de nou auditori amb la creaci\u00f3 d&#8217;una orquestra municipal.<\/p>\n\n\n\n<p class=\"wp-block-paragraph\">En definitiva, \u201cel programa de govern m\u00e9s ambici\u00f3s que ha tingut la Pobla de Vallbona en els \u00faltims anys i que es consolida en una relaci\u00f3 de confian\u00e7a i treball que hem desenvolupat els tres partits en els \u00faltims dies, anteposant l&#8217;inter\u00e9s de la Pobla i el mandat de les urnes per davant d&#8217;interessos personals i partidistes, i amb la convicci\u00f3 que el 17 de juny eixir\u00e0 del ple un futur millor per a tots els ciutadans\u201d. \u25cf <strong>tucomarca.com<\/strong>.<\/p>\n\n\n\n<figure class=\"wp-block-image size-full\"><img loading=\"lazy\" decoding=\"async\" width=\"1024\" height=\"768\" src=\"http:\/\/www.tucomarca.com\/wordpress\/segunda\/wp-content\/uploads\/2023\/06\/PactoLaPobla1.jpeg\" alt=\"\" class=\"wp-image-188660\" srcset=\"https:\/\/tucomarca.whitekongsoftware.com\/wp-content\/uploads\/2023\/06\/PactoLaPobla1.jpeg 1024w, https:\/\/tucomarca.whitekongsoftware.com\/wp-content\/uploads\/2023\/06\/PactoLaPobla1-300x225.jpeg 300w, https:\/\/tucomarca.whitekongsoftware.com\/wp-content\/uploads\/2023\/06\/PactoLaPobla1-768x576.jpeg 768w, https:\/\/tucomarca.whitekongsoftware.com\/wp-content\/uploads\/2023\/06\/PactoLaPobla1-678x509.jpeg 678w, https:\/\/tucomarca.whitekongsoftware.com\/wp-content\/uploads\/2023\/06\/PactoLaPobla1-326x245.jpeg 326w, https:\/\/tucomarca.whitekongsoftware.com\/wp-content\/uploads\/2023\/06\/PactoLaPobla1-80x60.jpeg 80w\" sizes=\"auto, (max-width: 1024px) 100vw, 1024px\" \/><\/figure>\n","protected":false},"excerpt":{"rendered":"<div class=\"mh-excerpt\">L&#8217;acord contempla que el popular Abel Mart\u00ed siga alcalde fins a 2026 i Jaime Ruix de Centrats a la Pobla ho siga de 2026 a 2027. Juan Aguilar de CUPO ser\u00e0 el primer tinent d&#8217;alcalde. <a class=\"mh-excerpt-more\" href=\"https:\/\/tucomarca.whitekongsoftware.com\/ca\/pp-centrats-a-la-pobla-i-cupo-aconsegueixen-un-pacte-per-a-donar-a-la-pobla-de-vallbona-un-govern-estable-i-de-futur-els-proxims-quatre-anys\/\" title=\"PP, Centrats a la Pobla i CUPO aconsegueixen un pacte per a donar a la Pobla de Vallbona &#8220;un govern estable i de futur els pr\u00f2xims quatre anys&#8221;\">[+] <\/a><\/div>\n","protected":false},"author":1,"featured_media":188659,"comment_status":"open","ping_status":"open","sticky":false,"template":"","format":"image","meta":{"footnotes":""},"categories":[10892,19312,19311,10898,10948,10894,10904,10915,10947,10896],"tags":[10899,19376,18828,10916,19364,11978],"class_list":["post-188663","post","type-post","status-publish","format-image","has-post-thumbnail","category-camp-de-turia-ca","category-elecciones-28m-ca","category-eleccions-28m","category-ventana-ca","category-infraestructuras-ca","category-la-comarca-ca","category-sin-categorizar-ca","category-la-pobla-ca","category-politica","category-seccion-ca","tag-camp-de-turia-ca","tag-cupo-ca","tag-elecciones-municipales-2023-ca","tag-la-pobla-de-vallbona-ca","tag-pacto-ca","tag-partido-popular-ca","post_format-post-format-image"],"_links":{"self":[{"href":"https:\/\/tucomarca.whitekongsoftware.com\/ca\/wp-json\/wp\/v2\/posts\/188663","targetHints":{"allow":["GET"]}}],"collection":[{"href":"https:\/\/tucomarca.whitekongsoftware.com\/ca\/wp-json\/wp\/v2\/posts"}],"about":[{"href":"https:\/\/tucomarca.whitekongsoftware.com\/ca\/wp-json\/wp\/v2\/types\/post"}],"author":[{"embeddable":true,"href":"https:\/\/tucomarca.whitekongsoftware.com\/ca\/wp-json\/wp\/v2\/users\/1"}],"replies":[{"embeddable":true,"href":"https:\/\/tucomarca.whitekongsoftware.com\/ca\/wp-json\/wp\/v2\/comments?post=188663"}],"version-history":[{"count":0,"href":"https:\/\/tucomarca.whitekongsoftware.com\/ca\/wp-json\/wp\/v2\/posts\/188663\/revisions"}],"wp:featuredmedia":[{"embeddable":true,"href":"https:\/\/tucomarca.whitekongsoftware.com\/ca\/wp-json\/wp\/v2\/media\/188659"}],"wp:attachment":[{"href":"https:\/\/tucomarca.whitekongsoftware.com\/ca\/wp-json\/wp\/v2\/media?parent=188663"}],"wp:term":[{"taxonomy":"category","embeddable":true,"href":"https:\/\/tucomarca.whitekongsoftware.com\/ca\/wp-json\/wp\/v2\/categories?post=188663"},{"taxonomy":"post_tag","embeddable":true,"href":"https:\/\/tucomarca.whitekongsoftware.com\/ca\/wp-json\/wp\/v2\/tags?post=188663"}],"curies":[{"name":"wp","href":"https:\/\/api.w.org\/{rel}","templated":true}]}}