{"id":188644,"date":"2023-06-15T09:09:00","date_gmt":"2023-06-15T08:09:00","guid":{"rendered":"https:\/\/www.tucomarca.com\/wordpress\/segunda\/?p=188644"},"modified":"2023-06-15T13:08:26","modified_gmt":"2023-06-15T12:08:26","slug":"lajuntament-de-bunyol-celebra-lultim-ple-de-la-legislatura","status":"publish","type":"post","link":"https:\/\/tucomarca.whitekongsoftware.com\/ca\/lajuntament-de-bunyol-celebra-lultim-ple-de-la-legislatura\/","title":{"rendered":"L&#8217;Ajuntament de Bunyol celebra l&#8217;\u00faltim ple de la legislatura"},"content":{"rendered":"\n<p class=\"wp-block-paragraph\">L&#8217;Ajuntament de Bunyol ha celebrat a primera hora de la vesprada l&#8217;\u00faltim ple d&#8217;aquesta legislatura, abans del que el dissabte conformar\u00e0 la nova corporaci\u00f3. Ha sigut un ple en el qual s&#8217;han complit els tr\u00e0mits per a aprovar les actes i tancar les comissions informatives i de govern d&#8217;aquesta legislatura. Com a colof\u00f3, els portaveus dels partits pol\u00edtics han pogut dirigir unes paraules de tancament de la legislatura.<\/p>\n\n\n\n<p class=\"wp-block-paragraph\">L&#8217;alcaldessa en funcions, Juncal Carrascosa, ha assegurat que \u201cdesitge molta sort als regidors que continuen en la pr\u00f2xima corporaci\u00f3, i als quals no la mateixa sort en els seus projectes vitals. Han sigut dues legislatures en les quals el nivell de soroll en el ple ha baixat molt respecte a altres \u00e8poques, i crec que he col\u00b7laborat a aix\u00f2; ara queden grans reptes per davant que confie que la nova corporaci\u00f3 siga capa\u00e7 de tirar-los avant\u201d. A m\u00e9s ha agra\u00eft a tots els treballadors de l&#8217;ajuntament la seua dedicaci\u00f3 i professionalitat.<\/p>\n\n\n\n<p class=\"wp-block-paragraph\">El portaveu del PSOE, Manuel Sierra, ha afirmat que \u201cem vaig amb la sensaci\u00f3 de deixar les coses millor del que les vaig trobar. Han sigut 9 anys representant al meu poble, ocupant cada vegada m\u00e9s responsabilitats, i aix\u00f2 em deixa un sentiment de gratitud\u201d.<\/p>\n\n\n\n<p class=\"wp-block-paragraph\">El portaveu d&#8217;Esquerra Unida, Rafa P\u00e9rez, s&#8217;ha acomiadat despr\u00e9s de 12 anys en qu\u00e8 ha sigut regidor&nbsp; tamb\u00e9 alcalde, manifestant que \u201che estat treballant pel meu poble, per aix\u00f2 estic orgull\u00f3s i satisfet; he complit el somni de ser alcalde i haver treballat pel meu poble\u201d.<\/p>\n\n\n\n<p class=\"wp-block-paragraph\">Des del Partit Popular, Fina L\u00f3pez ha destacat \u201cel respecte que sempre hi ha hagut en aquest ple\u201d, i ha afegit que s&#8217;ha tractat \u201cd&#8217;una experi\u00e8ncia en la qual hem intentat fer-ho tan b\u00e9 com siga possible\u201d.<\/p>\n\n\n\n<p class=\"wp-block-paragraph\">Finalment, des de IAB, Jos\u00e9 Luis Carrascosa, ha afirmat que \u201cha sigut una legislatura complicada, en la qual hem ent\u00e9s des de l&#8217;oposici\u00f3 que el nostre paper era important.&nbsp; Als quals us aneu desitjar-vos el millor en la vida, molta sort i agrair-vos l&#8217;esfor\u00e7 i el treball de ser un c\u00e0rrec p\u00fablic\u201d.<\/p>\n","protected":false},"excerpt":{"rendered":"<div class=\"mh-excerpt\">L&#8217;Ajuntament de Bunyol ha celebrat a primera hora de la vesprada l&#8217;\u00faltim ple d&#8217;aquesta legislatura, abans del que el dissabte conformar\u00e0 la nova corporaci\u00f3. Ha sigut un ple en el qual s&#8217;han complit els tr\u00e0mits <a class=\"mh-excerpt-more\" href=\"https:\/\/tucomarca.whitekongsoftware.com\/ca\/lajuntament-de-bunyol-celebra-lultim-ple-de-la-legislatura\/\" title=\"L&#8217;Ajuntament de Bunyol celebra l&#8217;\u00faltim ple de la legislatura\">[+] <\/a><\/div>\n","protected":false},"author":12,"featured_media":188642,"comment_status":"open","ping_status":"open","sticky":false,"template":"","format":"standard","meta":{"footnotes":""},"categories":[10911,10948,10894,10912,10947,10896],"tags":[10913,10914,13053],"class_list":["post-188644","post","type-post","status-publish","format-standard","has-post-thumbnail","category-bunol-ca","category-infraestructuras-ca","category-la-comarca-ca","category-la-hoya-ca","category-politica","category-seccion-ca","tag-bunol-ca","tag-la-hoya-de-bunol-chiva-ca","tag-pleno-ca"],"_links":{"self":[{"href":"https:\/\/tucomarca.whitekongsoftware.com\/ca\/wp-json\/wp\/v2\/posts\/188644","targetHints":{"allow":["GET"]}}],"collection":[{"href":"https:\/\/tucomarca.whitekongsoftware.com\/ca\/wp-json\/wp\/v2\/posts"}],"about":[{"href":"https:\/\/tucomarca.whitekongsoftware.com\/ca\/wp-json\/wp\/v2\/types\/post"}],"author":[{"embeddable":true,"href":"https:\/\/tucomarca.whitekongsoftware.com\/ca\/wp-json\/wp\/v2\/users\/12"}],"replies":[{"embeddable":true,"href":"https:\/\/tucomarca.whitekongsoftware.com\/ca\/wp-json\/wp\/v2\/comments?post=188644"}],"version-history":[{"count":0,"href":"https:\/\/tucomarca.whitekongsoftware.com\/ca\/wp-json\/wp\/v2\/posts\/188644\/revisions"}],"wp:featuredmedia":[{"embeddable":true,"href":"https:\/\/tucomarca.whitekongsoftware.com\/ca\/wp-json\/wp\/v2\/media\/188642"}],"wp:attachment":[{"href":"https:\/\/tucomarca.whitekongsoftware.com\/ca\/wp-json\/wp\/v2\/media?parent=188644"}],"wp:term":[{"taxonomy":"category","embeddable":true,"href":"https:\/\/tucomarca.whitekongsoftware.com\/ca\/wp-json\/wp\/v2\/categories?post=188644"},{"taxonomy":"post_tag","embeddable":true,"href":"https:\/\/tucomarca.whitekongsoftware.com\/ca\/wp-json\/wp\/v2\/tags?post=188644"}],"curies":[{"name":"wp","href":"https:\/\/api.w.org\/{rel}","templated":true}]}}