{"id":188244,"date":"2023-06-12T09:50:00","date_gmt":"2023-06-12T08:50:00","guid":{"rendered":"https:\/\/www.tucomarca.com\/wordpress\/segunda\/?p=188244"},"modified":"2023-06-12T11:27:15","modified_gmt":"2023-06-12T10:27:15","slug":"la-sequera-i-les-altes-temperatures-arruinen-la-collita-dolives-a-requena-utiel","status":"publish","type":"post","link":"https:\/\/tucomarca.whitekongsoftware.com\/ca\/la-sequera-i-les-altes-temperatures-arruinen-la-collita-dolives-a-requena-utiel\/","title":{"rendered":"La sequera i les altes temperatures arru\u00efnen la collita d&#8217;olives a Requena-Utiel&nbsp;"},"content":{"rendered":"\n<p class=\"wp-block-paragraph\">La comarca Requena-Utiel tindr\u00e0 per segon any consecutiu una escassa producci\u00f3 d&#8217;oli d&#8217;oliva, segons coincideixen a afirmar els productors de la zona. En la varietat Cornicabra, que suposa el 80% de la producci\u00f3, &#8220;s&#8217;ha perdut la pr\u00e0ctica totalitat de la producci\u00f3 en moltes parcel\u00b7les i en la resta de varietats tamb\u00e9 hi ha minvaments considerables&#8221; afirmen olivicultores de la comarca.<br>Els productors atribueixen el fort minvament en les collites, &#8220;a la sequera i a les altes temperatures que es van registrar en l&#8217;inici de primavera, que han arru\u00efnat el quallat del fruit&#8221;.<br>La comarca t\u00e9 un potencial de producci\u00f3 anual d&#8217;oli d&#8217;oliva que se situa entorn d&#8217;un mili\u00f3 de litres.<br>A conseq\u00fc\u00e8ncia de la sequera, les tempestes amb pedra, la marchitez fisiol\u00f2gica que ha danyat considerablente la varietat de ra\u00efm Boval i els danys ocasionats per la fauna silvestre, les collites agr\u00edcoles seran, enguany, molt escasses a Requena-Utiel. Informa, <strong>Luis Ib\u00e1\u00f1ez<\/strong>.<\/p>\n","protected":false},"excerpt":{"rendered":"<div class=\"mh-excerpt\">La comarca Requena-Utiel tindr\u00e0 per segon any consecutiu una escassa producci\u00f3 d&#8217;oli d&#8217;oliva, segons coincideixen a afirmar els productors de la zona. En la varietat Cornicabra, que suposa el 80% de la producci\u00f3, &#8220;s&#8217;ha perdut <a class=\"mh-excerpt-more\" href=\"https:\/\/tucomarca.whitekongsoftware.com\/ca\/la-sequera-i-les-altes-temperatures-arruinen-la-collita-dolives-a-requena-utiel\/\" title=\"La sequera i les altes temperatures arru\u00efnen la collita d&#8217;olives a Requena-Utiel&nbsp;\">[+] <\/a><\/div>\n","protected":false},"author":12,"featured_media":172703,"comment_status":"open","ping_status":"open","sticky":false,"template":"","format":"standard","meta":{"footnotes":""},"categories":[10905,10898,10948,10894,10903,10909,10896],"tags":[17606,11099,10910,12873],"class_list":["post-188244","post","type-post","status-publish","format-standard","has-post-thumbnail","category-agricultura-la-comarca-ca","category-ventana-ca","category-infraestructuras-ca","category-la-comarca-ca","category-medio-ambiente-la-comarca-ca","category-requena-utiel-ca","category-seccion-ca","tag-cosecha-de-aceitunas-ca","tag-requena-ca","tag-requena-utiel-ca","tag-sequia-ca"],"_links":{"self":[{"href":"https:\/\/tucomarca.whitekongsoftware.com\/ca\/wp-json\/wp\/v2\/posts\/188244","targetHints":{"allow":["GET"]}}],"collection":[{"href":"https:\/\/tucomarca.whitekongsoftware.com\/ca\/wp-json\/wp\/v2\/posts"}],"about":[{"href":"https:\/\/tucomarca.whitekongsoftware.com\/ca\/wp-json\/wp\/v2\/types\/post"}],"author":[{"embeddable":true,"href":"https:\/\/tucomarca.whitekongsoftware.com\/ca\/wp-json\/wp\/v2\/users\/12"}],"replies":[{"embeddable":true,"href":"https:\/\/tucomarca.whitekongsoftware.com\/ca\/wp-json\/wp\/v2\/comments?post=188244"}],"version-history":[{"count":0,"href":"https:\/\/tucomarca.whitekongsoftware.com\/ca\/wp-json\/wp\/v2\/posts\/188244\/revisions"}],"wp:featuredmedia":[{"embeddable":true,"href":"https:\/\/tucomarca.whitekongsoftware.com\/ca\/wp-json\/wp\/v2\/media\/172703"}],"wp:attachment":[{"href":"https:\/\/tucomarca.whitekongsoftware.com\/ca\/wp-json\/wp\/v2\/media?parent=188244"}],"wp:term":[{"taxonomy":"category","embeddable":true,"href":"https:\/\/tucomarca.whitekongsoftware.com\/ca\/wp-json\/wp\/v2\/categories?post=188244"},{"taxonomy":"post_tag","embeddable":true,"href":"https:\/\/tucomarca.whitekongsoftware.com\/ca\/wp-json\/wp\/v2\/tags?post=188244"}],"curies":[{"name":"wp","href":"https:\/\/api.w.org\/{rel}","templated":true}]}}