{"id":188185,"date":"2023-06-10T20:49:42","date_gmt":"2023-06-10T19:49:42","guid":{"rendered":"https:\/\/www.tucomarca.com\/wordpress\/segunda\/?p=188185"},"modified":"2023-06-10T20:49:47","modified_gmt":"2023-06-10T19:49:47","slug":"el-cf-la-nucia-b-acaba-amb-el-somni-del-cd-bunyol-de-pujar-aquesta-temporada-a-tercera-divisio-3-0","status":"publish","type":"post","link":"https:\/\/tucomarca.whitekongsoftware.com\/ca\/el-cf-la-nucia-b-acaba-amb-el-somni-del-cd-bunyol-de-pujar-aquesta-temporada-a-tercera-divisio-3-0\/","title":{"rendered":"El CF La Nucia B acaba amb el somni del CD Bunyol de pujar aquesta temporada a Tercera Divisi\u00f3 (3-0)"},"content":{"rendered":"\n<p class=\"wp-block-paragraph\">Per quarta vegada consecutiva, no ha pogut ser. El CD Bunyol ha caigut davant el CF La Nucia B en el seu feu de la Ciutat Esportiva Camilo Cano on tots dos conjunts s&#8217;han mesurat aquest dissabte a la vesprada i on els locals han aconseguit superar la renda molt favorable dels visitants, que van v\u00e9ncer per 1 gol a 0 la setmana passada en el partit d&#8217;anada disputat en el vell Beltr\u00e1n B\u00e1guena.<\/p>\n\n\n\n<p class=\"wp-block-paragraph\">Amb un resultat final d&#8217;un 1 gol a 0 en el temps de joc; i de 3 a 0 en la pr\u00f2rroga, els de Luis Navarro no han aconseguit superar en la volta el punt aconseguit pel conjunt alacant\u00ed en el minut 34 i, posteriorment en els minuts 4 i 24 de la pr\u00f2rroga, quan La Nucia B aconseguia materialitzar el 3 a 0 definitiu que tirava fora de la competici\u00f3 en semifinals al subcampi\u00f3 del grup segon de la Regional Preferent valenciana acabant per quart any consecutiu, i potser massa precipitada i inesperadament, amb les aspiracions del conjunt blanc.<\/p>\n\n\n\n<p class=\"wp-block-paragraph\">El CF La Nucia B s&#8217;enfrontar\u00e0 ara doncs a doble partit al vencedor del duel en semifinals del CD Utiel i el Crevillent Esportiu per un lloc en la Tercera Divisi\u00f3.<\/p>\n","protected":false},"excerpt":{"rendered":"<div class=\"mh-excerpt\">Per quarta vegada consecutiva, no ha pogut ser. El CD Bunyol ha caigut davant el CF La Nucia B en el seu feu de la Ciutat Esportiva Camilo Cano on tots dos conjunts s&#8217;han mesurat <a class=\"mh-excerpt-more\" href=\"https:\/\/tucomarca.whitekongsoftware.com\/ca\/el-cf-la-nucia-b-acaba-amb-el-somni-del-cd-bunyol-de-pujar-aquesta-temporada-a-tercera-divisio-3-0\/\" title=\"El CF La Nucia B acaba amb el somni del CD Bunyol de pujar aquesta temporada a Tercera Divisi\u00f3 (3-0)\">[+] <\/a><\/div>\n","protected":false},"author":1,"featured_media":188179,"comment_status":"open","ping_status":"open","sticky":false,"template":"","format":"standard","meta":{"footnotes":""},"categories":[10911,11015,11003,10898,10894,10904,10912,10896],"tags":[11126,11074,11075,10914],"class_list":["post-188185","post","type-post","status-publish","format-standard","has-post-thumbnail","category-bunol-ca","category-canal-futbol","category-sports","category-ventana-ca","category-la-comarca-ca","category-sin-categorizar-ca","category-la-hoya-ca","category-seccion-ca","tag-cd-bunol-ca","tag-deportes-ca","tag-futbol-ca","tag-la-hoya-de-bunol-chiva-ca"],"_links":{"self":[{"href":"https:\/\/tucomarca.whitekongsoftware.com\/ca\/wp-json\/wp\/v2\/posts\/188185","targetHints":{"allow":["GET"]}}],"collection":[{"href":"https:\/\/tucomarca.whitekongsoftware.com\/ca\/wp-json\/wp\/v2\/posts"}],"about":[{"href":"https:\/\/tucomarca.whitekongsoftware.com\/ca\/wp-json\/wp\/v2\/types\/post"}],"author":[{"embeddable":true,"href":"https:\/\/tucomarca.whitekongsoftware.com\/ca\/wp-json\/wp\/v2\/users\/1"}],"replies":[{"embeddable":true,"href":"https:\/\/tucomarca.whitekongsoftware.com\/ca\/wp-json\/wp\/v2\/comments?post=188185"}],"version-history":[{"count":0,"href":"https:\/\/tucomarca.whitekongsoftware.com\/ca\/wp-json\/wp\/v2\/posts\/188185\/revisions"}],"wp:featuredmedia":[{"embeddable":true,"href":"https:\/\/tucomarca.whitekongsoftware.com\/ca\/wp-json\/wp\/v2\/media\/188179"}],"wp:attachment":[{"href":"https:\/\/tucomarca.whitekongsoftware.com\/ca\/wp-json\/wp\/v2\/media?parent=188185"}],"wp:term":[{"taxonomy":"category","embeddable":true,"href":"https:\/\/tucomarca.whitekongsoftware.com\/ca\/wp-json\/wp\/v2\/categories?post=188185"},{"taxonomy":"post_tag","embeddable":true,"href":"https:\/\/tucomarca.whitekongsoftware.com\/ca\/wp-json\/wp\/v2\/tags?post=188185"}],"curies":[{"name":"wp","href":"https:\/\/api.w.org\/{rel}","templated":true}]}}