{"id":188144,"date":"2023-06-10T13:51:57","date_gmt":"2023-06-10T12:51:57","guid":{"rendered":"https:\/\/www.tucomarca.com\/wordpress\/segunda\/?p=188144"},"modified":"2023-06-10T18:55:08","modified_gmt":"2023-06-10T17:55:08","slug":"pspv-psoe-i-eupv-reediten-per-tercera-legislatura-consecutiva-el-seu-pacte-de-govern-a-xest-amb-el-socialista-jose-morell-en-lalcaldia","status":"publish","type":"post","link":"https:\/\/tucomarca.whitekongsoftware.com\/ca\/pspv-psoe-i-eupv-reediten-per-tercera-legislatura-consecutiva-el-seu-pacte-de-govern-a-xest-amb-el-socialista-jose-morell-en-lalcaldia\/","title":{"rendered":"PSPV-PSOE i EUPV reediten per tercera legislatura consecutiva el seu pacte de govern a Xest amb el socialista Jos\u00e9 Morell en l&#8217;alcaldia"},"content":{"rendered":"\n<figure class=\"wp-block-image size-large\"><img loading=\"lazy\" decoding=\"async\" width=\"1024\" height=\"682\" src=\"http:\/\/www.tucomarca.com\/wordpress\/segunda\/wp-content\/uploads\/2023\/05\/ChestePSOE-EU-1024x682.jpg\" alt=\"\" class=\"wp-image-187399\" srcset=\"https:\/\/tucomarca.whitekongsoftware.com\/wp-content\/uploads\/2023\/05\/ChestePSOE-EU-1024x682.jpg 1024w, https:\/\/tucomarca.whitekongsoftware.com\/wp-content\/uploads\/2023\/05\/ChestePSOE-EU-300x200.jpg 300w, https:\/\/tucomarca.whitekongsoftware.com\/wp-content\/uploads\/2023\/05\/ChestePSOE-EU-768x512.jpg 768w, https:\/\/tucomarca.whitekongsoftware.com\/wp-content\/uploads\/2023\/05\/ChestePSOE-EU.jpg 1181w\" sizes=\"auto, (max-width: 1024px) 100vw, 1024px\" \/><\/figure>\n\n\n\n<p class=\"wp-block-paragraph\">El Partit Socialista i EUPV-Endavant han subscrit aquest dissabte de nou un acord de govern per als pr\u00f2xims quatre anys, en virtut del qual el socialista Jos\u00e9 Morell seguir\u00e0 al capdavant de l&#8217;alcaldia i el cap de llista d&#8217;EUPV-Endavant, Mar\u00eda \u00c1ngeles Llorente, ostentar\u00e0 la primera tinen\u00e7a d&#8217;alcaldia.&nbsp;<\/p>\n\n\n\n<p class=\"wp-block-paragraph\">Despr\u00e9s dels resultats dels passats comicis municipals, el candidat a la reelecci\u00f3 pel Partit Socialista, Jos\u00e9 Morell, ja va ressaltar per a<strong>\u00a0tucomarca.com<\/strong> que la seua formaci\u00f3 haja &#8220;mantingut els mateixos regidors de les passades eleccions. Ens hem mantingut enfront de l&#8217;ona blava que s&#8217;ha produ\u00eft en aquestes eleccions&#8221;, va subratllar Jos\u00e9 Morell en el seu moment, qui tamb\u00e9 va posar l&#8217;accent que la governabilitat del municipi quedava &#8220;a costa d&#8217;un pacte entre les dues formacions progressistes de la localitat com actualment mantenim, per a continuar impulsant pol\u00edtiques de progr\u00e9s per a tots els ve\u00efns i ve\u00efnes de Xest&#8221;.\u00a0Un pacte que s&#8217;ha materialitzat aquest dissabte.<\/p>\n\n\n\n<p class=\"wp-block-paragraph\">&#8220;El pacte de governabilitat contempla una llarga llista d&#8217;acords program\u00e0tics, inversions i repartiment de compet\u00e8ncies que garanteixen l&#8217;estabilitat necess\u00e0ria perqu\u00e8 l&#8217;Ajuntament de Xest continue implementant pol\u00edtiques de progr\u00e9s, solidaritat i creixement&#8221;, tal com han destacat a m\u00e9s fonts del PSPV-PSOE local.<\/p>\n\n\n\n<p class=\"wp-block-paragraph\">&#8220;Tant Jos\u00e9 Morell, que continuar\u00e0 com a alcalde de Xest, com M\u00aa \u00c1ngeles Llorente, que continuar\u00e0 sent la primera tinenta d&#8217;alcalde, han expressat la seua satisfacci\u00f3 i comprom\u00eds amb aquest acord, que estableix les bases per a una legislatura que confien continue oferint a les i els xestanos i xestanas els serveis i pol\u00edtiques que permeten millorar la seua qualitat de vida&#8221;, han afegit des del PSPV-PSOE.<\/p>\n\n\n\n<p class=\"wp-block-paragraph\">Per part seua, des d&#8217;EUPV-Endavant, la seua cap de llista, Mar\u00eda \u00c1ngeles Llorente, tamb\u00e9 va destacar despr\u00e9s dels resultats electorals el que la seua formaci\u00f3 &#8220;haja conservat el mateix nombre de regidors aix\u00ed com similars xifres de vot respecte a les comicis de 2019&#8221; i va anunciar l&#8217;inici del proc\u00e9s de di\u00e0leg que ara ha fructificat. Una continu\u00eftat del del pacte que Mar\u00eda \u00c1ngeles Llorente ha basat en la &#8220;responsabilitat, responsabilitat i la responsabilitat&#8221;; aix\u00ed com en el &#8220;programa, programa, programa&#8221;. Ja que el cap de llista d&#8217;EU-Endavant ha qualificat el pacte aconseguit per totes dues formacions com un &#8220;acord program\u00e0tic i b\u00e0sicament d&#8217;esquerres&#8221;.<\/p>\n\n\n\n<p class=\"wp-block-paragraph\">Segons ha destacat Mar\u00eda \u00c1ngeles Llorente, &#8220;el nostre inter\u00e9s sempre ha sigut el de realitzar un acord program\u00e0tic d&#8217;inversions, de personal i del funcionament que fa falta per al repartiment del treball&#8221;. Un treball que a m\u00e9s la l\u00edder d&#8217;EUPV-Endavant en la localitat ha remarcat que en la seua formaci\u00f3 &#8220;s&#8217;incrementar\u00e0 aquesta legislatura at\u00e9s que assumim dues compet\u00e8ncies m\u00e9s: Hisenda i Manteniment que se sumen ara a les de Cultura, Educaci\u00f3, Sanitat, Serveis Socials, Parcs i Jardins, Medi Ambient i Protecci\u00f3 animal que ja port\u00e0vem&#8221;.<\/p>\n\n\n\n<p class=\"wp-block-paragraph\">L&#8217;extens acord program\u00e0tic al qual ha tingut acc\u00e9s <strong>tucomarca.com<\/strong> s&#8217;est\u00e9n per espai de tretze \u00e0rees que van des de la Sanitat a l&#8217;Educaci\u00f3 o la Cultura, passant per l&#8217;Urbanisme, el Desenvolupament Econ\u00f2mic, el Medi Ambient, els Serveis Socials, l&#8217;Esport, les Festes, la Integritat i la Seguretat. Encara que tamb\u00e9 aborda objectius per a ser desenvolupats en aquesta legislatura en \u00e0rees com l&#8217;Adolesc\u00e8ncia i la Joventut, la Igualtat en la Diversitat, les Persones Majors o el Bon Govern.\u00a0<\/p>\n\n\n\n<p class=\"wp-block-paragraph\">A aquesta extensa relaci\u00f3 d&#8217;inversions, projectes i serveis a desenvolupar durant els pr\u00f2xims quatre anys, se suma en l&#8217;acord tota una s\u00e8rie d&#8217;indicacions per a la seua correcta execuci\u00f3 en \u00e0mbits com el del personal municipal, la coordinaci\u00f3 per a la seua correcta execuci\u00f3 o la comunicaci\u00f3 externa a la ciutadania.&nbsp;<\/p>\n\n\n\n<p class=\"wp-block-paragraph\">Finalment, el repartiment de compet\u00e8ncies entre els edils queda de la seg\u00fcent manera: Jos\u00e9 Morell Roser, a m\u00e9s de l&#8217;alcaldia, tindr\u00e0 sota el seu c\u00e0rrec Urbanisme, Desenvolupament Econ\u00f2mic i Fons Europeus. Mar\u00eda \u00c1ngeles Llorente ocupar\u00e0 la primera tinen\u00e7a d&#8217;alcaldia i administrar\u00e0 Hisenda, Cultura, Educaci\u00f3, Sanitat i Serveis Socials. La segona tinenta d&#8217;alcalde ser\u00e0 Brenda Mart\u00ednez Corrales (PSPV-PSOE) al c\u00e0rrec del qual estaran les \u00e0rees de Turisme, Comer\u00e7, Oficina d&#8217;atenci\u00f3 al ciutad\u00e0 i TICS i Igualtat i diversitat LGTBIQA+. La tercera tinenta alcalde ser\u00e0 Rosa Zan\u00f3n Ferrando (PSPV-PSOE) que s&#8217;ocupar\u00e0 de Personal, Serveis interns, Participaci\u00f3 ciutadana i Transpar\u00e8ncia. El quart tinent d&#8217;alcalde ser\u00e0 David Pujals Picher (EU-Endavant) que gestionar\u00e0 Parcs i Jardins, Medi Ambient, Protecci\u00f3 animal i Manteniment. El cinqu\u00e9 tinent d&#8217;alcalde ser\u00e0 Adri\u00e1n Tar\u00edn Gallardos (PSPV-PSOE) al c\u00e0rrec del qual quedar\u00e0 l&#8217;Esport i l&#8217;Agricultura. I, finalment, \u00d3scar Gald\u00f3n Soriano (PSPV-PSOE) gestionar\u00e0 les \u00e0rees de Policia, Festes i Joventut.<\/p>\n\n\n\n<figure class=\"wp-block-image size-full\"><img loading=\"lazy\" decoding=\"async\" width=\"1023\" height=\"766\" src=\"http:\/\/www.tucomarca.com\/wordpress\/segunda\/wp-content\/uploads\/2023\/06\/PactoPSOEEUCheste1.jpg\" alt=\"\" class=\"wp-image-188157\" srcset=\"https:\/\/tucomarca.whitekongsoftware.com\/wp-content\/uploads\/2023\/06\/PactoPSOEEUCheste1.jpg 1023w, https:\/\/tucomarca.whitekongsoftware.com\/wp-content\/uploads\/2023\/06\/PactoPSOEEUCheste1-300x225.jpg 300w, https:\/\/tucomarca.whitekongsoftware.com\/wp-content\/uploads\/2023\/06\/PactoPSOEEUCheste1-768x575.jpg 768w, https:\/\/tucomarca.whitekongsoftware.com\/wp-content\/uploads\/2023\/06\/PactoPSOEEUCheste1-678x509.jpg 678w, https:\/\/tucomarca.whitekongsoftware.com\/wp-content\/uploads\/2023\/06\/PactoPSOEEUCheste1-326x245.jpg 326w, https:\/\/tucomarca.whitekongsoftware.com\/wp-content\/uploads\/2023\/06\/PactoPSOEEUCheste1-80x60.jpg 80w\" sizes=\"auto, (max-width: 1023px) 100vw, 1023px\" \/><\/figure>\n\n\n\n<p class=\"wp-block-paragraph\"> <\/p>\n\n\n\n<figure class=\"wp-block-image size-full\"><img loading=\"lazy\" decoding=\"async\" width=\"1023\" height=\"898\" src=\"http:\/\/www.tucomarca.com\/wordpress\/segunda\/wp-content\/uploads\/2023\/06\/PactoPSOEEUCheste2.jpg\" alt=\"\" class=\"wp-image-188159\" srcset=\"https:\/\/tucomarca.whitekongsoftware.com\/wp-content\/uploads\/2023\/06\/PactoPSOEEUCheste2.jpg 1023w, https:\/\/tucomarca.whitekongsoftware.com\/wp-content\/uploads\/2023\/06\/PactoPSOEEUCheste2-300x263.jpg 300w, https:\/\/tucomarca.whitekongsoftware.com\/wp-content\/uploads\/2023\/06\/PactoPSOEEUCheste2-768x674.jpg 768w\" sizes=\"auto, (max-width: 1023px) 100vw, 1023px\" \/><\/figure>\n","protected":false},"excerpt":{"rendered":"<div class=\"mh-excerpt\">El Partit Socialista i EUPV-Endavant han subscrit aquest dissabte de nou un acord de govern per als pr\u00f2xims quatre anys, en virtut del qual el socialista Jos\u00e9 Morell seguir\u00e0 al capdavant de l&#8217;alcaldia i el <a class=\"mh-excerpt-more\" href=\"https:\/\/tucomarca.whitekongsoftware.com\/ca\/pspv-psoe-i-eupv-reediten-per-tercera-legislatura-consecutiva-el-seu-pacte-de-govern-a-xest-amb-el-socialista-jose-morell-en-lalcaldia\/\" title=\"PSPV-PSOE i EUPV reediten per tercera legislatura consecutiva el seu pacte de govern a Xest amb el socialista Jos\u00e9 Morell en l&#8217;alcaldia\">[+] <\/a><\/div>\n","protected":false},"author":1,"featured_media":188157,"comment_status":"open","ping_status":"open","sticky":false,"template":"","format":"standard","meta":{"footnotes":""},"categories":[19312,10898,10948,10894,10904,10912,10947,10896,10974],"tags":[11071,18828,10914,11319],"class_list":["post-188144","post","type-post","status-publish","format-standard","has-post-thumbnail","category-elecciones-28m-ca","category-ventana-ca","category-infraestructuras-ca","category-la-comarca-ca","category-sin-categorizar-ca","category-la-hoya-ca","category-politica","category-seccion-ca","category-cheste-ca","tag-cheste","tag-elecciones-municipales-2023-ca","tag-la-hoya-de-bunol-chiva-ca","tag-pspv-psoe-ca"],"_links":{"self":[{"href":"https:\/\/tucomarca.whitekongsoftware.com\/ca\/wp-json\/wp\/v2\/posts\/188144","targetHints":{"allow":["GET"]}}],"collection":[{"href":"https:\/\/tucomarca.whitekongsoftware.com\/ca\/wp-json\/wp\/v2\/posts"}],"about":[{"href":"https:\/\/tucomarca.whitekongsoftware.com\/ca\/wp-json\/wp\/v2\/types\/post"}],"author":[{"embeddable":true,"href":"https:\/\/tucomarca.whitekongsoftware.com\/ca\/wp-json\/wp\/v2\/users\/1"}],"replies":[{"embeddable":true,"href":"https:\/\/tucomarca.whitekongsoftware.com\/ca\/wp-json\/wp\/v2\/comments?post=188144"}],"version-history":[{"count":0,"href":"https:\/\/tucomarca.whitekongsoftware.com\/ca\/wp-json\/wp\/v2\/posts\/188144\/revisions"}],"wp:featuredmedia":[{"embeddable":true,"href":"https:\/\/tucomarca.whitekongsoftware.com\/ca\/wp-json\/wp\/v2\/media\/188157"}],"wp:attachment":[{"href":"https:\/\/tucomarca.whitekongsoftware.com\/ca\/wp-json\/wp\/v2\/media?parent=188144"}],"wp:term":[{"taxonomy":"category","embeddable":true,"href":"https:\/\/tucomarca.whitekongsoftware.com\/ca\/wp-json\/wp\/v2\/categories?post=188144"},{"taxonomy":"post_tag","embeddable":true,"href":"https:\/\/tucomarca.whitekongsoftware.com\/ca\/wp-json\/wp\/v2\/tags?post=188144"}],"curies":[{"name":"wp","href":"https:\/\/api.w.org\/{rel}","templated":true}]}}