{"id":188115,"date":"2023-06-09T11:46:55","date_gmt":"2023-06-09T10:46:55","guid":{"rendered":"https:\/\/www.tucomarca.com\/wordpress\/segunda\/?p=188115"},"modified":"2023-06-09T11:47:27","modified_gmt":"2023-06-09T10:47:27","slug":"el-partit-popular-liderat-per-amparo-fort-governara-al-costat-dactiva-xiva-i-vox-els-proxims-quatre-anys-en-la-localitat","status":"publish","type":"post","link":"https:\/\/tucomarca.whitekongsoftware.com\/ca\/el-partit-popular-liderat-per-amparo-fort-governara-al-costat-dactiva-xiva-i-vox-els-proxims-quatre-anys-en-la-localitat\/","title":{"rendered":"El Partit Popular, liderat per Amparo Fort, governar\u00e0 al costat d&#8217;Activa Xiva i VOX els pr\u00f2xims quatre anys en la localitat"},"content":{"rendered":"\n<p class=\"wp-block-paragraph\">Finalment seran Activa Xiva i VOX les formacions que compartiran govern al costat del Partit Popular durant els pr\u00f2xims quatre anys en la localitat amb una alcaldia que ser\u00e0 ostentada per Amparo Fort, qui ja a primers d&#8217;aquesta setmana avan\u00e7ava a <strong>tucomarca.com<\/strong> el seu desig de conformar &#8220;un govern de qualitat que done estabilitat a Xiva durant aquesta legislatura i la retorne al lloc que es mereix&#8221;.\u00a0<\/p>\n\n\n\n<p class=\"wp-block-paragraph\">Com es recordar\u00e0, dels 17 edils que conformen el plenari local, la candidatura del Partit Popular va ser la que m\u00e9s va obtindre, concretament sis, seguida del PSPV-PSOE amb tres edils, Activa Xiva va obtindre 2 regidors, ADUC dos representants; Comprom\u00eds dos edils, VOX un regidor i Vinchi un regidor. Pel que el pr\u00f2xim govern de la localitat estar\u00e0 conformat pels 6 edils del PP al costat dels 2 d&#8217;Activa Xiva i a un de VOX.<\/p>\n\n\n\n<p class=\"wp-block-paragraph\">El cap de llista de la formaci\u00f3 que m\u00e9s vots i regidors va obtindre en les passades eleccions municipals a Xiva, Amparo Fort, ja va avan\u00e7ar a m\u00e9s dies arrere el seu desig que siga &#8220;com siga la composici\u00f3 del govern municipal, siga una legislatura en la qual totes les forces pol\u00edtiques ens respectem, ens sentim c\u00f2modes, no hi haja enfrontaments i puguem treballar amb educaci\u00f3 i respecte, ja estiga cadascuna d&#8217;elles en el govern o en l&#8217;oposici\u00f3&#8221;.<\/p>\n\n\n\n<p class=\"wp-block-paragraph\">En virtut del pacte subscrit, el Partit Popular administrar\u00e0 les \u00e0rees d&#8217;Hisenda, Personal, Urbanisme i Assumptes Socials; mentre que Activa Xiva tindr\u00e0 sota el seu c\u00e0rrec les regidories de Contractaci\u00f3, Serveis P\u00fablics, Esports, Cultura, Patrimoni i Festes. Finalment, l&#8217;edil de Vox tindr\u00e0 al seu c\u00e0rrec les \u00e0rees d&#8217;Agricultura i Medi Ambient, tal com ha transcendit aquest divendres.<\/p>\n","protected":false},"excerpt":{"rendered":"<div class=\"mh-excerpt\">Finalment seran Activa Xiva i VOX les formacions que compartiran govern al costat del Partit Popular durant els pr\u00f2xims quatre anys en la localitat amb una alcaldia que ser\u00e0 ostentada per Amparo Fort, qui ja <a class=\"mh-excerpt-more\" href=\"https:\/\/tucomarca.whitekongsoftware.com\/ca\/el-partit-popular-liderat-per-amparo-fort-governara-al-costat-dactiva-xiva-i-vox-els-proxims-quatre-anys-en-la-localitat\/\" title=\"El Partit Popular, liderat per Amparo Fort, governar\u00e0 al costat d&#8217;Activa Xiva i VOX els pr\u00f2xims quatre anys en la localitat\">[+] <\/a><\/div>\n","protected":false},"author":1,"featured_media":187095,"comment_status":"open","ping_status":"open","sticky":false,"template":"","format":"standard","meta":{"footnotes":""},"categories":[19312,19311,10898,10948,10894,10904,10912,10947,10896,10975],"tags":[19354,11195,18828,10914,11978,19027],"class_list":["post-188115","post","type-post","status-publish","format-standard","has-post-thumbnail","category-elecciones-28m-ca","category-eleccions-28m","category-ventana-ca","category-infraestructuras-ca","category-la-comarca-ca","category-sin-categorizar-ca","category-la-hoya-ca","category-politica","category-seccion-ca","category-chiva-ca","tag-activa-chiva-ca","tag-chiva-ca","tag-elecciones-municipales-2023-ca","tag-la-hoya-de-bunol-chiva-ca","tag-partido-popular-ca","tag-vox-ca"],"_links":{"self":[{"href":"https:\/\/tucomarca.whitekongsoftware.com\/ca\/wp-json\/wp\/v2\/posts\/188115","targetHints":{"allow":["GET"]}}],"collection":[{"href":"https:\/\/tucomarca.whitekongsoftware.com\/ca\/wp-json\/wp\/v2\/posts"}],"about":[{"href":"https:\/\/tucomarca.whitekongsoftware.com\/ca\/wp-json\/wp\/v2\/types\/post"}],"author":[{"embeddable":true,"href":"https:\/\/tucomarca.whitekongsoftware.com\/ca\/wp-json\/wp\/v2\/users\/1"}],"replies":[{"embeddable":true,"href":"https:\/\/tucomarca.whitekongsoftware.com\/ca\/wp-json\/wp\/v2\/comments?post=188115"}],"version-history":[{"count":0,"href":"https:\/\/tucomarca.whitekongsoftware.com\/ca\/wp-json\/wp\/v2\/posts\/188115\/revisions"}],"wp:featuredmedia":[{"embeddable":true,"href":"https:\/\/tucomarca.whitekongsoftware.com\/ca\/wp-json\/wp\/v2\/media\/187095"}],"wp:attachment":[{"href":"https:\/\/tucomarca.whitekongsoftware.com\/ca\/wp-json\/wp\/v2\/media?parent=188115"}],"wp:term":[{"taxonomy":"category","embeddable":true,"href":"https:\/\/tucomarca.whitekongsoftware.com\/ca\/wp-json\/wp\/v2\/categories?post=188115"},{"taxonomy":"post_tag","embeddable":true,"href":"https:\/\/tucomarca.whitekongsoftware.com\/ca\/wp-json\/wp\/v2\/tags?post=188115"}],"curies":[{"name":"wp","href":"https:\/\/api.w.org\/{rel}","templated":true}]}}