{"id":188051,"date":"2023-06-08T12:00:00","date_gmt":"2023-06-08T11:00:00","guid":{"rendered":"https:\/\/www.tucomarca.com\/wordpress\/segunda\/?p=188051"},"modified":"2023-06-08T19:31:52","modified_gmt":"2023-06-08T18:31:52","slug":"la-diputacio-entrega-les-plaques-als-pobles-del-camp-de-turia-i-la-serrania-que-se-sumen-a-la-xarxa-contra-la-violencia-de-genere","status":"publish","type":"post","link":"https:\/\/tucomarca.whitekongsoftware.com\/ca\/la-diputacio-entrega-les-plaques-als-pobles-del-camp-de-turia-i-la-serrania-que-se-sumen-a-la-xarxa-contra-la-violencia-de-genere\/","title":{"rendered":"La Diputaci\u00f3 entrega les plaques als pobles del Camp de T\u00faria i La Serrania que se sumen a la Xarxa contra la Viol\u00e8ncia de G\u00e8nere"},"content":{"rendered":"\n<h4 class=\"wp-block-heading\">A m\u00e9s de Benissan\u00f3, N\u00e1quera i B\u00e9tera, que eleven a 16 els municipis de la comarca que formen part de la plataforma provincial contra la viol\u00e8ncia masclista, la Serran\u00eda incorpora a Titaguas, Benag\u00e9ber, Sot de Chera i Alcublas i compta amb nou pobles en una Xarxa que suma 188 membres<\/h4>\n\n\n\n<figure class=\"wp-block-image size-full\"><img loading=\"lazy\" decoding=\"async\" width=\"886\" height=\"576\" src=\"http:\/\/www.tucomarca.com\/wordpress\/segunda\/wp-content\/uploads\/2023\/06\/LaSerraniaViolenGen.jpg\" alt=\"\" class=\"wp-image-188045\" srcset=\"https:\/\/tucomarca.whitekongsoftware.com\/wp-content\/uploads\/2023\/06\/LaSerraniaViolenGen.jpg 886w, https:\/\/tucomarca.whitekongsoftware.com\/wp-content\/uploads\/2023\/06\/LaSerraniaViolenGen-300x195.jpg 300w, https:\/\/tucomarca.whitekongsoftware.com\/wp-content\/uploads\/2023\/06\/LaSerraniaViolenGen-768x499.jpg 768w\" sizes=\"auto, (max-width: 886px) 100vw, 886px\" \/><\/figure>\n\n\n\n<p class=\"wp-block-paragraph\">Els ajuntaments de Benissan\u00f3, N\u00e0quera i B\u00e9tera, al Camp de T\u00faria, i de Titaguas, Benag\u00e9ber, Sot de Chera i Alcublas a la Serran\u00eda s&#8217;incorporen a la Xarxa contra la Viol\u00e8ncia de G\u00e8nere de la Diputaci\u00f3\u00f3 de Val\u00e8ncia. Amb estes adhesions, el Camp de T\u00faria suma 16 municipis a la Xarxa i la Serran\u00eda altres nou. Al costat dels nous membres, ja formaven part de la Xarxa San Antonio, Casinos, Riba-roja, La Pobla de Vallbona, Ll\u00edria, Olocau, Vilamarxant, l\u2019Eliana, Benaguasil, Marines, Serra, G\u00e1tova i Loriguilla (Camp de T\u00faria); y Villar del Arzobispo, Gestalgar, Chelva, Pedralba i Dome\u00f1o (la Serran\u00eda).<\/p>\n\n\n\n<p class=\"wp-block-paragraph\">Despr\u00e9s de la incorporaci\u00f3 de 25 noves localitats a la Xarxa de Municipis Protegits contra la Viol\u00e8ncia de G\u00e8nere en l&#8217;\u00faltima Assemblea General celebrada el passat 14 d&#8217;abril, la Diputaci\u00f3 de Val\u00e8ncia ha entregat este dijous les plaques als representants dels nous membres de la plataforma de treball conjunt. Gr\u00e0cies a les noves adhesions, la xarxa provincial encarregada de lluitar contra la xacra social suma ja 188 ajuntaments, la qual cosa suposa el 70% dels municipis que formen la prov\u00edncia de Val\u00e8ncia.<\/p>\n\n\n\n<p class=\"wp-block-paragraph\">La diputada d&#8217;Igualtat, Eli Garc\u00eda, ha sigut l&#8217;encarregada d&#8217;entregar les plaques que distingixen als nous membres. A l&#8217;acte han acudit tamb\u00e9 les diputades provincials Dolors Gimeno, Mentxu Balaguer i Carolina Mengual i el diputat Ramiro Rivera, a m\u00e9s d&#8217;una dotzena d&#8217;alcaldes i alcaldesses de les localitats recentment adherides a la xarxa.<\/p>\n\n\n\n<p class=\"wp-block-paragraph\">Estos ajuntaments podran sol\u00b7licitar les subvencions per a projectes i campanyes de sensibilitzaci\u00f3 i prevenci\u00f3 de la viol\u00e8ncia masclista que oferix l&#8217;\u00e0rea d&#8217;Igualtat de la Diputaci\u00f3. Per a 2023, la convocat\u00f2ria comptar\u00e0 amb un total de 700.000 euros, la qual cosa suposa un increment de 100.000 euros respecte a la del passat any.<\/p>\n\n\n\n<p class=\"wp-block-paragraph\">Aix\u00ed, des de 2018 es venen concedint ajudes econ\u00f2miques en r\u00e8gim de concurr\u00e8ncia competitiva per als diferents projectes i campanyes relacionats amb la prevenci\u00f3, detecci\u00f3 i lluita contra la viol\u00e8ncia de g\u00e8nere, incloent-hi accions en mat\u00e8ria de coeducaci\u00f3, aix\u00ed com actuacions dirigides a l&#8217;erradicaci\u00f3 de la prostituci\u00f3. Enguany com a novetat s&#8217;inclouen les mesures del Pla Estrat\u00e8gic de la Dona en el Sistema Rural Valenci\u00e0.<\/p>\n","protected":false},"excerpt":{"rendered":"<div class=\"mh-excerpt\">A m\u00e9s de Benissan\u00f3, N\u00e1quera i B\u00e9tera, que eleven a 16 els municipis de la comarca que formen part de la plataforma provincial contra la viol\u00e8ncia masclista, la Serran\u00eda incorpora a Titaguas, Benag\u00e9ber, Sot de <a class=\"mh-excerpt-more\" href=\"https:\/\/tucomarca.whitekongsoftware.com\/ca\/la-diputacio-entrega-les-plaques-als-pobles-del-camp-de-turia-i-la-serrania-que-se-sumen-a-la-xarxa-contra-la-violencia-de-genere\/\" title=\"La Diputaci\u00f3 entrega les plaques als pobles del Camp de T\u00faria i La Serrania que se sumen a la Xarxa contra la Viol\u00e8ncia de G\u00e8nere\">[+] <\/a><\/div>\n","protected":false},"author":12,"featured_media":188048,"comment_status":"open","ping_status":"open","sticky":false,"template":"","format":"standard","meta":{"footnotes":""},"categories":[11045,11041,10938,10937,10892,11046,10898,10948,10894,10936,10947,10896,11026,11027],"tags":[10899,11246,11080,13863],"class_list":["post-188051","post","type-post","status-publish","format-standard","has-post-thumbnail","category-alcublas-ca","category-benageber-ca","category-benisano-ca","category-betera-ca","category-camp-de-turia-ca","category-los-serranos-ca","category-ventana-ca","category-infraestructuras-ca","category-la-comarca-ca","category-naquera-ca","category-politica","category-seccion-ca","category-sot-de-chera-ca","category-titaguas-ca","tag-camp-de-turia-ca","tag-diputacio-de-valencia-ca","tag-los-serranos-ca","tag-red-contra-la-violencia-de-genero-ca"],"_links":{"self":[{"href":"https:\/\/tucomarca.whitekongsoftware.com\/ca\/wp-json\/wp\/v2\/posts\/188051","targetHints":{"allow":["GET"]}}],"collection":[{"href":"https:\/\/tucomarca.whitekongsoftware.com\/ca\/wp-json\/wp\/v2\/posts"}],"about":[{"href":"https:\/\/tucomarca.whitekongsoftware.com\/ca\/wp-json\/wp\/v2\/types\/post"}],"author":[{"embeddable":true,"href":"https:\/\/tucomarca.whitekongsoftware.com\/ca\/wp-json\/wp\/v2\/users\/12"}],"replies":[{"embeddable":true,"href":"https:\/\/tucomarca.whitekongsoftware.com\/ca\/wp-json\/wp\/v2\/comments?post=188051"}],"version-history":[{"count":0,"href":"https:\/\/tucomarca.whitekongsoftware.com\/ca\/wp-json\/wp\/v2\/posts\/188051\/revisions"}],"wp:featuredmedia":[{"embeddable":true,"href":"https:\/\/tucomarca.whitekongsoftware.com\/ca\/wp-json\/wp\/v2\/media\/188048"}],"wp:attachment":[{"href":"https:\/\/tucomarca.whitekongsoftware.com\/ca\/wp-json\/wp\/v2\/media?parent=188051"}],"wp:term":[{"taxonomy":"category","embeddable":true,"href":"https:\/\/tucomarca.whitekongsoftware.com\/ca\/wp-json\/wp\/v2\/categories?post=188051"},{"taxonomy":"post_tag","embeddable":true,"href":"https:\/\/tucomarca.whitekongsoftware.com\/ca\/wp-json\/wp\/v2\/tags?post=188051"}],"curies":[{"name":"wp","href":"https:\/\/api.w.org\/{rel}","templated":true}]}}