{"id":188035,"date":"2023-06-08T11:58:00","date_gmt":"2023-06-08T10:58:00","guid":{"rendered":"https:\/\/www.tucomarca.com\/wordpress\/segunda\/?p=188035"},"modified":"2023-06-08T19:41:01","modified_gmt":"2023-06-08T18:41:01","slug":"la-diputacio-entrega-les-plaques-als-cinc-pobles-de-la-canal-i-la-costera-que-se-sumen-a-la-xarxa-contra-la-violencia-de-genere","status":"publish","type":"post","link":"https:\/\/tucomarca.whitekongsoftware.com\/ca\/la-diputacio-entrega-les-plaques-als-cinc-pobles-de-la-canal-i-la-costera-que-se-sumen-a-la-xarxa-contra-la-violencia-de-genere\/","title":{"rendered":"La Diputaci\u00f3 entrega les plaques als cinc pobles de la Canal i la Costera que se sumen a la Xarxa contra la Viol\u00e8ncia de G\u00e8nere"},"content":{"rendered":"\n<h4 class=\"wp-block-heading\">La Llosa de Ranes, Cerd\u00e0, Llanera de Ranes, Llocnou d&#8217;en Fenollet i Torrella eleven a 14 els municipis de la comarca que formen part de la plataforma provincial contra la viol\u00e8ncia masclista, que suma 188 membres en total<\/h4>\n\n\n\n<h4 class=\"wp-block-heading\">En la ve\u00efna comarca de la Canal entra en la Xarxa l&#8217;Ajuntament de Millares, mentre que a la Vall d&#8217;Albaida s&#8217;incorpora Fontanars dels Alforins<\/h4>\n\n\n\n<p class=\"wp-block-paragraph\">La Costera \u00e9s la comarca que m\u00e9s municipis ha incorporat a la Xarxa contra la Viol\u00e8ncia de G\u00e8nere de la Diputaci\u00f3 en l&#8217;\u00faltima assemblea de la legislatura. Amb l&#8217;adhesi\u00f3 de La Llosa de Ranes, Cerd\u00e0, Llanera de Ranes, Llocnou d\u2019en Fellonet i Torrella, compta ja amb 14 municipis en la Xarxa. Junt amb els nous membres, ja formaven part de la Xarxa X\u00e0tiva i L&#8217;Alc\u00fadia de Crespins, fundadors de la mateixa; Vallada, que es va sumar al maig de 2019; Moixent, des de novembre de 2020; La Font de la Figuera (abril 2021); Canls, Vall\u00e9s i Montesa, que es van adherir a l&#8217;abril de 2022; i La Granja de la Costera (desembre 2022).<\/p>\n\n\n\n<p class=\"wp-block-paragraph\">En la ve\u00efna comarca de la Canal de Navarr\u00e9s, Milllares entra en una xarxa de la qual ja formaven part \u00c9nguera, Bolbaite, Anna i Navarr\u00e9s. Quant a la Vall d&#8217;Albaida, Fontanars dels Alforins eleva a 27 els membres de la comarca, que ja comptava en la Xarxa amb els consistoris de Montitxelvo, Albaida, Montaverner, Alfarras\u00ed, Benig\u00e0nim, El Palomar, Castell\u00f3 de Rugat, Ontinyent, Bocairent, Benissoda, Llutxent, Salem, Aielo de Malferit, Atzeneta, Guadass\u00e8quies, Otos, Quatretonda, Beniatjar, L&#8217;Olleria, Agullent, La Pobla del Duc, R\u00e0fol de Salem, B\u00e8lgida, Bell\u00fas, Bufali i Benissuera.<\/p>\n\n\n\n<p class=\"wp-block-paragraph\">Despr\u00e9s de la incorporaci\u00f3 de 25 noves localitats a la Xarxa de Municipis Protegits contra la Viol\u00e8ncia de G\u00e8nere en l&#8217;\u00faltima Assemblea General celebrada el passat 14 d&#8217;abril, la Diputaci\u00f3 de Val\u00e8ncia ha entregat este dijous les plaques als representants dels nous membres de la plataforma de treball conjunt. Gr\u00e0cies a les noves adhesions, la xarxa provincial encarregada de lluitar contra la xacra social suma ja 188 ajuntaments, la qual cosa suposa el 70% dels municipis que formen la prov\u00edncia de Val\u00e8ncia.<\/p>\n\n\n\n<p class=\"wp-block-paragraph\">La diputada d&#8217;Igualtat, Eli Garc\u00eda, ha sigut l&#8217;encarregada d&#8217;entregar les plaques que distingixen als nous membres. A l&#8217;acte han acudit tamb\u00e9 les diputades provincials Dolors Gimeno, Mentxu Balaguer i Carolina Mengual i el diputat Ramiro Rivera, a m\u00e9s d&#8217;una dotzena d&#8217;alcaldes i alcaldesses de les localitats recentment adherides a la xarxa.<\/p>\n\n\n\n<p class=\"wp-block-paragraph\">Estos ajuntaments podran sol\u00b7licitar les subvencions per a projectes i campanyes de sensibilitzaci\u00f3 i prevenci\u00f3 de la viol\u00e8ncia masclista que oferix l&#8217;\u00e0rea d&#8217;Igualtat de la Diputaci\u00f3. Per a 2023, la convocat\u00f2ria comptar\u00e0 amb un total de 700.000 euros, la qual cosa suposa un increment de 100.000 euros respecte a la del passat any.<\/p>\n\n\n\n<p class=\"wp-block-paragraph\">Aix\u00ed, des de 2018 es venen concedint ajudes econ\u00f2miques en r\u00e8gim de concurr\u00e8ncia competitiva per als diferents projectes i campanyes relacionats amb la prevenci\u00f3, detecci\u00f3 i lluita contra la viol\u00e8ncia de g\u00e8nere, incloent-hi accions en mat\u00e8ria de coeducaci\u00f3, aix\u00ed com actuacions dirigides a l&#8217;erradicaci\u00f3 de la prostituci\u00f3. Enguany com a novetat s&#8217;inclouen les mesures del Pla Estrat\u00e8gic de la Dona en el Sstema Rural Valenci\u00e0.<\/p>\n\n\n\n<p class=\"wp-block-paragraph\"><\/p>\n","protected":false},"excerpt":{"rendered":"<div class=\"mh-excerpt\">La Llosa de Ranes, Cerd\u00e0, Llanera de Ranes, Llocnou d&#8217;en Fenollet i Torrella eleven a 14 els municipis de la comarca que formen part de la plataforma provincial contra la viol\u00e8ncia masclista, que suma 188 <a class=\"mh-excerpt-more\" href=\"https:\/\/tucomarca.whitekongsoftware.com\/ca\/la-diputacio-entrega-les-plaques-als-cinc-pobles-de-la-canal-i-la-costera-que-se-sumen-a-la-xarxa-contra-la-violencia-de-genere\/\" title=\"La Diputaci\u00f3 entrega les plaques als cinc pobles de la Canal i la Costera que se sumen a la Xarxa contra la Viol\u00e8ncia de G\u00e8nere\">[+] <\/a><\/div>\n","protected":false},"author":12,"featured_media":188034,"comment_status":"open","ping_status":"open","sticky":false,"template":"","format":"standard","meta":{"footnotes":""},"categories":[10898,10948,10963,10894,10970,10947,10896],"tags":[11246,11094,11186],"class_list":["post-188035","post","type-post","status-publish","format-standard","has-post-thumbnail","category-ventana-ca","category-infraestructuras-ca","category-la-canal-de-navarres-ca","category-la-comarca-ca","category-millares-ca","category-politica","category-seccion-ca","tag-diputacio-de-valencia-ca","tag-la-canal-de-navarres","tag-millares-ca"],"_links":{"self":[{"href":"https:\/\/tucomarca.whitekongsoftware.com\/ca\/wp-json\/wp\/v2\/posts\/188035","targetHints":{"allow":["GET"]}}],"collection":[{"href":"https:\/\/tucomarca.whitekongsoftware.com\/ca\/wp-json\/wp\/v2\/posts"}],"about":[{"href":"https:\/\/tucomarca.whitekongsoftware.com\/ca\/wp-json\/wp\/v2\/types\/post"}],"author":[{"embeddable":true,"href":"https:\/\/tucomarca.whitekongsoftware.com\/ca\/wp-json\/wp\/v2\/users\/12"}],"replies":[{"embeddable":true,"href":"https:\/\/tucomarca.whitekongsoftware.com\/ca\/wp-json\/wp\/v2\/comments?post=188035"}],"version-history":[{"count":0,"href":"https:\/\/tucomarca.whitekongsoftware.com\/ca\/wp-json\/wp\/v2\/posts\/188035\/revisions"}],"wp:featuredmedia":[{"embeddable":true,"href":"https:\/\/tucomarca.whitekongsoftware.com\/ca\/wp-json\/wp\/v2\/media\/188034"}],"wp:attachment":[{"href":"https:\/\/tucomarca.whitekongsoftware.com\/ca\/wp-json\/wp\/v2\/media?parent=188035"}],"wp:term":[{"taxonomy":"category","embeddable":true,"href":"https:\/\/tucomarca.whitekongsoftware.com\/ca\/wp-json\/wp\/v2\/categories?post=188035"},{"taxonomy":"post_tag","embeddable":true,"href":"https:\/\/tucomarca.whitekongsoftware.com\/ca\/wp-json\/wp\/v2\/tags?post=188035"}],"curies":[{"name":"wp","href":"https:\/\/api.w.org\/{rel}","templated":true}]}}