{"id":187910,"date":"2023-06-06T18:30:00","date_gmt":"2023-06-06T17:30:00","guid":{"rendered":"https:\/\/www.tucomarca.com\/wordpress\/segunda\/?p=187910"},"modified":"2023-06-06T18:32:07","modified_gmt":"2023-06-06T17:32:07","slug":"amparo-fort-pp-obri-un-segon-cicle-de-negociacions-per-a-tancar-un-govern-estable-a-xiva-durant-els-proxims-quatre-anys","status":"publish","type":"post","link":"https:\/\/tucomarca.whitekongsoftware.com\/ca\/amparo-fort-pp-obri-un-segon-cicle-de-negociacions-per-a-tancar-un-govern-estable-a-xiva-durant-els-proxims-quatre-anys\/","title":{"rendered":"Amparo Fort (PP) obri un segon cicle de negociacions per a tancar un govern estable a Xiva durant els pr\u00f2xims quatre anys"},"content":{"rendered":"\n<p class=\"wp-block-paragraph\">Amparo Fort, la cap de llista de la formaci\u00f3 que m\u00e9s vots i regidors va obtindre en les passades eleccions municipals a Xiva, el Partit Popular, ha confirmat l&#8217;inici d&#8217;una segona ronda de contactes amb totes les forces pol\u00edtiques que van obtindre representaci\u00f3 en el plenari municipal les passades eleccions municipals per a conformar un govern &#8220;de qualitat i que done estabilitat a la localitat durant els pr\u00f2xims quatre anys&#8221;, tal com ja va avan\u00e7ar dies arrere a <strong>tucomarca.com<\/strong>.<\/p>\n\n\n\n<p class=\"wp-block-paragraph\">Amparo Fort ha subratllat que ja s&#8217;ha reunit amb tots els grups pol\u00edtics que han aconseguit representaci\u00f3 en el plenari local; unes reunions que s&#8217;han desenvolupat &#8220;d&#8217;una manera molt cordial, tots els grups pol\u00edtics han sigut molt receptius&#8221;, en paraules de l&#8217;alcaldable; pel que ha avan\u00e7at la seua intenci\u00f3 de &#8220;intentar signar a primers de la setmana que ve els termes de l&#8217;acord&#8221;.&nbsp;<\/p>\n\n\n\n<p class=\"wp-block-paragraph\">Un acord, no obstant aix\u00f2, que encara no s&#8217;ha concretat amb quines forces pol\u00edtiques se signar\u00e0 &#8220;ja que encara no l&#8217;hem decidit: \u00e9s veritat que hi ha uns grups m\u00e9s receptius que uns altres; i hi ha algunes formacions que encara estan estudiant les propostes, per la qual cosa fins la setmana vinent, molt probablement, no ho tancarem&#8221;, com ha avan\u00e7at la candidata popular que no ha ocultat a m\u00e9s que hi ha &#8220;unes certes l\u00ednies roges que no travessarem pel que amb alguns partits, l\u00f2gicament, no estarem junts en un govern municipal&#8221;.<\/p>\n\n\n\n<p class=\"wp-block-paragraph\">Amparo Fort ha destacat que, d&#8217;eixir investida com a alcaldessa, la seua intenci\u00f3 \u00e9s &#8220;la que siga com siga la composici\u00f3 del govern municipal, siga una legislatura en la qual totes les forces pol\u00edtiques ens respectem, ens sentim c\u00f2modes, no hi haja enfrontaments i puguem treballar amb educaci\u00f3 i respecte, ja estiga cadascuna d&#8217;elles en el govern o en l&#8217;oposici\u00f3&#8221;.&nbsp;<\/p>\n\n\n\n<p class=\"wp-block-paragraph\">Dels 17 edils que conformen el plenari local, la candidatura del Partit Popular ha obtingut sis, seguida del PSPV-PSOE amb tres edils, Activa Xiva va obtindre 2 regidors, ADUC dos representants; Comprom\u00eds dos edils, VOX un regidor i Vinchi un regidor.<\/p>\n","protected":false},"excerpt":{"rendered":"<div class=\"mh-excerpt\">Amparo Fort, la cap de llista de la formaci\u00f3 que m\u00e9s vots i regidors va obtindre en les passades eleccions municipals a Xiva, el Partit Popular, ha confirmat l&#8217;inici d&#8217;una segona ronda de contactes amb <a class=\"mh-excerpt-more\" href=\"https:\/\/tucomarca.whitekongsoftware.com\/ca\/amparo-fort-pp-obri-un-segon-cicle-de-negociacions-per-a-tancar-un-govern-estable-a-xiva-durant-els-proxims-quatre-anys\/\" title=\"Amparo Fort (PP) obri un segon cicle de negociacions per a tancar un govern estable a Xiva durant els pr\u00f2xims quatre anys\">[+] <\/a><\/div>\n","protected":false},"author":1,"featured_media":187874,"comment_status":"open","ping_status":"open","sticky":false,"template":"","format":"standard","meta":{"footnotes":""},"categories":[19312,19311,10898,10948,10894,10904,10912,10947,10896,10975],"tags":[11195,18828,10914,11978],"class_list":["post-187910","post","type-post","status-publish","format-standard","has-post-thumbnail","category-elecciones-28m-ca","category-eleccions-28m","category-ventana-ca","category-infraestructuras-ca","category-la-comarca-ca","category-sin-categorizar-ca","category-la-hoya-ca","category-politica","category-seccion-ca","category-chiva-ca","tag-chiva-ca","tag-elecciones-municipales-2023-ca","tag-la-hoya-de-bunol-chiva-ca","tag-partido-popular-ca"],"_links":{"self":[{"href":"https:\/\/tucomarca.whitekongsoftware.com\/ca\/wp-json\/wp\/v2\/posts\/187910","targetHints":{"allow":["GET"]}}],"collection":[{"href":"https:\/\/tucomarca.whitekongsoftware.com\/ca\/wp-json\/wp\/v2\/posts"}],"about":[{"href":"https:\/\/tucomarca.whitekongsoftware.com\/ca\/wp-json\/wp\/v2\/types\/post"}],"author":[{"embeddable":true,"href":"https:\/\/tucomarca.whitekongsoftware.com\/ca\/wp-json\/wp\/v2\/users\/1"}],"replies":[{"embeddable":true,"href":"https:\/\/tucomarca.whitekongsoftware.com\/ca\/wp-json\/wp\/v2\/comments?post=187910"}],"version-history":[{"count":0,"href":"https:\/\/tucomarca.whitekongsoftware.com\/ca\/wp-json\/wp\/v2\/posts\/187910\/revisions"}],"wp:featuredmedia":[{"embeddable":true,"href":"https:\/\/tucomarca.whitekongsoftware.com\/ca\/wp-json\/wp\/v2\/media\/187874"}],"wp:attachment":[{"href":"https:\/\/tucomarca.whitekongsoftware.com\/ca\/wp-json\/wp\/v2\/media?parent=187910"}],"wp:term":[{"taxonomy":"category","embeddable":true,"href":"https:\/\/tucomarca.whitekongsoftware.com\/ca\/wp-json\/wp\/v2\/categories?post=187910"},{"taxonomy":"post_tag","embeddable":true,"href":"https:\/\/tucomarca.whitekongsoftware.com\/ca\/wp-json\/wp\/v2\/tags?post=187910"}],"curies":[{"name":"wp","href":"https:\/\/api.w.org\/{rel}","templated":true}]}}