{"id":187631,"date":"2023-06-02T10:00:00","date_gmt":"2023-06-02T09:00:00","guid":{"rendered":"https:\/\/www.tucomarca.com\/wordpress\/segunda\/?p=187631"},"modified":"2023-06-02T19:09:58","modified_gmt":"2023-06-02T18:09:58","slug":"el-club-handbol-bunyol-celebra-un-torneig-de-mini-handball-i-la-seua-festa-fi-de-temporada","status":"publish","type":"post","link":"https:\/\/tucomarca.whitekongsoftware.com\/ca\/el-club-handbol-bunyol-celebra-un-torneig-de-mini-handball-i-la-seua-festa-fi-de-temporada\/","title":{"rendered":"El Club Handbol Bunyol celebra un torneig de mini-handball i la seua festa fi de temporada"},"content":{"rendered":"\n<h4 class=\"wp-block-heading\">Ho far\u00e0 aquest dissabte i diumenge en el Pavell\u00f3 Pablo Cus\u00ed Sierra<\/h4>\n\n\n\n<p class=\"wp-block-paragraph\">El Club Handbol Bunyol organitza aquest cap de setmana la seua festa fi de temporada i ho fa amb un Torneig de mini-handball aquest dissabte en el Pavell\u00f3 Pablo Cus\u00ed Sierra. Comen\u00e7ar\u00e0 a les 10,30 hores i est\u00e0 dirigit a xiquetes i xiquets amb edats compreses entre els 6 i els 13 anys. Els partits es dividiran per categories: des de prebenjam\u00ed a alev\u00ed. La modalitat, en cada categoria, ser\u00e0 tots contra tots. L&#8217;objectiu d&#8217;aquest torneig \u00e9s que els m\u00e9s xicotets de la localitat s&#8217;acosten d&#8217;una manera divertida a l&#8217;esport de l&#8217;handbol i, si els agrada, passen a formar part del Club Handbol Bunyol.<\/p>\n\n\n\n<p class=\"wp-block-paragraph\">D&#8217;altra banda, el diumenge l&#8217;entitat celebra la seua tradicional festa fi de temporada. Ho far\u00e0 el diumenge al mat\u00ed des de les 10,00 hores. Des d&#8217;aqueixa hora els benjamins es mesuraran en un divertit partit d&#8217;handbol als seus pares i mares. A les 10,45 hores ho faran els alevins, a les 11,30 hores els cadets s&#8217;enfrontaran als entrenadors. Ja a les 12,15 hores es jugar\u00e0 el partit de l&#8217;equip femen\u00ed i la jornada conclour\u00e0 a les 13,00 hores amb la trobada dels juvenils i els s\u00e8nior contra les velles gl\u00f2ries.<\/p>\n\n\n\n<p class=\"wp-block-paragraph\">La jornada acabar\u00e0 amb un menjar de germanor de totes i tots els membres del club, en la qual es realitzar\u00e0 un homenatge a dues figures importants de l&#8217;equip s\u00e8nior que aquesta temporada pengen les sabatilles.<\/p>\n","protected":false},"excerpt":{"rendered":"<div class=\"mh-excerpt\">Ho far\u00e0 aquest dissabte i diumenge en el Pavell\u00f3 Pablo Cus\u00ed Sierra El Club Handbol Bunyol organitza aquest cap de setmana la seua festa fi de temporada i ho fa amb un Torneig de mini-handball <a class=\"mh-excerpt-more\" href=\"https:\/\/tucomarca.whitekongsoftware.com\/ca\/el-club-handbol-bunyol-celebra-un-torneig-de-mini-handball-i-la-seua-festa-fi-de-temporada\/\" title=\"El Club Handbol Bunyol celebra un torneig de mini-handball i la seua festa fi de temporada\">[+] <\/a><\/div>\n","protected":false},"author":12,"featured_media":187630,"comment_status":"open","ping_status":"open","sticky":false,"template":"","format":"standard","meta":{"footnotes":""},"categories":[10911,11003,10912,11009,10896],"tags":[10913,11411,10914],"class_list":["post-187631","post","type-post","status-publish","format-standard","has-post-thumbnail","category-bunol-ca","category-sports","category-la-hoya-ca","category-polideportivo-ca","category-seccion-ca","tag-bunol-ca","tag-club-balonmano-bunol-ca","tag-la-hoya-de-bunol-chiva-ca"],"_links":{"self":[{"href":"https:\/\/tucomarca.whitekongsoftware.com\/ca\/wp-json\/wp\/v2\/posts\/187631","targetHints":{"allow":["GET"]}}],"collection":[{"href":"https:\/\/tucomarca.whitekongsoftware.com\/ca\/wp-json\/wp\/v2\/posts"}],"about":[{"href":"https:\/\/tucomarca.whitekongsoftware.com\/ca\/wp-json\/wp\/v2\/types\/post"}],"author":[{"embeddable":true,"href":"https:\/\/tucomarca.whitekongsoftware.com\/ca\/wp-json\/wp\/v2\/users\/12"}],"replies":[{"embeddable":true,"href":"https:\/\/tucomarca.whitekongsoftware.com\/ca\/wp-json\/wp\/v2\/comments?post=187631"}],"version-history":[{"count":0,"href":"https:\/\/tucomarca.whitekongsoftware.com\/ca\/wp-json\/wp\/v2\/posts\/187631\/revisions"}],"wp:featuredmedia":[{"embeddable":true,"href":"https:\/\/tucomarca.whitekongsoftware.com\/ca\/wp-json\/wp\/v2\/media\/187630"}],"wp:attachment":[{"href":"https:\/\/tucomarca.whitekongsoftware.com\/ca\/wp-json\/wp\/v2\/media?parent=187631"}],"wp:term":[{"taxonomy":"category","embeddable":true,"href":"https:\/\/tucomarca.whitekongsoftware.com\/ca\/wp-json\/wp\/v2\/categories?post=187631"},{"taxonomy":"post_tag","embeddable":true,"href":"https:\/\/tucomarca.whitekongsoftware.com\/ca\/wp-json\/wp\/v2\/tags?post=187631"}],"curies":[{"name":"wp","href":"https:\/\/api.w.org\/{rel}","templated":true}]}}