{"id":187404,"date":"2023-05-30T10:00:00","date_gmt":"2023-05-30T09:00:00","guid":{"rendered":"https:\/\/www.tucomarca.com\/wordpress\/segunda\/?p=187404"},"modified":"2023-05-30T18:04:16","modified_gmt":"2023-05-30T17:04:16","slug":"el-cd-utiel-renova-per-una-temporada-mes-al-capdavant-de-la-banqueta-a-javi-pons","status":"publish","type":"post","link":"https:\/\/tucomarca.whitekongsoftware.com\/ca\/el-cd-utiel-renova-per-una-temporada-mes-al-capdavant-de-la-banqueta-a-javi-pons\/","title":{"rendered":"El CD Utiel renova per una temporada m\u00e9s al capdavant de la banqueta a Javi Pons"},"content":{"rendered":"\n<p class=\"wp-block-paragraph\">El Club Esportiu Utiel ha renovat per una temporada m\u00e9s al seu entrenador, Javi Pons, qui ha manifestat en les seues xarxes socials que &#8220;fa un any arribava amb molta il\u00b7lusi\u00f3 al CD Utiel. Em fa molt feli\u00e7 poder continuar una altra temporada m\u00e9s i per aix\u00f2 vull donar les gr\u00e0cies a la directiva i a la direcci\u00f3 esportiva per confiar en mi, a mi CT per la seua implicaci\u00f3 i als meus jugadors pel seu esfor\u00e7 i rendiment. Seguim&#8221;, ha finalitzat el m\u00edster del CD Utiel.<\/p>\n\n\n\n<figure class=\"wp-block-image size-large\"><img loading=\"lazy\" decoding=\"async\" width=\"819\" height=\"1024\" src=\"http:\/\/www.tucomarca.com\/wordpress\/segunda\/wp-content\/uploads\/2023\/05\/JaviPons-819x1024.jpeg\" alt=\"\" class=\"wp-image-187401\" srcset=\"https:\/\/tucomarca.whitekongsoftware.com\/wp-content\/uploads\/2023\/05\/JaviPons-819x1024.jpeg 819w, https:\/\/tucomarca.whitekongsoftware.com\/wp-content\/uploads\/2023\/05\/JaviPons-240x300.jpeg 240w, https:\/\/tucomarca.whitekongsoftware.com\/wp-content\/uploads\/2023\/05\/JaviPons-768x960.jpeg 768w, https:\/\/tucomarca.whitekongsoftware.com\/wp-content\/uploads\/2023\/05\/JaviPons.jpeg 1080w\" sizes=\"auto, (max-width: 819px) 100vw, 819px\" \/><\/figure>\n","protected":false},"excerpt":{"rendered":"<div class=\"mh-excerpt\">El Club Esportiu Utiel ha renovat per una temporada m\u00e9s al seu entrenador, Javi Pons, qui ha manifestat en les seues xarxes socials que &#8220;fa un any arribava amb molta il\u00b7lusi\u00f3 al CD Utiel. Em <a class=\"mh-excerpt-more\" href=\"https:\/\/tucomarca.whitekongsoftware.com\/ca\/el-cd-utiel-renova-per-una-temporada-mes-al-capdavant-de-la-banqueta-a-javi-pons\/\" title=\"El CD Utiel renova per una temporada m\u00e9s al capdavant de la banqueta a Javi Pons\">[+] <\/a><\/div>\n","protected":false},"author":1,"featured_media":187402,"comment_status":"open","ping_status":"open","sticky":false,"template":"","format":"standard","meta":{"footnotes":""},"categories":[11015,11003,10894,10909,10896,11059],"tags":[14970,11074,11075,10910],"class_list":["post-187404","post","type-post","status-publish","format-standard","has-post-thumbnail","category-canal-futbol","category-sports","category-la-comarca-ca","category-requena-utiel-ca","category-seccion-ca","category-utiel-ca","tag-cd-utiel-ca","tag-deportes-ca","tag-futbol-ca","tag-requena-utiel-ca"],"_links":{"self":[{"href":"https:\/\/tucomarca.whitekongsoftware.com\/ca\/wp-json\/wp\/v2\/posts\/187404","targetHints":{"allow":["GET"]}}],"collection":[{"href":"https:\/\/tucomarca.whitekongsoftware.com\/ca\/wp-json\/wp\/v2\/posts"}],"about":[{"href":"https:\/\/tucomarca.whitekongsoftware.com\/ca\/wp-json\/wp\/v2\/types\/post"}],"author":[{"embeddable":true,"href":"https:\/\/tucomarca.whitekongsoftware.com\/ca\/wp-json\/wp\/v2\/users\/1"}],"replies":[{"embeddable":true,"href":"https:\/\/tucomarca.whitekongsoftware.com\/ca\/wp-json\/wp\/v2\/comments?post=187404"}],"version-history":[{"count":0,"href":"https:\/\/tucomarca.whitekongsoftware.com\/ca\/wp-json\/wp\/v2\/posts\/187404\/revisions"}],"wp:featuredmedia":[{"embeddable":true,"href":"https:\/\/tucomarca.whitekongsoftware.com\/ca\/wp-json\/wp\/v2\/media\/187402"}],"wp:attachment":[{"href":"https:\/\/tucomarca.whitekongsoftware.com\/ca\/wp-json\/wp\/v2\/media?parent=187404"}],"wp:term":[{"taxonomy":"category","embeddable":true,"href":"https:\/\/tucomarca.whitekongsoftware.com\/ca\/wp-json\/wp\/v2\/categories?post=187404"},{"taxonomy":"post_tag","embeddable":true,"href":"https:\/\/tucomarca.whitekongsoftware.com\/ca\/wp-json\/wp\/v2\/tags?post=187404"}],"curies":[{"name":"wp","href":"https:\/\/api.w.org\/{rel}","templated":true}]}}