{"id":187389,"date":"2023-05-30T13:00:00","date_gmt":"2023-05-30T12:00:00","guid":{"rendered":"https:\/\/www.tucomarca.com\/wordpress\/segunda\/?p=187389"},"modified":"2023-05-30T13:52:48","modified_gmt":"2023-05-30T12:52:48","slug":"amparo-fort-pp-inicia-les-converses-amb-totes-les-formacions-politiques-per-a-conformar-un-govern-de-qualitat-que-done-estabilitat-a-xiva","status":"publish","type":"post","link":"https:\/\/tucomarca.whitekongsoftware.com\/ca\/amparo-fort-pp-inicia-les-converses-amb-totes-les-formacions-politiques-per-a-conformar-un-govern-de-qualitat-que-done-estabilitat-a-xiva\/","title":{"rendered":"Amparo Fort (PP) inicia les converses amb totes les formacions pol\u00edtiques per a conformar &#8220;un govern de qualitat que done estabilitat a Xiva&#8221;"},"content":{"rendered":"\n<p class=\"wp-block-paragraph\">Amparo Fort, la candidata de la formaci\u00f3 m\u00e9s votada en aquestes passades eleccions municipals a Xiva, el Partit Popular, ha anunciat l&#8217;inici de les converses aquest mateix dimarts a la vesprada amb la resta de les forces pol\u00edtiques que han obtingut representaci\u00f3 en el plenari local &#8220;sense tancar-nos a escoltar ni a parlar amb cap d&#8217;elles&#8221;, tal com ha remarcat per a <strong>tucomarca.com<\/strong>.<\/p>\n\n\n\n<p class=\"wp-block-paragraph\">Ja que la candidata ha subratllat que aquestes converses s&#8217;inicien amb el desig de &#8220;escoltar-los a tots; no em tanque a res, ni a sigles ni a colors ni a res; l&#8217;\u00fanica cosa que busque \u00e9s un pacte estable i que done estabilitat a Xiva perqu\u00e8 permeta governar amb assossec i se&#8217;ns deixe treballar pel b\u00e9 dels nostres ve\u00efns. Estic disposada a asseure&#8217;m amb tots i a parlar amb tots per a veure amb qui ens entenem millor. L&#8217;\u00fanica cosa que busquem \u00e9s un pacte de qualitat&#8221;, com ha remarcat el cap de llista dels populars xivanos.<\/p>\n\n\n\n<p class=\"wp-block-paragraph\">Amparo Fort tamb\u00e9 ha avan\u00e7at que el seu desig \u00e9s &#8220;iniciar aquestes converses amb les formacions pol\u00edtiques que han obtingut representaci\u00f3 en funci\u00f3 dels seus resultats, de major nombre de vots a menor&#8221;; i ha deixat pal\u00e9s que, al seu judici, &#8220;Xiva ha d&#8217;enarborar uns certs estendards perqu\u00e8 \u00e9s el poble de major poblaci\u00f3 i extensi\u00f3 territorial; i el que no pot oc\u00f3rrer \u00e9s que passe a la comarca tan desapercebut com estem passant fins ara&#8221;.\u00a0<\/p>\n\n\n\n<p class=\"wp-block-paragraph\">La candidata a l&#8217;alcaldia ha subratllat que el seu objectiu tamb\u00e9 \u00e9s el que hi haja a Xiva &#8220;respecte entre totes les forces pol\u00edtiques i que quan es vaja a un ple no el convertim en un circ; que parlem tranquil\u00b7lament abans i que tots siguem coneixedors de tot, sense factors sorpreses en els plens. En definitiva, que hi haja transpar\u00e8ncia i no opacitat&#8221;.&nbsp;<\/p>\n\n\n\n<p class=\"wp-block-paragraph\">Amparo Fort ha recordat que per a ella ha sigut una campanya electoral en la qual s&#8217;ha sentit &#8220;molt c\u00f2moda i molt respectada per part de la resta dels partits pol\u00edtics, la qual cosa ha fet que la poguera gaudir&#8221;; pel que no ha descartat &#8220;poder arribar a un bon acord de govern que beneficie al conjunt de la ciutadania de Xiva&#8221;.<\/p>\n\n\n\n<p class=\"wp-block-paragraph\">La candidatura del Partit Popular ha obtingut un total de 2.146 sufragis (25,54%) el que li ha atorgat sis regidors.&nbsp;La segona formaci\u00f3 en vots ha sigut el Partit Socialista amb 1.356 (16,14%) i tres edils; seguida d&#8217;Activa Xiva amb 977 vots (11,62%) i 2 regidors; de ADUC amb 850 vots (10,11%) i dos regidors; de Comprom\u00eds amb 836 vots (9,95%); VOX amb 701 sufragis (8,34%) i un regidor; i, finalment, Vinchi amb un regidor gr\u00e0cies als seus 645 vots (8,34%).<\/p>\n","protected":false},"excerpt":{"rendered":"<div class=\"mh-excerpt\">Amparo Fort, la candidata de la formaci\u00f3 m\u00e9s votada en aquestes passades eleccions municipals a Xiva, el Partit Popular, ha anunciat l&#8217;inici de les converses aquest mateix dimarts a la vesprada amb la resta de <a class=\"mh-excerpt-more\" href=\"https:\/\/tucomarca.whitekongsoftware.com\/ca\/amparo-fort-pp-inicia-les-converses-amb-totes-les-formacions-politiques-per-a-conformar-un-govern-de-qualitat-que-done-estabilitat-a-xiva\/\" title=\"Amparo Fort (PP) inicia les converses amb totes les formacions pol\u00edtiques per a conformar &#8220;un govern de qualitat que done estabilitat a Xiva&#8221;\">[+] <\/a><\/div>\n","protected":false},"author":1,"featured_media":185266,"comment_status":"open","ping_status":"open","sticky":false,"template":"","format":"standard","meta":{"footnotes":""},"categories":[19312,10898,10948,10894,10904,10912,10947,10896,10975],"tags":[19308,11195,18828,10914,11978],"class_list":["post-187389","post","type-post","status-publish","format-standard","has-post-thumbnail","category-elecciones-28m-ca","category-ventana-ca","category-infraestructuras-ca","category-la-comarca-ca","category-sin-categorizar-ca","category-la-hoya-ca","category-politica","category-seccion-ca","category-chiva-ca","tag-28m-2-ca","tag-chiva-ca","tag-elecciones-municipales-2023-ca","tag-la-hoya-de-bunol-chiva-ca","tag-partido-popular-ca"],"_links":{"self":[{"href":"https:\/\/tucomarca.whitekongsoftware.com\/ca\/wp-json\/wp\/v2\/posts\/187389","targetHints":{"allow":["GET"]}}],"collection":[{"href":"https:\/\/tucomarca.whitekongsoftware.com\/ca\/wp-json\/wp\/v2\/posts"}],"about":[{"href":"https:\/\/tucomarca.whitekongsoftware.com\/ca\/wp-json\/wp\/v2\/types\/post"}],"author":[{"embeddable":true,"href":"https:\/\/tucomarca.whitekongsoftware.com\/ca\/wp-json\/wp\/v2\/users\/1"}],"replies":[{"embeddable":true,"href":"https:\/\/tucomarca.whitekongsoftware.com\/ca\/wp-json\/wp\/v2\/comments?post=187389"}],"version-history":[{"count":0,"href":"https:\/\/tucomarca.whitekongsoftware.com\/ca\/wp-json\/wp\/v2\/posts\/187389\/revisions"}],"wp:featuredmedia":[{"embeddable":true,"href":"https:\/\/tucomarca.whitekongsoftware.com\/ca\/wp-json\/wp\/v2\/media\/185266"}],"wp:attachment":[{"href":"https:\/\/tucomarca.whitekongsoftware.com\/ca\/wp-json\/wp\/v2\/media?parent=187389"}],"wp:term":[{"taxonomy":"category","embeddable":true,"href":"https:\/\/tucomarca.whitekongsoftware.com\/ca\/wp-json\/wp\/v2\/categories?post=187389"},{"taxonomy":"post_tag","embeddable":true,"href":"https:\/\/tucomarca.whitekongsoftware.com\/ca\/wp-json\/wp\/v2\/tags?post=187389"}],"curies":[{"name":"wp","href":"https:\/\/api.w.org\/{rel}","templated":true}]}}