{"id":187283,"date":"2023-05-29T10:10:00","date_gmt":"2023-05-29T09:10:00","guid":{"rendered":"https:\/\/www.tucomarca.com\/wordpress\/segunda\/?p=187283"},"modified":"2023-05-29T11:22:05","modified_gmt":"2023-05-29T10:22:05","slug":"el-pp-de-carlos-mazon-guanya-les-eleccions-en-la-comunitat-valenciana","status":"publish","type":"post","link":"https:\/\/tucomarca.whitekongsoftware.com\/ca\/el-pp-de-carlos-mazon-guanya-les-eleccions-en-la-comunitat-valenciana\/","title":{"rendered":"El PP de Carlos Maz\u00f3n guanya les eleccions en la Comunitat Valenciana"},"content":{"rendered":"\n<h3 class=\"wp-block-heading\">El Partit Popular, liderat per Carlos Maz\u00f3n, ha guanyat les eleccions en la Comunitat Valenciana; ha duplicat els resultats collits en les eleccions de 2019 i ha passat dels seus actuals 19 escons fins als 40, encara que per a conformar una majoria estable necessitar\u00e0 del suport de VOX.<\/h3>\n\n\n\n<p class=\"wp-block-paragraph\">El Partit Popular, liderat per Carlos Maz\u00f3n, ha guanyat les eleccions en la Comunitat Valenciana; ha duplicat els resultats collits en les eleccions de 2019 i ha passat dels seus actuals 19 escons fins als 40, encara que per a conformar una majoria estable necessitar\u00e0 del suport de VOX.<\/p>\n\n\n\n<p class=\"wp-block-paragraph\">Per la seua\u00a0 part, el PSPV-PSOE de l&#8217;actual President Ximo Puig, encara que creix (passa dels 27 diputats a les 31) els seus escons s\u00f3n sensiblement inferiors als del PP i no podran sumar al costat de Comprom\u00eds (que ha disminu\u00eft de 17 representants a 15) la majoria necess\u00e0ria per a superar a la formaci\u00f3 de Carlos Maz\u00f3n.<\/p>\n\n\n\n<p class=\"wp-block-paragraph\">Un resultat en el qual sens dubte ha hagut de veure que Unides Podem no haja superat la barrera del 5% dels vots i per tant s&#8217;haja quedat fora del Parlament valenci\u00e0 en el qual Carlos Flores al capdavant de VOX millora els resultats d&#8217;aquesta formaci\u00f3 en passar dels 10 de 2019 als 13, convertint-se aix\u00ed en la formaci\u00f3 necess\u00e0ria per a conformar una majoria estable en Les Corts.<\/p>\n\n\n\n<p class=\"wp-block-paragraph\">Finalment, Ciutadans, de Mamem Peris, desapareix de Les Corts.<\/p>\n\n\n\n<p class=\"wp-block-paragraph\">El president del Partit Popular de la Comunitat Valenciana, Carlos Maz\u00f3n, ha anunciat que en el pr\u00f2xim d&#8217;investidura presentar\u00e0 la seua candidatura a President de la Generalitat Valenciana despr\u00e9s de ser el PPCV el partit m\u00e9s votat en la Comunitat en les eleccions auton\u00f2miques del 28M.<\/p>\n\n\n\n<p class=\"wp-block-paragraph\">\u201cEl PPCV ha guanyat les eleccions\u201d, ha assenyalat Maz\u00f3n, qui ha indicat que l&#8217;objectiu \u00e9s donar-li a la Comunitat Valenciana \u201cel Govern que es mereix, estable i per a tots els ciutadans de la Comunitat sense excepci\u00f3, ens hagen votat o no\u201d.<\/p>\n\n\n\n<p class=\"wp-block-paragraph\">Maz\u00f3n ha celebrat en la seu regional del PPCV al costat de qui ser\u00e0 pr\u00f2xima alcaldessa de Val\u00e8ncia, Mar\u00eda Jos\u00e9 Catal\u00e1, i dirigents com Vicent Momp\u00f3, Juan Francisco P\u00e9rez Llorca o Macarena Montesinos.<\/p>\n\n\n\n<p class=\"wp-block-paragraph\">\u201c\u00c9s una gran nit, per\u00f2 nom\u00e9s \u00e9s l&#8217;avantsala de dem\u00e0, quan comen\u00e7arem a treballar per tots els ciutadans\u201d, ha indicat. Maz\u00f3n ha assenyalat que el PP \u201c\u00e9s un partit de bra\u00e7os oberts, vam governar per a tots i volem unir a tots. Som conscients del repte que tenim per davant i que hem d&#8217;estar a l&#8217;altura de les circumst\u00e0ncies. Espanya comen\u00e7a a canviar i \u00e9s una extraordin\u00e0ria not\u00edcia tamb\u00e9\u201d, ha concl\u00f2s.<\/p>\n","protected":false},"excerpt":{"rendered":"<div class=\"mh-excerpt\">El Partit Popular, liderat per Carlos Maz\u00f3n, ha guanyat les eleccions en la Comunitat Valenciana; ha duplicat els resultats collits en les eleccions de 2019 i ha passat dels seus actuals 19 escons fins als <a class=\"mh-excerpt-more\" href=\"https:\/\/tucomarca.whitekongsoftware.com\/ca\/el-pp-de-carlos-mazon-guanya-les-eleccions-en-la-comunitat-valenciana\/\" title=\"El PP de Carlos Maz\u00f3n guanya les eleccions en la Comunitat Valenciana\">[+] <\/a><\/div>\n","protected":false},"author":1,"featured_media":187281,"comment_status":"open","ping_status":"open","sticky":false,"template":"","format":"standard","meta":{"footnotes":""},"categories":[19312,19311,10898,10948,10894,10904,10947,10896],"tags":[19308,11199,11978,18270],"class_list":["post-187283","post","type-post","status-publish","format-standard","has-post-thumbnail","category-elecciones-28m-ca","category-eleccions-28m","category-ventana-ca","category-infraestructuras-ca","category-la-comarca-ca","category-sin-categorizar-ca","category-politica","category-seccion-ca","tag-28m-2-ca","tag-la-comunitat-ca","tag-partido-popular-ca","tag-partido-socialista-ca"],"_links":{"self":[{"href":"https:\/\/tucomarca.whitekongsoftware.com\/ca\/wp-json\/wp\/v2\/posts\/187283","targetHints":{"allow":["GET"]}}],"collection":[{"href":"https:\/\/tucomarca.whitekongsoftware.com\/ca\/wp-json\/wp\/v2\/posts"}],"about":[{"href":"https:\/\/tucomarca.whitekongsoftware.com\/ca\/wp-json\/wp\/v2\/types\/post"}],"author":[{"embeddable":true,"href":"https:\/\/tucomarca.whitekongsoftware.com\/ca\/wp-json\/wp\/v2\/users\/1"}],"replies":[{"embeddable":true,"href":"https:\/\/tucomarca.whitekongsoftware.com\/ca\/wp-json\/wp\/v2\/comments?post=187283"}],"version-history":[{"count":0,"href":"https:\/\/tucomarca.whitekongsoftware.com\/ca\/wp-json\/wp\/v2\/posts\/187283\/revisions"}],"wp:featuredmedia":[{"embeddable":true,"href":"https:\/\/tucomarca.whitekongsoftware.com\/ca\/wp-json\/wp\/v2\/media\/187281"}],"wp:attachment":[{"href":"https:\/\/tucomarca.whitekongsoftware.com\/ca\/wp-json\/wp\/v2\/media?parent=187283"}],"wp:term":[{"taxonomy":"category","embeddable":true,"href":"https:\/\/tucomarca.whitekongsoftware.com\/ca\/wp-json\/wp\/v2\/categories?post=187283"},{"taxonomy":"post_tag","embeddable":true,"href":"https:\/\/tucomarca.whitekongsoftware.com\/ca\/wp-json\/wp\/v2\/tags?post=187283"}],"curies":[{"name":"wp","href":"https:\/\/api.w.org\/{rel}","templated":true}]}}