{"id":187203,"date":"2023-05-28T20:02:00","date_gmt":"2023-05-28T19:02:00","guid":{"rendered":"https:\/\/www.tucomarca.com\/wordpress\/segunda\/?p=187203"},"modified":"2023-05-29T02:39:45","modified_gmt":"2023-05-29T01:39:45","slug":"psoe-y-pp-empatan-a-concejales-en-requena-y-el-gobierno-lo-decidira-el-prya","status":"publish","type":"post","link":"https:\/\/tucomarca.whitekongsoftware.com\/ca\/psoe-y-pp-empatan-a-concejales-en-requena-y-el-gobierno-lo-decidira-el-prya\/","title":{"rendered":"PSOE i PP empaten a regidors a Requena i el govern el decidir\u00e0 el PRyA"},"content":{"rendered":"\n<figure class=\"wp-block-image size-large\"><img loading=\"lazy\" decoding=\"async\" width=\"1024\" height=\"682\" src=\"http:\/\/www.tucomarca.com\/wordpress\/segunda\/wp-content\/uploads\/2023\/05\/RequenaPSOE-PP-PRyA-1024x682.jpg\" alt=\"\" class=\"wp-image-187232\" srcset=\"https:\/\/tucomarca.whitekongsoftware.com\/wp-content\/uploads\/2023\/05\/RequenaPSOE-PP-PRyA-1024x682.jpg 1024w, https:\/\/tucomarca.whitekongsoftware.com\/wp-content\/uploads\/2023\/05\/RequenaPSOE-PP-PRyA-300x200.jpg 300w, https:\/\/tucomarca.whitekongsoftware.com\/wp-content\/uploads\/2023\/05\/RequenaPSOE-PP-PRyA-768x512.jpg 768w, https:\/\/tucomarca.whitekongsoftware.com\/wp-content\/uploads\/2023\/05\/RequenaPSOE-PP-PRyA.jpg 1181w\" sizes=\"auto, (max-width: 1024px) 100vw, 1024px\" \/><figcaption>Mario S\u00e1nchez (PSOE); Roc\u00edo Cort\u00e9s (PP); y Joaqu\u00edn Gonz\u00e1lez (PRyA).<\/figcaption><\/figure>\n\n\n\n<p class=\"wp-block-paragraph\"><strong>Mario S\u00e1nchez&nbsp;ha ganado las elecciones en&nbsp;Requena&nbsp;pero ha perdido la mayor\u00eda absoluta que ostentaba hasta la fecha.<\/strong><\/p>\n\n\n\n<p class=\"wp-block-paragraph\">El PSOE de ha sido la lista m\u00e1s votada obteniendo un total de 3.660 votos frente al PP de Roc\u00edo Cort\u00e9s con 3.516; mientras que el Partido de Requena y Aldeas (PRyA), liderado por Joaqu\u00edn Gonz\u00e1lez con 1.409 y Vox con 890.<\/p>\n\n\n\n<p class=\"wp-block-paragraph\">La alcald\u00eda queda a expensas por tanto de a quien ofrezca su apoyo el Partido de Requena y Aldeas (PRyA), que con 3 concejales tendr\u00e1 la llave de gobierno, ya que el&nbsp;PSPV-PSOE ha obtenido 8 ediles, los mismos que el Partido Popular, seguido de Partido de Requena y Aldeas y Vox&nbsp;con dos y 890 votos. Podemos con 298 y Esquerra Unida con 185 votos no han conseguido representaci\u00f3n en el consistorio.<\/p>\n","protected":false},"excerpt":{"rendered":"<div class=\"mh-excerpt\">Mario S\u00e1nchez&nbsp;ha ganado las elecciones en&nbsp;Requena&nbsp;pero ha perdido la mayor\u00eda absoluta que ostentaba hasta la fecha. El PSOE de ha sido la lista m\u00e1s votada obteniendo un total de 3.660 votos frente al PP de <a class=\"mh-excerpt-more\" href=\"https:\/\/tucomarca.whitekongsoftware.com\/ca\/psoe-y-pp-empatan-a-concejales-en-requena-y-el-gobierno-lo-decidira-el-prya\/\" title=\"PSOE i PP empaten a regidors a Requena i el govern el decidir\u00e0 el PRyA\">[+] <\/a><\/div>\n","protected":false},"author":12,"featured_media":187233,"comment_status":"open","ping_status":"open","sticky":false,"template":"","format":"standard","meta":{"footnotes":""},"categories":[19312,10898,10948,10894,10904,10947,10908,10909,10896],"tags":[19308,19309,11099,10910],"class_list":["post-187203","post","type-post","status-publish","format-standard","has-post-thumbnail","category-elecciones-28m-ca","category-ventana-ca","category-infraestructuras-ca","category-la-comarca-ca","category-sin-categorizar-ca","category-politica","category-requena-ca","category-requena-utiel-ca","category-seccion-ca","tag-28m-2-ca","tag-datos-de-participacion-ca","tag-requena-ca","tag-requena-utiel-ca"],"_links":{"self":[{"href":"https:\/\/tucomarca.whitekongsoftware.com\/ca\/wp-json\/wp\/v2\/posts\/187203","targetHints":{"allow":["GET"]}}],"collection":[{"href":"https:\/\/tucomarca.whitekongsoftware.com\/ca\/wp-json\/wp\/v2\/posts"}],"about":[{"href":"https:\/\/tucomarca.whitekongsoftware.com\/ca\/wp-json\/wp\/v2\/types\/post"}],"author":[{"embeddable":true,"href":"https:\/\/tucomarca.whitekongsoftware.com\/ca\/wp-json\/wp\/v2\/users\/12"}],"replies":[{"embeddable":true,"href":"https:\/\/tucomarca.whitekongsoftware.com\/ca\/wp-json\/wp\/v2\/comments?post=187203"}],"version-history":[{"count":0,"href":"https:\/\/tucomarca.whitekongsoftware.com\/ca\/wp-json\/wp\/v2\/posts\/187203\/revisions"}],"wp:featuredmedia":[{"embeddable":true,"href":"https:\/\/tucomarca.whitekongsoftware.com\/ca\/wp-json\/wp\/v2\/media\/187233"}],"wp:attachment":[{"href":"https:\/\/tucomarca.whitekongsoftware.com\/ca\/wp-json\/wp\/v2\/media?parent=187203"}],"wp:term":[{"taxonomy":"category","embeddable":true,"href":"https:\/\/tucomarca.whitekongsoftware.com\/ca\/wp-json\/wp\/v2\/categories?post=187203"},{"taxonomy":"post_tag","embeddable":true,"href":"https:\/\/tucomarca.whitekongsoftware.com\/ca\/wp-json\/wp\/v2\/tags?post=187203"}],"curies":[{"name":"wp","href":"https:\/\/api.w.org\/{rel}","templated":true}]}}