{"id":187173,"date":"2023-05-28T20:15:00","date_gmt":"2023-05-28T19:15:00","guid":{"rendered":"https:\/\/www.tucomarca.com\/wordpress\/segunda\/?p=187173"},"modified":"2023-05-29T00:41:39","modified_gmt":"2023-05-28T23:41:39","slug":"la-continuitat-del-pacte-psoe-eu-permetria-que-el-socialista-jose-morell-seguisca-com-a-alcalde-al-no-aconseguir-el-pp-la-majoria-absoluta","status":"publish","type":"post","link":"https:\/\/tucomarca.whitekongsoftware.com\/ca\/la-continuitat-del-pacte-psoe-eu-permetria-que-el-socialista-jose-morell-seguisca-com-a-alcalde-al-no-aconseguir-el-pp-la-majoria-absoluta\/","title":{"rendered":"La continu\u00eftat del pacte PSOE-EU a Xest permetria que el socialista Jos\u00e9 Morell seguisca com a alcalde al no aconseguir el PP la majoria absoluta"},"content":{"rendered":"\n<figure class=\"wp-block-image size-large\"><img loading=\"lazy\" decoding=\"async\" width=\"1024\" height=\"682\" src=\"http:\/\/www.tucomarca.com\/wordpress\/segunda\/wp-content\/uploads\/2023\/05\/ChestePP-PSOE-EU-1024x682.jpg\" alt=\"\" class=\"wp-image-187168\" srcset=\"https:\/\/tucomarca.whitekongsoftware.com\/wp-content\/uploads\/2023\/05\/ChestePP-PSOE-EU-1024x682.jpg 1024w, https:\/\/tucomarca.whitekongsoftware.com\/wp-content\/uploads\/2023\/05\/ChestePP-PSOE-EU-300x200.jpg 300w, https:\/\/tucomarca.whitekongsoftware.com\/wp-content\/uploads\/2023\/05\/ChestePP-PSOE-EU-768x512.jpg 768w, https:\/\/tucomarca.whitekongsoftware.com\/wp-content\/uploads\/2023\/05\/ChestePP-PSOE-EU.jpg 1181w\" sizes=\"auto, (max-width: 1024px) 100vw, 1024px\" \/><figcaption>Enrique Peinado (PP), Jos\u00e9 Morell (PSPV-PSOE) y Mar\u00eda \u00c1ngeles Llorente (EUPV-Endavant).<\/figcaption><\/figure>\n\n\n\n<p class=\"wp-block-paragraph\">La lista encabezada por el popular Enrique Peinado ha sido la que m\u00e1s sufragios ha obtenido en Cheste en estas elecciones municipales del 28M, un total de 2.019 (45,06%) lo que le otorga 6 concejales, seguido por el Partido Socialista que lidera el actual alcalde, Jos\u00e9 Morell, con un total de 1.420 sufragios (32,66%) y cinco ediles; y de EUPV-Endavant con 697 sufragios (16,03%) y dos concejales. <\/p>\n\n\n\n<p class=\"wp-block-paragraph\">A pesar de la victoria de los populares, la m\u00e1s que previsible continuidad del actual pacto de gobierno entre el PSPV-PSOE y EUPV-Endavant har\u00eda que el gobierno local no cambiase de color pol\u00edtico dado que el PP no ha logrado alcanzar la mayor\u00eda absoluta.<\/p>\n\n\n\n<p class=\"wp-block-paragraph\">El candidato a la reelecci\u00f3n por el Partido Socialista, Jos\u00e9 Morell, ha resaltado para <strong>tucomarca.com<\/strong> del resultado de los comicios el que su formaci\u00f3n haya &#8220;mantenido los mismos concejales de las pasadas elecciones&#8221;.<\/p>\n\n\n\n<p class=\"wp-block-paragraph\">&#8220;Nos hemos mantenido frente a la ola azul que se ha producido en estas elecciones&#8221;, ha subrayado Jos\u00e9 Morell, quien tambi\u00e9n ha hecho hincapi\u00e9 en que la gobernabilidad del municipio queda &#8220;a expensas de un pacto entre las dos formaciones progresistas de la localidad como actualmente mantenemos, para seguir impulsando pol\u00edticas de progreso para todos los vecinos y vecinas de Cheste&#8221;. <\/p>\n\n\n\n<p class=\"wp-block-paragraph\">Por su parte, desde EUPV-Endavant, su cabeza de lista, Mar\u00eda \u00c1ngeles Llorente, tambi\u00e9n ha destacado el que su formaci\u00f3n &#8220;haya conservado el mismo n\u00famero de concejales as\u00ed como similares cifras de voto respecto a las comicios de 2019; a partir de ma\u00f1ana iniciaremos las conversaciones y hasta que no se re\u00fana el colectivo no haremos p\u00fablicas nuestras decisiones al respecto&#8221;. <\/p>\n","protected":false},"excerpt":{"rendered":"<div class=\"mh-excerpt\">La lista encabezada por el popular Enrique Peinado ha sido la que m\u00e1s sufragios ha obtenido en Cheste en estas elecciones municipales del 28M, un total de 2.019 (45,06%) lo que le otorga 6 concejales, <a class=\"mh-excerpt-more\" href=\"https:\/\/tucomarca.whitekongsoftware.com\/ca\/la-continuitat-del-pacte-psoe-eu-permetria-que-el-socialista-jose-morell-seguisca-com-a-alcalde-al-no-aconseguir-el-pp-la-majoria-absoluta\/\" title=\"La continu\u00eftat del pacte PSOE-EU a Xest permetria que el socialista Jos\u00e9 Morell seguisca com a alcalde al no aconseguir el PP la majoria absoluta\">[+] <\/a><\/div>\n","protected":false},"author":1,"featured_media":187169,"comment_status":"open","ping_status":"open","sticky":false,"template":"","format":"standard","meta":{"footnotes":""},"categories":[19312,19311,10898,10948,10894,10904,10912,10947,10896,10974],"tags":[19308,11071,18828,10914],"class_list":["post-187173","post","type-post","status-publish","format-standard","has-post-thumbnail","category-elecciones-28m-ca","category-eleccions-28m","category-ventana-ca","category-infraestructuras-ca","category-la-comarca-ca","category-sin-categorizar-ca","category-la-hoya-ca","category-politica","category-seccion-ca","category-cheste-ca","tag-28m-2-ca","tag-cheste","tag-elecciones-municipales-2023-ca","tag-la-hoya-de-bunol-chiva-ca"],"_links":{"self":[{"href":"https:\/\/tucomarca.whitekongsoftware.com\/ca\/wp-json\/wp\/v2\/posts\/187173","targetHints":{"allow":["GET"]}}],"collection":[{"href":"https:\/\/tucomarca.whitekongsoftware.com\/ca\/wp-json\/wp\/v2\/posts"}],"about":[{"href":"https:\/\/tucomarca.whitekongsoftware.com\/ca\/wp-json\/wp\/v2\/types\/post"}],"author":[{"embeddable":true,"href":"https:\/\/tucomarca.whitekongsoftware.com\/ca\/wp-json\/wp\/v2\/users\/1"}],"replies":[{"embeddable":true,"href":"https:\/\/tucomarca.whitekongsoftware.com\/ca\/wp-json\/wp\/v2\/comments?post=187173"}],"version-history":[{"count":0,"href":"https:\/\/tucomarca.whitekongsoftware.com\/ca\/wp-json\/wp\/v2\/posts\/187173\/revisions"}],"wp:featuredmedia":[{"embeddable":true,"href":"https:\/\/tucomarca.whitekongsoftware.com\/ca\/wp-json\/wp\/v2\/media\/187169"}],"wp:attachment":[{"href":"https:\/\/tucomarca.whitekongsoftware.com\/ca\/wp-json\/wp\/v2\/media?parent=187173"}],"wp:term":[{"taxonomy":"category","embeddable":true,"href":"https:\/\/tucomarca.whitekongsoftware.com\/ca\/wp-json\/wp\/v2\/categories?post=187173"},{"taxonomy":"post_tag","embeddable":true,"href":"https:\/\/tucomarca.whitekongsoftware.com\/ca\/wp-json\/wp\/v2\/tags?post=187173"}],"curies":[{"name":"wp","href":"https:\/\/api.w.org\/{rel}","templated":true}]}}