{"id":187079,"date":"2023-05-28T19:00:00","date_gmt":"2023-05-28T18:00:00","guid":{"rendered":"https:\/\/www.tucomarca.com\/wordpress\/segunda\/?p=187079"},"modified":"2023-05-28T20:16:22","modified_gmt":"2023-05-28T19:16:22","slug":"lindex-de-participacio-en-les-eleccions-a-les-corts-es-del-5827-fins-a-les-1900-hores-un-125-menys-que-en-els-comicis-de-2019","status":"publish","type":"post","link":"https:\/\/tucomarca.whitekongsoftware.com\/ca\/lindex-de-participacio-en-les-eleccions-a-les-corts-es-del-5827-fins-a-les-1900-hores-un-125-menys-que-en-els-comicis-de-2019\/","title":{"rendered":"L&#8217;\u00edndex de participaci\u00f3 en les eleccions a les Corts \u00e9s del 58,27% fins a les 19,00 hores, un 1,25% menys que en els comicis de 2019"},"content":{"rendered":"\n<h4 class=\"wp-block-heading\">La consellera de Just\u00edcia, Gabriela Bravo, subratlla que no s&#8217;han registrat cap \u201cincid\u00e8ncia destacable\u201d<\/h4>\n\n\n\n<p class=\"wp-block-paragraph\">L&#8217;\u00edndex de participaci\u00f3 en les eleccions a les Corts s&#8217;ha situat en el 58,27% fins a les 19,00 hores, la qual cosa suposa un descens del 1,25% respecte a la mateixa hora dels comicis auton\u00f2mics d&#8217;abril de 2019.<\/p>\n\n\n\n<p class=\"wp-block-paragraph\">La consellera de Just\u00edcia, Interior i Administraci\u00f3 P\u00fablica, Gabriela Bravo, ha explicat que, a una hora del tancament dels col\u00b7legis electorals, \u201cno s&#8217;han registrat incid\u00e8ncies destacables\u201d.<\/p>\n\n\n\n<p class=\"wp-block-paragraph\">Per circumscripcions, a la prov\u00edncia d&#8217;Alacant la participaci\u00f3 se situa en el 55,45% del cens, la qual cosa suposa un descens del 3,38% respecte a 2019. Referent a la prov\u00edncia de Castell\u00f3, la participaci\u00f3 ha sigut del 58,50%. Aix\u00f2 suposa una baixada del 3,29% respecte als comicis del 2019. Finalment, a la prov\u00edncia de Val\u00e8ncia la participaci\u00f3 a les 19 hores se situava en un 60,06%, \u00e9s a dir, un 0,58% m\u00e9s que en 2019.<\/p>\n\n\n\n<p class=\"wp-block-paragraph\">La consellera tamb\u00e9 ha informat sobre la participaci\u00f3 en les tres capitals de prov\u00edncia. En aquest sentit, ha indicat que a la ciutat d&#8217;Alacant la participaci\u00f3 se situava a les 19.00 hores en el 51,91%, \u00e9s a dir, un 8,16% menys.<\/p>\n\n\n\n<p class=\"wp-block-paragraph\">A Castell\u00f3, per part seua, l&#8217;\u00edndex de participaci\u00f3 se situava en el 55,12%, la qual cosa suposa un descens del 7,09%.<\/p>\n\n\n\n<p class=\"wp-block-paragraph\">Quant a la ciutat de Val\u00e8ncia la participaci\u00f3 en el que va d&#8217;aquesta jornada se situa en el 60,32%, \u00e9s a dir, s&#8217;ha registrat una lleugera disminuci\u00f3 del 0,57% respecte a 2019.<\/p>\n\n\n\n<p class=\"wp-block-paragraph\"><\/p>\n","protected":false},"excerpt":{"rendered":"<div class=\"mh-excerpt\">La consellera de Just\u00edcia, Gabriela Bravo, subratlla que no s&#8217;han registrat cap \u201cincid\u00e8ncia destacable\u201d L&#8217;\u00edndex de participaci\u00f3 en les eleccions a les Corts s&#8217;ha situat en el 58,27% fins a les 19,00 hores, la qual <a class=\"mh-excerpt-more\" href=\"https:\/\/tucomarca.whitekongsoftware.com\/ca\/lindex-de-participacio-en-les-eleccions-a-les-corts-es-del-5827-fins-a-les-1900-hores-un-125-menys-que-en-els-comicis-de-2019\/\" title=\"L&#8217;\u00edndex de participaci\u00f3 en les eleccions a les Corts \u00e9s del 58,27% fins a les 19,00 hores, un 1,25% menys que en els comicis de 2019\">[+] <\/a><\/div>\n","protected":false},"author":12,"featured_media":187075,"comment_status":"open","ping_status":"open","sticky":false,"template":"","format":"standard","meta":{"footnotes":""},"categories":[19311,10898,10948,10894,10904,10947,10896],"tags":[19308,19309,11498],"class_list":["post-187079","post","type-post","status-publish","format-standard","has-post-thumbnail","category-eleccions-28m","category-ventana-ca","category-infraestructuras-ca","category-la-comarca-ca","category-sin-categorizar-ca","category-politica","category-seccion-ca","tag-28m-2-ca","tag-datos-de-participacion-ca","tag-generalitat-valenciana-ca"],"_links":{"self":[{"href":"https:\/\/tucomarca.whitekongsoftware.com\/ca\/wp-json\/wp\/v2\/posts\/187079","targetHints":{"allow":["GET"]}}],"collection":[{"href":"https:\/\/tucomarca.whitekongsoftware.com\/ca\/wp-json\/wp\/v2\/posts"}],"about":[{"href":"https:\/\/tucomarca.whitekongsoftware.com\/ca\/wp-json\/wp\/v2\/types\/post"}],"author":[{"embeddable":true,"href":"https:\/\/tucomarca.whitekongsoftware.com\/ca\/wp-json\/wp\/v2\/users\/12"}],"replies":[{"embeddable":true,"href":"https:\/\/tucomarca.whitekongsoftware.com\/ca\/wp-json\/wp\/v2\/comments?post=187079"}],"version-history":[{"count":0,"href":"https:\/\/tucomarca.whitekongsoftware.com\/ca\/wp-json\/wp\/v2\/posts\/187079\/revisions"}],"wp:featuredmedia":[{"embeddable":true,"href":"https:\/\/tucomarca.whitekongsoftware.com\/ca\/wp-json\/wp\/v2\/media\/187075"}],"wp:attachment":[{"href":"https:\/\/tucomarca.whitekongsoftware.com\/ca\/wp-json\/wp\/v2\/media?parent=187079"}],"wp:term":[{"taxonomy":"category","embeddable":true,"href":"https:\/\/tucomarca.whitekongsoftware.com\/ca\/wp-json\/wp\/v2\/categories?post=187079"},{"taxonomy":"post_tag","embeddable":true,"href":"https:\/\/tucomarca.whitekongsoftware.com\/ca\/wp-json\/wp\/v2\/tags?post=187079"}],"curies":[{"name":"wp","href":"https:\/\/api.w.org\/{rel}","templated":true}]}}