{"id":186990,"date":"2023-05-26T08:08:00","date_gmt":"2023-05-26T07:08:00","guid":{"rendered":"https:\/\/www.tucomarca.com\/wordpress\/segunda\/?p=186990"},"modified":"2023-05-26T20:43:05","modified_gmt":"2023-05-26T19:43:05","slug":"lajuntament-publica-un-estudi-encarregat-a-la-upv-amb-mesures-per-a-millorar-la-politica-economica-de-xest","status":"publish","type":"post","link":"https:\/\/tucomarca.whitekongsoftware.com\/ca\/lajuntament-publica-un-estudi-encarregat-a-la-upv-amb-mesures-per-a-millorar-la-politica-economica-de-xest\/","title":{"rendered":"L&#8217;Ajuntament publica un estudi encarregat a la UPV amb mesures per a millorar la pol\u00edtica econ\u00f2mica de Xest&nbsp;"},"content":{"rendered":"\n<p class=\"wp-block-paragraph\">L&#8217;Ajuntament de Xest ha publicat el llibre De Tu a tu: Lli\u00e7ons apreses durant la crisi. Cinc mesures de Pol\u00edtica Econ\u00f2mica Municipal, per a divulgar els resultats d&#8217;un estudi realitzat per la Universitat Polit\u00e8cnica de Val\u00e8ncia (UPV), per enc\u00e0rrec de la Regidoria d&#8217;Ocupaci\u00f3.<\/p>\n\n\n\n<p class=\"wp-block-paragraph\">La investigaci\u00f3 plasmada en aquesta publicaci\u00f3 s&#8217;ha subscrit com una contractaci\u00f3 amb la Universitat Polit\u00e8cnica de Val\u00e8ncia, com a treball de transfer\u00e8ncia de coneixement, i ha sigut elaborada pel professor i investigador Fernando Castell\u00f3 Sirvent i la professora i investigadora Marta Peris Ortiz, del Departament d&#8217;Organitzaci\u00f3 d&#8217;Empreses de la UPV.<\/p>\n\n\n\n<p class=\"wp-block-paragraph\">En el llibre poden consultar-se les propostes de pol\u00edtica econ\u00f2mica plantejades per a millorar les condicions de la ciutadania, millorant la innovaci\u00f3 en la adminsitraci\u00f3n local i impulsant les Pimes i l&#8217;ocupaci\u00f3, d&#8217;acord amb l&#8217;an\u00e0lisi realitzada. Les mesures proposades inclouen tamb\u00e9 millores sobre la governan\u00e7a municipal, la transpar\u00e8ncia i l&#8217;avaluaci\u00f3 de pol\u00edtiques p\u00fabliques.<\/p>\n\n\n\n<p class=\"wp-block-paragraph\">\u201cAquesta investigaci\u00f3 naix arran de la Covid, ja que el context de l&#8217;estudi que vam fer per a realitzar el Pla d&#8217;Ocupaci\u00f3 havia canviat completament amb la pand\u00e8mia i, posteriorment, amb la pujada dels preus a causa de la guerra d&#8217;Ucra\u00efna. Hav\u00edem d&#8217;adaptar el pla a la nova realitat, pensant quines mesures pod\u00edem adoptar perqu\u00e8 les fam\u00edlies i les empreses patiren el menor impacte negatiu possible. A partir d&#8217;ac\u00ed es va fer una avaluaci\u00f3 de les pol\u00edtiques p\u00fabliques, que ens va portar a la conclusi\u00f3 que hem de trobar punts de trobada entre el p\u00fablic i privat; entre les empreses i l&#8217;Ajuntament en aquest cas\u201d, ha explicat el regidor d&#8217;Ocupaci\u00f3, Jos\u00e9 Vicente Guijarro. \u201cEn el llibre tamb\u00e9 es tracta una cosa molt important, els ODS, posant el focus en la sostenibilitat a partir de la implantaci\u00f3 de noves tecnologies digitals que ens ajudaran al manteniment del Medi Ambient\u201d.<\/p>\n\n\n\n<p class=\"wp-block-paragraph\">El llibre es pot descarregar en aquest enlla\u00e7: http:\/\/de-tu-a-tu-cheste.fotoweb.es<\/p>\n\n\n\n<p class=\"wp-block-paragraph\"><\/p>\n","protected":false},"excerpt":{"rendered":"<div class=\"mh-excerpt\">L&#8217;Ajuntament de Xest ha publicat el llibre De Tu a tu: Lli\u00e7ons apreses durant la crisi. Cinc mesures de Pol\u00edtica Econ\u00f2mica Municipal, per a divulgar els resultats d&#8217;un estudi realitzat per la Universitat Polit\u00e8cnica de <a class=\"mh-excerpt-more\" href=\"https:\/\/tucomarca.whitekongsoftware.com\/ca\/lajuntament-publica-un-estudi-encarregat-a-la-upv-amb-mesures-per-a-millorar-la-politica-economica-de-xest\/\" title=\"L&#8217;Ajuntament publica un estudi encarregat a la UPV amb mesures per a millorar la pol\u00edtica econ\u00f2mica de Xest&nbsp;\">[+] <\/a><\/div>\n","protected":false},"author":12,"featured_media":89187,"comment_status":"open","ping_status":"open","sticky":false,"template":"","format":"standard","meta":{"footnotes":""},"categories":[10948,10894,10912,11007,10947,10896,10974],"tags":[11071,10914,12693],"class_list":["post-186990","post","type-post","status-publish","format-standard","has-post-thumbnail","category-infraestructuras-ca","category-la-comarca-ca","category-la-hoya-ca","category-ocio-y-cultura-ca","category-politica","category-seccion-ca","category-cheste-ca","tag-cheste","tag-la-hoya-de-bunol-chiva-ca","tag-upv-ca"],"_links":{"self":[{"href":"https:\/\/tucomarca.whitekongsoftware.com\/ca\/wp-json\/wp\/v2\/posts\/186990","targetHints":{"allow":["GET"]}}],"collection":[{"href":"https:\/\/tucomarca.whitekongsoftware.com\/ca\/wp-json\/wp\/v2\/posts"}],"about":[{"href":"https:\/\/tucomarca.whitekongsoftware.com\/ca\/wp-json\/wp\/v2\/types\/post"}],"author":[{"embeddable":true,"href":"https:\/\/tucomarca.whitekongsoftware.com\/ca\/wp-json\/wp\/v2\/users\/12"}],"replies":[{"embeddable":true,"href":"https:\/\/tucomarca.whitekongsoftware.com\/ca\/wp-json\/wp\/v2\/comments?post=186990"}],"version-history":[{"count":0,"href":"https:\/\/tucomarca.whitekongsoftware.com\/ca\/wp-json\/wp\/v2\/posts\/186990\/revisions"}],"wp:featuredmedia":[{"embeddable":true,"href":"https:\/\/tucomarca.whitekongsoftware.com\/ca\/wp-json\/wp\/v2\/media\/89187"}],"wp:attachment":[{"href":"https:\/\/tucomarca.whitekongsoftware.com\/ca\/wp-json\/wp\/v2\/media?parent=186990"}],"wp:term":[{"taxonomy":"category","embeddable":true,"href":"https:\/\/tucomarca.whitekongsoftware.com\/ca\/wp-json\/wp\/v2\/categories?post=186990"},{"taxonomy":"post_tag","embeddable":true,"href":"https:\/\/tucomarca.whitekongsoftware.com\/ca\/wp-json\/wp\/v2\/tags?post=186990"}],"curies":[{"name":"wp","href":"https:\/\/api.w.org\/{rel}","templated":true}]}}