{"id":186955,"date":"2023-05-26T10:35:00","date_gmt":"2023-05-26T09:35:00","guid":{"rendered":"https:\/\/www.tucomarca.com\/wordpress\/segunda\/?p=186955"},"modified":"2023-05-26T19:23:50","modified_gmt":"2023-05-26T18:23:50","slug":"abel-marti-tanca-campanya-animant-a-votar-al-pp-com-lunica-alternativa-que-garanteix-un-govern-a-millor-a-la-pobla-de-vallbona","status":"publish","type":"post","link":"https:\/\/tucomarca.whitekongsoftware.com\/ca\/abel-marti-tanca-campanya-animant-a-votar-al-pp-com-lunica-alternativa-que-garanteix-un-govern-a-millor-a-la-pobla-de-vallbona\/","title":{"rendered":"Abel Mart\u00ed tanca campanya animant a votar al PP \u201ccom l&#8217;\u00fanica alternativa que garanteix un govern a millor a la Pobla de Vallbona\u201d"},"content":{"rendered":"\n<h3 class=\"wp-block-heading\"><strong>El candidat del PP indica que \u201cqui vulga canviar, el t\u00e9 molt f\u00e0cil: que vote al PP. Ac\u00ed nom\u00e9s hi ha dues opcions, o Josep Vicent Garcia i Tamarit amb el seu govern car i incapa\u00e7, o el PP. Tots els altres han demostrat ser crosses de Comprom\u00eds\u201d\u00a0<\/strong><\/h3>\n\n\n\n<h3 class=\"wp-block-heading\"><strong>\u201cLa gent ens coneix, som els que vam fer sa Pobla una refer\u00e8ncia a la comarca i un pol d&#8217;atracci\u00f3 d&#8217;inversions de tota Val\u00e8ncia, i el 28 de maig volem tornar a aqueixa senda i deixar arrere l&#8217;immobilisme\u201d<\/strong><\/h3>\n\n\n\n<h3 class=\"wp-block-heading\"><strong>\u201cVolem retornar al municipi una millor seguretat, m\u00e9s inversions en educaci\u00f3 amb un segon institut, m\u00e9s sanitat amb el centre d&#8217;especialitats, les obres necess\u00e0ries per a millorar les urbanitzacions o un centre en condicions per als nostres majors\u201d<\/strong><\/h3>\n\n\n\n<p class=\"wp-block-paragraph\">El candidat del Partit Popular a l&#8217;alcaldia de la Pobla de Vallbona, Abel Mart\u00ed, ha tancat la campanya electoral enviant un missatge a tots els ciutadans perqu\u00e8 el diumenge 28 de maig \u201cvagen a votar i ho facen amb il\u00b7lusi\u00f3 i amb la convicci\u00f3 que el PP \u00e9s l&#8217;\u00fanica garantia i l&#8217;\u00fanica alternativa que garanteix un canvi real i sobretot un govern millor a la Pobla de Vallbona\u201d.\u00a0<br>Abel Mart\u00ed s&#8217;ha mostrat satisfet \u201cdespr\u00e9s de 15 dies fren\u00e8tics de campanya en els quals cal agrair a tota la candidatura del PP de la Pobla i als militants i simpatitzants populars que s&#8217;han deixat la pell pel projecte del canvi\u201d, aix\u00ed com un agra\u00efment \u201ca tots els ciutadans de sa Pobla que durant aquests dies s&#8217;han acostat a escoltar les nostres propostes i a donar-nos \u00e0nims perqu\u00e8 diumenge que ve hi haja un nou govern\u201d.\u00a0<br>El candidat del PP ha assenyalat que \u201cqui vulga canviar, el t\u00e9 molt f\u00e0cil: que vote al PP. Ac\u00ed nom\u00e9s hi ha dues opcions, o Josep Vicent Garcia i Tamarit amb el seu govern car i incapa\u00e7 de resoldre els problemes de sa Pobla i de reivindicar absolutament res, o el projecte del PP. Tots els altres partits nom\u00e9s s\u00f3n crosses de Comprom\u00eds com hem vist aquests anys i s&#8217;obrin a jocs de trilers per una butaca. O el futur de sa Pobla amb el PP o seguir ancorats en l&#8217;immobilisme\u201d.\u00a0<br>Abel Mart\u00ed ha defensat que el PP a m\u00e9s \u201c\u00e9s l&#8217;\u00fanic partit que no parteix de zero. Hem sigut el cap de l&#8217;oposici\u00f3 al govern de Josep Vicent Garcia i Tamarit aquests huit anys, denunciant la seua falta de treball i la p\u00e8rdua d&#8217;oportunitats de sa Pobla, i hem sigut el partit que hem transformat la Pobla de Vallbona quan hem governat aquest municipi. La gent ens coneix, som els que vam fer sa Pobla una refer\u00e8ncia a la comarca i un pol d&#8217;atracci\u00f3 d&#8217;inversions de tota Val\u00e8ncia, i el 28 de maig volem tornar a aqueixa senda\u201d.\u00a0<br>\u201cVolem retornar a la Policia Local de sa Pobla el seu prestigi i professionalitat, volem retornar al municipi una millor seguretat, volem retornar m\u00e9s inversions en educaci\u00f3 amb un segon institut, volem retornar m\u00e9s sanitat amb el centre d&#8217;especialitats, volem retornar a les urbanitzacions les obres necess\u00e0ries per a millorar la seua qualitat de vida i evitar inundacions, volem retornar als nostres majors un centre en condicions, volem retornar en definitiva a la Pobla de Vallbona a una posici\u00f3 l\u00edder\u201d, ha continuat l&#8217;alcaldable del PP.\u00a0<br>En definitiva, Abel Mart\u00ed ha concl\u00f2s amb un missatge d&#8217;optimisme i cridant a omplir les urnes \u201cde paperetes d&#8217;il\u00b7lusi\u00f3, de vots per la Pobla de Vallbona, de vots pel PP, l&#8217;\u00fanic partit que assegura governar per a tots, tant els que pensen com nosaltres com els que no, un vot per a mirar avant\u201d.<\/p>\n","protected":false},"excerpt":{"rendered":"<div class=\"mh-excerpt\">El candidat del PP indica que \u201cqui vulga canviar, el t\u00e9 molt f\u00e0cil: que vote al PP. Ac\u00ed nom\u00e9s hi ha dues opcions, o Josep Vicent Garcia i Tamarit amb el seu govern car i <a class=\"mh-excerpt-more\" href=\"https:\/\/tucomarca.whitekongsoftware.com\/ca\/abel-marti-tanca-campanya-animant-a-votar-al-pp-com-lunica-alternativa-que-garanteix-un-govern-a-millor-a-la-pobla-de-vallbona\/\" title=\"Abel Mart\u00ed tanca campanya animant a votar al PP \u201ccom l&#8217;\u00fanica alternativa que garanteix un govern a millor a la Pobla de Vallbona\u201d\">[+] <\/a><\/div>\n","protected":false},"author":1,"featured_media":186953,"comment_status":"open","ping_status":"open","sticky":false,"template":"","format":"standard","meta":{"footnotes":""},"categories":[10892,10948,10894,10915,10947,10896],"tags":[10899,18266,18828,10916,11978,11344],"class_list":["post-186955","post","type-post","status-publish","format-standard","has-post-thumbnail","category-camp-de-turia-ca","category-infraestructuras-ca","category-la-comarca-ca","category-la-pobla-ca","category-politica","category-seccion-ca","tag-camp-de-turia-ca","tag-elecciones-2023-ca","tag-elecciones-municipales-2023-ca","tag-la-pobla-de-vallbona-ca","tag-partido-popular-ca","tag-pp-ca"],"_links":{"self":[{"href":"https:\/\/tucomarca.whitekongsoftware.com\/ca\/wp-json\/wp\/v2\/posts\/186955","targetHints":{"allow":["GET"]}}],"collection":[{"href":"https:\/\/tucomarca.whitekongsoftware.com\/ca\/wp-json\/wp\/v2\/posts"}],"about":[{"href":"https:\/\/tucomarca.whitekongsoftware.com\/ca\/wp-json\/wp\/v2\/types\/post"}],"author":[{"embeddable":true,"href":"https:\/\/tucomarca.whitekongsoftware.com\/ca\/wp-json\/wp\/v2\/users\/1"}],"replies":[{"embeddable":true,"href":"https:\/\/tucomarca.whitekongsoftware.com\/ca\/wp-json\/wp\/v2\/comments?post=186955"}],"version-history":[{"count":0,"href":"https:\/\/tucomarca.whitekongsoftware.com\/ca\/wp-json\/wp\/v2\/posts\/186955\/revisions"}],"wp:featuredmedia":[{"embeddable":true,"href":"https:\/\/tucomarca.whitekongsoftware.com\/ca\/wp-json\/wp\/v2\/media\/186953"}],"wp:attachment":[{"href":"https:\/\/tucomarca.whitekongsoftware.com\/ca\/wp-json\/wp\/v2\/media?parent=186955"}],"wp:term":[{"taxonomy":"category","embeddable":true,"href":"https:\/\/tucomarca.whitekongsoftware.com\/ca\/wp-json\/wp\/v2\/categories?post=186955"},{"taxonomy":"post_tag","embeddable":true,"href":"https:\/\/tucomarca.whitekongsoftware.com\/ca\/wp-json\/wp\/v2\/tags?post=186955"}],"curies":[{"name":"wp","href":"https:\/\/api.w.org\/{rel}","templated":true}]}}