{"id":186806,"date":"2023-05-25T13:00:00","date_gmt":"2023-05-25T12:00:00","guid":{"rendered":"https:\/\/www.tucomarca.com\/wordpress\/segunda\/?p=186806"},"modified":"2023-05-25T14:33:09","modified_gmt":"2023-05-25T13:33:09","slug":"la-socialista-margarita-romero-lidera-la-candidatura-unitaria-de-lesquerra-a-macastre","status":"publish","type":"post","link":"https:\/\/tucomarca.whitekongsoftware.com\/ca\/la-socialista-margarita-romero-lidera-la-candidatura-unitaria-de-lesquerra-a-macastre\/","title":{"rendered":"La socialista Margarita Romero lidera la candidatura unit\u00e0ria de l&#8217;esquerra a Macastre"},"content":{"rendered":"\n<figure class=\"wp-block-image size-full\"><img loading=\"lazy\" decoding=\"async\" width=\"1021\" height=\"538\" src=\"http:\/\/www.tucomarca.com\/wordpress\/segunda\/wp-content\/uploads\/2023\/05\/PSOEMacastre.jpg\" alt=\"\" class=\"wp-image-186801\" srcset=\"https:\/\/tucomarca.whitekongsoftware.com\/wp-content\/uploads\/2023\/05\/PSOEMacastre.jpg 1021w, https:\/\/tucomarca.whitekongsoftware.com\/wp-content\/uploads\/2023\/05\/PSOEMacastre-300x158.jpg 300w, https:\/\/tucomarca.whitekongsoftware.com\/wp-content\/uploads\/2023\/05\/PSOEMacastre-768x405.jpg 768w\" sizes=\"auto, (max-width: 1021px) 100vw, 1021px\" \/><\/figure>\n\n\n\n<p class=\"wp-block-paragraph\">&#8220;S&#8217;ha fet p\u00fablica la candidatura del PSOE en coalici\u00f3 amb M\u00e9s Macastre per a les Eleccions Municipals 2023 que est\u00e0 encap\u00e7alada per Margarita Romero Miralles com a l\u00edder i referent dins del partit&#8221;, tal com han informat fonts de la formaci\u00f3.<\/p>\n\n\n\n<p class=\"wp-block-paragraph\">&#8220;A ella li segueixen Juan Vicente Aguillela Busts, com a independent i actor protagonista de M\u00e9s Macastre; Francisco Granado Curiel, afiliat socialista; Ram\u00f3n Mart\u00edn S\u00e1ez i Mariana L\u00f3pez Gri\u00f1\u00f3n, com a representants m\u00e9s reconeguts d&#8217;un partit que ve disposat a traure de l&#8217;estancament al govern del PP, que porta almenys 12 anys en qu\u00e8 han perjudicat i han deteriorat i no aprofitat dotacions de la Generalitat que hagueren suposat un suport a la majoria i bona projecci\u00f3 de la poblaci\u00f3&#8221;.<\/p>\n\n\n\n<p class=\"wp-block-paragraph\">&#8220;\u00c9s un moment decisiu perqu\u00e8 Macastre isca d&#8217;aqueix atolladero i emprenga per fi un cam\u00ed cap a una Macastre que Viu&#8221;, han finalitzat des del PSPV-PSOE.<\/p>\n\n\n\n<figure class=\"wp-block-image size-large\"><img loading=\"lazy\" decoding=\"async\" width=\"748\" height=\"1024\" src=\"http:\/\/www.tucomarca.com\/wordpress\/segunda\/wp-content\/uploads\/2023\/05\/MargaritaRomero-748x1024.jpg\" alt=\"\" class=\"wp-image-186784\" srcset=\"https:\/\/tucomarca.whitekongsoftware.com\/wp-content\/uploads\/2023\/05\/MargaritaRomero-748x1024.jpg 748w, https:\/\/tucomarca.whitekongsoftware.com\/wp-content\/uploads\/2023\/05\/MargaritaRomero-219x300.jpg 219w, https:\/\/tucomarca.whitekongsoftware.com\/wp-content\/uploads\/2023\/05\/MargaritaRomero-768x1052.jpg 768w, https:\/\/tucomarca.whitekongsoftware.com\/wp-content\/uploads\/2023\/05\/MargaritaRomero.jpg 1002w\" sizes=\"auto, (max-width: 748px) 100vw, 748px\" \/><\/figure>\n","protected":false},"excerpt":{"rendered":"<div class=\"mh-excerpt\">&#8220;S&#8217;ha fet p\u00fablica la candidatura del PSOE en coalici\u00f3 amb M\u00e9s Macastre per a les Eleccions Municipals 2023 que est\u00e0 encap\u00e7alada per Margarita Romero Miralles com a l\u00edder i referent dins del partit&#8221;, tal com <a class=\"mh-excerpt-more\" href=\"https:\/\/tucomarca.whitekongsoftware.com\/ca\/la-socialista-margarita-romero-lidera-la-candidatura-unitaria-de-lesquerra-a-macastre\/\" title=\"La socialista Margarita Romero lidera la candidatura unit\u00e0ria de l&#8217;esquerra a Macastre\">[+] <\/a><\/div>\n","protected":false},"author":1,"featured_media":186802,"comment_status":"open","ping_status":"open","sticky":false,"template":"","format":"standard","meta":{"footnotes":""},"categories":[10948,10894,10912,10978,10947,10896],"tags":[10914,11144,11319],"class_list":["post-186806","post","type-post","status-publish","format-standard","has-post-thumbnail","category-infraestructuras-ca","category-la-comarca-ca","category-la-hoya-ca","category-macastre-ca","category-politica","category-seccion-ca","tag-la-hoya-de-bunol-chiva-ca","tag-macastre-ca","tag-pspv-psoe-ca"],"_links":{"self":[{"href":"https:\/\/tucomarca.whitekongsoftware.com\/ca\/wp-json\/wp\/v2\/posts\/186806","targetHints":{"allow":["GET"]}}],"collection":[{"href":"https:\/\/tucomarca.whitekongsoftware.com\/ca\/wp-json\/wp\/v2\/posts"}],"about":[{"href":"https:\/\/tucomarca.whitekongsoftware.com\/ca\/wp-json\/wp\/v2\/types\/post"}],"author":[{"embeddable":true,"href":"https:\/\/tucomarca.whitekongsoftware.com\/ca\/wp-json\/wp\/v2\/users\/1"}],"replies":[{"embeddable":true,"href":"https:\/\/tucomarca.whitekongsoftware.com\/ca\/wp-json\/wp\/v2\/comments?post=186806"}],"version-history":[{"count":0,"href":"https:\/\/tucomarca.whitekongsoftware.com\/ca\/wp-json\/wp\/v2\/posts\/186806\/revisions"}],"wp:featuredmedia":[{"embeddable":true,"href":"https:\/\/tucomarca.whitekongsoftware.com\/ca\/wp-json\/wp\/v2\/media\/186802"}],"wp:attachment":[{"href":"https:\/\/tucomarca.whitekongsoftware.com\/ca\/wp-json\/wp\/v2\/media?parent=186806"}],"wp:term":[{"taxonomy":"category","embeddable":true,"href":"https:\/\/tucomarca.whitekongsoftware.com\/ca\/wp-json\/wp\/v2\/categories?post=186806"},{"taxonomy":"post_tag","embeddable":true,"href":"https:\/\/tucomarca.whitekongsoftware.com\/ca\/wp-json\/wp\/v2\/tags?post=186806"}],"curies":[{"name":"wp","href":"https:\/\/api.w.org\/{rel}","templated":true}]}}