{"id":186792,"date":"2023-05-25T14:00:00","date_gmt":"2023-05-25T13:00:00","guid":{"rendered":"https:\/\/www.tucomarca.com\/wordpress\/segunda\/?p=186792"},"modified":"2023-05-25T14:21:00","modified_gmt":"2023-05-25T13:21:00","slug":"el-llevant-ud-inicia-el-compte-arrere-per-a-deixar-bunyol-despres-dobtindre-la-llicencia-per-a-la-seua-nova-ciutat-esportiva-a-valencia","status":"publish","type":"post","link":"https:\/\/tucomarca.whitekongsoftware.com\/ca\/el-llevant-ud-inicia-el-compte-arrere-per-a-deixar-bunyol-despres-dobtindre-la-llicencia-per-a-la-seua-nova-ciutat-esportiva-a-valencia\/","title":{"rendered":"El Llevant UD inicia el compte arrere per a deixar Bunyol despr\u00e9s d&#8217;obtindre la llic\u00e8ncia per a la seua nova Ciutat Esportiva a Val\u00e8ncia"},"content":{"rendered":"\n<p class=\"wp-block-paragraph\">L&#8217;Ajuntament de Val\u00e8ncia ha fet p\u00fablic que aquest dijous ha concedit la llic\u00e8ncia al Llevant UD per a la construcci\u00f3 de la seua nova Ciutat Esportiva en el barri de Natzaret, la qual cosa en la pr\u00e0ctica significa que s&#8217;ha iniciat ja el compte arrere per al comen\u00e7ament de les obres aix\u00ed com per a abandonar les actuals instal\u00b7lacions que l&#8217;entitat esportiva posseeix en el terme municipal de Bunyol.<\/p>\n\n\n\n<p class=\"wp-block-paragraph\">El propi alcalde de Val\u00e8ncia, Joan Rib\u00f3, ha manifestat en diversos mitjans de comunicaci\u00f3 que el Llevant UD \u00e9s &#8220;un dels dos equips de la ciutat de Val\u00e8ncia; pel que estem molt contents amb la idea que totes les instal\u00b7lacions siguen ac\u00ed i no s&#8217;hagen de despla\u00e7ar cada dia fins a Bunyol. A m\u00e9s \u00e9s una gran not\u00edcia que s&#8217;emporten totes les instal\u00b7lacions des de Bunyol a una zona de Val\u00e8ncia amb la qual el club t\u00e9 un especial arrelament&#8221;.<\/p>\n\n\n\n<p class=\"wp-block-paragraph\">Segons ja va avan\u00e7ar el club granota, les noves instal\u00b7lacions esportives comptaran amb un mini estadi per a 2.500 espectadors aix\u00ed com set camps de futbol i un edifici per a activitats socials i administratives.<\/p>\n","protected":false},"excerpt":{"rendered":"<div class=\"mh-excerpt\">L&#8217;Ajuntament de Val\u00e8ncia ha fet p\u00fablic que aquest dijous ha concedit la llic\u00e8ncia al Llevant UD per a la construcci\u00f3 de la seua nova Ciutat Esportiva en el barri de Natzaret, la qual cosa en <a class=\"mh-excerpt-more\" href=\"https:\/\/tucomarca.whitekongsoftware.com\/ca\/el-llevant-ud-inicia-el-compte-arrere-per-a-deixar-bunyol-despres-dobtindre-la-llicencia-per-a-la-seua-nova-ciutat-esportiva-a-valencia\/\" title=\"El Llevant UD inicia el compte arrere per a deixar Bunyol despr\u00e9s d&#8217;obtindre la llic\u00e8ncia per a la seua nova Ciutat Esportiva a Val\u00e8ncia\">[+] <\/a><\/div>\n","protected":false},"author":1,"featured_media":186793,"comment_status":"open","ping_status":"open","sticky":false,"template":"","format":"standard","meta":{"footnotes":""},"categories":[10911,11015,11003,10898,10948,10894,10904,10912,10947,10896],"tags":[11074,10914,19300],"class_list":["post-186792","post","type-post","status-publish","format-standard","has-post-thumbnail","category-bunol-ca","category-canal-futbol","category-sports","category-ventana-ca","category-infraestructuras-ca","category-la-comarca-ca","category-sin-categorizar-ca","category-la-hoya-ca","category-politica","category-seccion-ca","tag-deportes-ca","tag-la-hoya-de-bunol-chiva-ca","tag-levante-ud-2-ca"],"_links":{"self":[{"href":"https:\/\/tucomarca.whitekongsoftware.com\/ca\/wp-json\/wp\/v2\/posts\/186792","targetHints":{"allow":["GET"]}}],"collection":[{"href":"https:\/\/tucomarca.whitekongsoftware.com\/ca\/wp-json\/wp\/v2\/posts"}],"about":[{"href":"https:\/\/tucomarca.whitekongsoftware.com\/ca\/wp-json\/wp\/v2\/types\/post"}],"author":[{"embeddable":true,"href":"https:\/\/tucomarca.whitekongsoftware.com\/ca\/wp-json\/wp\/v2\/users\/1"}],"replies":[{"embeddable":true,"href":"https:\/\/tucomarca.whitekongsoftware.com\/ca\/wp-json\/wp\/v2\/comments?post=186792"}],"version-history":[{"count":0,"href":"https:\/\/tucomarca.whitekongsoftware.com\/ca\/wp-json\/wp\/v2\/posts\/186792\/revisions"}],"wp:featuredmedia":[{"embeddable":true,"href":"https:\/\/tucomarca.whitekongsoftware.com\/ca\/wp-json\/wp\/v2\/media\/186793"}],"wp:attachment":[{"href":"https:\/\/tucomarca.whitekongsoftware.com\/ca\/wp-json\/wp\/v2\/media?parent=186792"}],"wp:term":[{"taxonomy":"category","embeddable":true,"href":"https:\/\/tucomarca.whitekongsoftware.com\/ca\/wp-json\/wp\/v2\/categories?post=186792"},{"taxonomy":"post_tag","embeddable":true,"href":"https:\/\/tucomarca.whitekongsoftware.com\/ca\/wp-json\/wp\/v2\/tags?post=186792"}],"curies":[{"name":"wp","href":"https:\/\/api.w.org\/{rel}","templated":true}]}}