{"id":186570,"date":"2023-05-24T08:00:00","date_gmt":"2023-05-24T07:00:00","guid":{"rendered":"https:\/\/www.tucomarca.com\/wordpress\/segunda\/?p=186570"},"modified":"2023-05-24T12:14:36","modified_gmt":"2023-05-24T11:14:36","slug":"ana-gomez-es-la-nova-presidenta-de-la-falla-bunyol-poble","status":"publish","type":"post","link":"https:\/\/tucomarca.whitekongsoftware.com\/ca\/ana-gomez-es-la-nova-presidenta-de-la-falla-bunyol-poble\/","title":{"rendered":"Ana G\u00f3mez \u00e9s la nova presidenta de la Falla Bunyol Poble"},"content":{"rendered":"\n<p class=\"wp-block-paragraph\">Despr\u00e9s de la celebraci\u00f3 de la Junta General Extraordin\u00e0ria diumenge passat, 21 de maig, ha sigut elegida com a presidenta per a l&#8217;exercici 2023-2024 de la comissi\u00f3 de la Falla Bunyol Poble, Ana G\u00f3mez Gonz\u00e1lez.&nbsp;<\/p>\n\n\n\n<p class=\"wp-block-paragraph\">Manuel G\u00f3mez Gonz\u00e1lez, despr\u00e9s de 8 anys consecutius com a President, deixa el c\u00e0rrec i presa el relleu la seua germana Ana, que es converteix en la primera dona a ostentar el c\u00e0rrec dins d&#8217;aquesta veterana comissi\u00f3. &#8220;No tenim dubte que estar\u00e0 a l&#8217;altura del lloc que exercir\u00e0. Enhorabona Ana&#8221;, afigen des de la comissi\u00f3 Fallera de Bunyol.&nbsp;<\/p>\n\n\n\n<p class=\"wp-block-paragraph\"><\/p>\n","protected":false},"excerpt":{"rendered":"<div class=\"mh-excerpt\">Despr\u00e9s de la celebraci\u00f3 de la Junta General Extraordin\u00e0ria diumenge passat, 21 de maig, ha sigut elegida com a presidenta per a l&#8217;exercici 2023-2024 de la comissi\u00f3 de la Falla Bunyol Poble, Ana G\u00f3mez Gonz\u00e1lez.&nbsp; <a class=\"mh-excerpt-more\" href=\"https:\/\/tucomarca.whitekongsoftware.com\/ca\/ana-gomez-es-la-nova-presidenta-de-la-falla-bunyol-poble\/\" title=\"Ana G\u00f3mez \u00e9s la nova presidenta de la Falla Bunyol Poble\">[+] <\/a><\/div>\n","protected":false},"author":12,"featured_media":186569,"comment_status":"open","ping_status":"open","sticky":false,"template":"","format":"standard","meta":{"footnotes":""},"categories":[10911,10894,10912,11007,10896],"tags":[10913,16555,10914],"class_list":["post-186570","post","type-post","status-publish","format-standard","has-post-thumbnail","category-bunol-ca","category-la-comarca-ca","category-la-hoya-ca","category-ocio-y-cultura-ca","category-seccion-ca","tag-bunol-ca","tag-falla-bunol-pueblo-ca","tag-la-hoya-de-bunol-chiva-ca"],"_links":{"self":[{"href":"https:\/\/tucomarca.whitekongsoftware.com\/ca\/wp-json\/wp\/v2\/posts\/186570","targetHints":{"allow":["GET"]}}],"collection":[{"href":"https:\/\/tucomarca.whitekongsoftware.com\/ca\/wp-json\/wp\/v2\/posts"}],"about":[{"href":"https:\/\/tucomarca.whitekongsoftware.com\/ca\/wp-json\/wp\/v2\/types\/post"}],"author":[{"embeddable":true,"href":"https:\/\/tucomarca.whitekongsoftware.com\/ca\/wp-json\/wp\/v2\/users\/12"}],"replies":[{"embeddable":true,"href":"https:\/\/tucomarca.whitekongsoftware.com\/ca\/wp-json\/wp\/v2\/comments?post=186570"}],"version-history":[{"count":0,"href":"https:\/\/tucomarca.whitekongsoftware.com\/ca\/wp-json\/wp\/v2\/posts\/186570\/revisions"}],"wp:featuredmedia":[{"embeddable":true,"href":"https:\/\/tucomarca.whitekongsoftware.com\/ca\/wp-json\/wp\/v2\/media\/186569"}],"wp:attachment":[{"href":"https:\/\/tucomarca.whitekongsoftware.com\/ca\/wp-json\/wp\/v2\/media?parent=186570"}],"wp:term":[{"taxonomy":"category","embeddable":true,"href":"https:\/\/tucomarca.whitekongsoftware.com\/ca\/wp-json\/wp\/v2\/categories?post=186570"},{"taxonomy":"post_tag","embeddable":true,"href":"https:\/\/tucomarca.whitekongsoftware.com\/ca\/wp-json\/wp\/v2\/tags?post=186570"}],"curies":[{"name":"wp","href":"https:\/\/api.w.org\/{rel}","templated":true}]}}