{"id":186496,"date":"2023-05-23T12:00:00","date_gmt":"2023-05-23T11:00:00","guid":{"rendered":"https:\/\/www.tucomarca.com\/wordpress\/segunda\/?p=186496"},"modified":"2023-05-23T13:49:13","modified_gmt":"2023-05-23T12:49:13","slug":"lalumnat-de-xest-ja-pot-realitzar-activitats-al-parc-deducacio-viaria-de-la-lomiquia","status":"publish","type":"post","link":"https:\/\/tucomarca.whitekongsoftware.com\/ca\/lalumnat-de-xest-ja-pot-realitzar-activitats-al-parc-deducacio-viaria-de-la-lomiquia\/","title":{"rendered":"L&#8217;alumnat de Xest ja pot realitzar activitats al parc d&#8217;educaci\u00f3 vi\u00e0ria de La Lomiquia"},"content":{"rendered":"\n<p class=\"wp-block-paragraph\">La setmana passada es va estrenar el parc d&#8217;educaci\u00f3 vi\u00e0ria instal\u00b7lat al Parc de La Lomiquia amb activitats per a l&#8217;alumnat dels centres educatius de Xest.<\/p>\n\n\n\n<p class=\"wp-block-paragraph\">\u201cHe treballat durant aquests dos \u00faltims anys per a idear i dur a terme aquest projecte i per fi s&#8217;ha estrenat, tots els col\u00b7legis de la poblaci\u00f3 estan participant en les activitats d&#8217;educaci\u00f3 vi\u00e0ria propostes i \u00e9s molt gratificant\u201d, ha apuntat el regidor de Parcs i Jardins, David Pujals. \u201cHem invertit prop de 42.000 euros, m\u00e9s IVA, si b\u00e9 encara ens queden alguns detalls perqu\u00e8 aquest parc educatiu quede acabat per complet\u201d.<\/p>\n\n\n\n<p class=\"wp-block-paragraph\">Les activitats d&#8217;Educaci\u00f3 Vi\u00e0ria es coordinen des de la Regidoria d&#8217;Educaci\u00f3 i els centres educatius i les imparteix la Policia Local. \u201cEstem molt contents que els xiquets i les xiquetes ja puguen utilitzar per fi el parc d&#8217;educaci\u00f3 vi\u00e0ria per a complementar l&#8217;activitat que des de fa temps venim oferint des de l&#8217;Ajuntament, la policia sempre ha col\u00b7laborat amb nosaltres i ara tenen un espai per a poder dur-la a terme en millors condicions\u201d, ha apuntat la regidora d&#8217;Educaci\u00f3, M\u00aa \u00c1ngeles Llorente.<\/p>\n\n\n\n<p class=\"wp-block-paragraph\">Les din\u00e0miques realitzades amb l&#8217;alumnat es basen principalment en els jocs de rol, encara que tamb\u00e9 es treballa amb puzles i altres materials manipulatius. \u201cDividim a l&#8217;alumnat en grups de 5 o 6 i els donem els rols de conductors, policies i vianants. Aprenen les normes i refresquen els senyals, com a conductors interioritzen la import\u00e0ncia de no envair el sentit contrari, que \u00e9s el m\u00e9s els costa, i tot aix\u00f2 els serveix per a ser aut\u00f2noms quan vagen amb les seues bicis i els seus patins pels carrers\u201d, ha explicat l&#8217;agent Eva Montero, una de les encarregades d&#8217;impartir l&#8217;Educaci\u00f3 vi\u00e0ria. \u201cAra com ara ha participat alumnat del Giner, de primer i segon de Prim\u00e0ria\u201d.<\/p>\n\n\n\n<p class=\"wp-block-paragraph\"><\/p>\n","protected":false},"excerpt":{"rendered":"<div class=\"mh-excerpt\">La setmana passada es va estrenar el parc d&#8217;educaci\u00f3 vi\u00e0ria instal\u00b7lat al Parc de La Lomiquia amb activitats per a l&#8217;alumnat dels centres educatius de Xest. \u201cHe treballat durant aquests dos \u00faltims anys per a <a class=\"mh-excerpt-more\" href=\"https:\/\/tucomarca.whitekongsoftware.com\/ca\/lalumnat-de-xest-ja-pot-realitzar-activitats-al-parc-deducacio-viaria-de-la-lomiquia\/\" title=\"L&#8217;alumnat de Xest ja pot realitzar activitats al parc d&#8217;educaci\u00f3 vi\u00e0ria de La Lomiquia\">[+] <\/a><\/div>\n","protected":false},"author":12,"featured_media":186495,"comment_status":"open","ping_status":"open","sticky":false,"template":"","format":"standard","meta":{"footnotes":""},"categories":[10894,10912,10974],"tags":[11071,13633,10914,19248],"class_list":["post-186496","post","type-post","status-publish","format-standard","has-post-thumbnail","category-la-comarca-ca","category-la-hoya-ca","category-cheste-ca","tag-cheste","tag-educacion-vial-ca","tag-la-hoya-de-bunol-chiva-ca","tag-parque-la-lomiquia-ca"],"_links":{"self":[{"href":"https:\/\/tucomarca.whitekongsoftware.com\/ca\/wp-json\/wp\/v2\/posts\/186496","targetHints":{"allow":["GET"]}}],"collection":[{"href":"https:\/\/tucomarca.whitekongsoftware.com\/ca\/wp-json\/wp\/v2\/posts"}],"about":[{"href":"https:\/\/tucomarca.whitekongsoftware.com\/ca\/wp-json\/wp\/v2\/types\/post"}],"author":[{"embeddable":true,"href":"https:\/\/tucomarca.whitekongsoftware.com\/ca\/wp-json\/wp\/v2\/users\/12"}],"replies":[{"embeddable":true,"href":"https:\/\/tucomarca.whitekongsoftware.com\/ca\/wp-json\/wp\/v2\/comments?post=186496"}],"version-history":[{"count":0,"href":"https:\/\/tucomarca.whitekongsoftware.com\/ca\/wp-json\/wp\/v2\/posts\/186496\/revisions"}],"wp:featuredmedia":[{"embeddable":true,"href":"https:\/\/tucomarca.whitekongsoftware.com\/ca\/wp-json\/wp\/v2\/media\/186495"}],"wp:attachment":[{"href":"https:\/\/tucomarca.whitekongsoftware.com\/ca\/wp-json\/wp\/v2\/media?parent=186496"}],"wp:term":[{"taxonomy":"category","embeddable":true,"href":"https:\/\/tucomarca.whitekongsoftware.com\/ca\/wp-json\/wp\/v2\/categories?post=186496"},{"taxonomy":"post_tag","embeddable":true,"href":"https:\/\/tucomarca.whitekongsoftware.com\/ca\/wp-json\/wp\/v2\/tags?post=186496"}],"curies":[{"name":"wp","href":"https:\/\/api.w.org\/{rel}","templated":true}]}}