{"id":186459,"date":"2023-05-23T12:30:00","date_gmt":"2023-05-23T11:30:00","guid":{"rendered":"https:\/\/www.tucomarca.com\/wordpress\/segunda\/?p=186459"},"modified":"2023-05-23T14:00:11","modified_gmt":"2023-05-23T13:00:11","slug":"el-conseller-dhabitatge-hector-illueca-visita-bunyol-per-a-mostrar-el-seu-suport-a-la-candidatura-dunides-podem","status":"publish","type":"post","link":"https:\/\/tucomarca.whitekongsoftware.com\/ca\/el-conseller-dhabitatge-hector-illueca-visita-bunyol-per-a-mostrar-el-seu-suport-a-la-candidatura-dunides-podem\/","title":{"rendered":"El conseller d&#8217;Habitatge, H\u00e9ctor Illueca, visita Bunyol per a mostrar el seu suport a la candidatura d&#8217;Unides Podem"},"content":{"rendered":"\n<p class=\"wp-block-paragraph\">El vicepresident segon i conseller d&#8217;Habitatge i Arquitectura Bioclim\u00e0tica de la Generalitat Valenciana, H\u00e9ctor Illueca, ha visitat Bunyol per a mostrar el seu suport a la candidatura d&#8217;Unides Podem.<\/p>\n\n\n\n<p class=\"wp-block-paragraph\">Durant la visita ha passejat junt els candidats, Chimo Masmano Ruiz i Mati Mas, i altres membres de la candidatura pel Castell de Bunyol i el barri antic, fent una parada especial en les obres de reconstrucci\u00f3 que s&#8217;han dut a terme despr\u00e9s de l&#8217;esfondrament del carrer Morat\u00edn.<\/p>\n\n\n\n<p class=\"wp-block-paragraph\">Illueca ha informat la coalici\u00f3 electoral de Bunyol que el pacte del Bot\u00e0nic es reeditar\u00e0 amb la condici\u00f3 que es cree una empresa p\u00fablica d&#8217;energia\u00a0gestionada per la Generalitat.<\/p>\n\n\n\n<p class=\"wp-block-paragraph\">Fotos: <strong>Jos\u00e9 L. Mont\u00f3n<\/strong><\/p>\n\n\n\n<figure class=\"wp-block-gallery has-nested-images columns-2 is-cropped wp-block-gallery-1 is-layout-flex wp-block-gallery-is-layout-flex\">\n<figure class=\"wp-block-image size-large\"><img loading=\"lazy\" decoding=\"async\" width=\"886\" height=\"591\" data-id=\"186446\" src=\"http:\/\/www.tucomarca.com\/wordpress\/segunda\/wp-content\/uploads\/2023\/05\/UnidasPodemosBunol02.jpg\" alt=\"\" class=\"wp-image-186446\" srcset=\"https:\/\/tucomarca.whitekongsoftware.com\/wp-content\/uploads\/2023\/05\/UnidasPodemosBunol02.jpg 886w, https:\/\/tucomarca.whitekongsoftware.com\/wp-content\/uploads\/2023\/05\/UnidasPodemosBunol02-300x200.jpg 300w, https:\/\/tucomarca.whitekongsoftware.com\/wp-content\/uploads\/2023\/05\/UnidasPodemosBunol02-768x512.jpg 768w\" sizes=\"auto, (max-width: 886px) 100vw, 886px\" \/><\/figure>\n\n\n\n<figure class=\"wp-block-image size-large\"><img loading=\"lazy\" decoding=\"async\" width=\"886\" height=\"591\" data-id=\"186448\" src=\"http:\/\/www.tucomarca.com\/wordpress\/segunda\/wp-content\/uploads\/2023\/05\/UnidasPodemosBunol03.jpg\" alt=\"\" class=\"wp-image-186448\" srcset=\"https:\/\/tucomarca.whitekongsoftware.com\/wp-content\/uploads\/2023\/05\/UnidasPodemosBunol03.jpg 886w, https:\/\/tucomarca.whitekongsoftware.com\/wp-content\/uploads\/2023\/05\/UnidasPodemosBunol03-300x200.jpg 300w, https:\/\/tucomarca.whitekongsoftware.com\/wp-content\/uploads\/2023\/05\/UnidasPodemosBunol03-768x512.jpg 768w\" sizes=\"auto, (max-width: 886px) 100vw, 886px\" \/><\/figure>\n\n\n\n<figure class=\"wp-block-image size-large\"><img loading=\"lazy\" decoding=\"async\" width=\"886\" height=\"1329\" data-id=\"186454\" src=\"http:\/\/www.tucomarca.com\/wordpress\/segunda\/wp-content\/uploads\/2023\/05\/UnidasPodemosBunol06.jpg\" alt=\"\" class=\"wp-image-186454\" srcset=\"https:\/\/tucomarca.whitekongsoftware.com\/wp-content\/uploads\/2023\/05\/UnidasPodemosBunol06.jpg 886w, https:\/\/tucomarca.whitekongsoftware.com\/wp-content\/uploads\/2023\/05\/UnidasPodemosBunol06-200x300.jpg 200w, https:\/\/tucomarca.whitekongsoftware.com\/wp-content\/uploads\/2023\/05\/UnidasPodemosBunol06-683x1024.jpg 683w, https:\/\/tucomarca.whitekongsoftware.com\/wp-content\/uploads\/2023\/05\/UnidasPodemosBunol06-768x1152.jpg 768w\" sizes=\"auto, (max-width: 886px) 100vw, 886px\" \/><\/figure>\n\n\n\n<figure class=\"wp-block-image size-large\"><img loading=\"lazy\" decoding=\"async\" width=\"886\" height=\"591\" data-id=\"186452\" src=\"http:\/\/www.tucomarca.com\/wordpress\/segunda\/wp-content\/uploads\/2023\/05\/UnidasPodemosBunol05.jpg\" alt=\"\" class=\"wp-image-186452\" srcset=\"https:\/\/tucomarca.whitekongsoftware.com\/wp-content\/uploads\/2023\/05\/UnidasPodemosBunol05.jpg 886w, https:\/\/tucomarca.whitekongsoftware.com\/wp-content\/uploads\/2023\/05\/UnidasPodemosBunol05-300x200.jpg 300w, https:\/\/tucomarca.whitekongsoftware.com\/wp-content\/uploads\/2023\/05\/UnidasPodemosBunol05-768x512.jpg 768w\" sizes=\"auto, (max-width: 886px) 100vw, 886px\" \/><\/figure>\n\n\n\n<figure class=\"wp-block-image size-large\"><img loading=\"lazy\" decoding=\"async\" width=\"886\" height=\"591\" data-id=\"186450\" src=\"http:\/\/www.tucomarca.com\/wordpress\/segunda\/wp-content\/uploads\/2023\/05\/UnidasPodemosBunol04.jpg\" alt=\"\" class=\"wp-image-186450\" srcset=\"https:\/\/tucomarca.whitekongsoftware.com\/wp-content\/uploads\/2023\/05\/UnidasPodemosBunol04.jpg 886w, https:\/\/tucomarca.whitekongsoftware.com\/wp-content\/uploads\/2023\/05\/UnidasPodemosBunol04-300x200.jpg 300w, https:\/\/tucomarca.whitekongsoftware.com\/wp-content\/uploads\/2023\/05\/UnidasPodemosBunol04-768x512.jpg 768w\" sizes=\"auto, (max-width: 886px) 100vw, 886px\" \/><\/figure>\n<\/figure>\n","protected":false},"excerpt":{"rendered":"<div class=\"mh-excerpt\">El vicepresident segon i conseller d&#8217;Habitatge i Arquitectura Bioclim\u00e0tica de la Generalitat Valenciana, H\u00e9ctor Illueca, ha visitat Bunyol per a mostrar el seu suport a la candidatura d&#8217;Unides Podem. Durant la visita ha passejat junt <a class=\"mh-excerpt-more\" href=\"https:\/\/tucomarca.whitekongsoftware.com\/ca\/el-conseller-dhabitatge-hector-illueca-visita-bunyol-per-a-mostrar-el-seu-suport-a-la-candidatura-dunides-podem\/\" title=\"El conseller d&#8217;Habitatge, H\u00e9ctor Illueca, visita Bunyol per a mostrar el seu suport a la candidatura d&#8217;Unides Podem\">[+] <\/a><\/div>\n","protected":false},"author":12,"featured_media":186445,"comment_status":"open","ping_status":"open","sticky":false,"template":"","format":"gallery","meta":{"footnotes":""},"categories":[10911,10948,10894,10912,10947,10896],"tags":[10913,11569,10914,13025,11593],"class_list":["post-186459","post","type-post","status-publish","format-gallery","has-post-thumbnail","category-bunol-ca","category-infraestructuras-ca","category-la-comarca-ca","category-la-hoya-ca","category-politica","category-seccion-ca","tag-bunol-ca","tag-esquerra-unida-bunol-ca","tag-la-hoya-de-bunol-chiva-ca","tag-podemos-bunol-ca","tag-unidas-podemos-ca","post_format-post-format-gallery"],"_links":{"self":[{"href":"https:\/\/tucomarca.whitekongsoftware.com\/ca\/wp-json\/wp\/v2\/posts\/186459","targetHints":{"allow":["GET"]}}],"collection":[{"href":"https:\/\/tucomarca.whitekongsoftware.com\/ca\/wp-json\/wp\/v2\/posts"}],"about":[{"href":"https:\/\/tucomarca.whitekongsoftware.com\/ca\/wp-json\/wp\/v2\/types\/post"}],"author":[{"embeddable":true,"href":"https:\/\/tucomarca.whitekongsoftware.com\/ca\/wp-json\/wp\/v2\/users\/12"}],"replies":[{"embeddable":true,"href":"https:\/\/tucomarca.whitekongsoftware.com\/ca\/wp-json\/wp\/v2\/comments?post=186459"}],"version-history":[{"count":0,"href":"https:\/\/tucomarca.whitekongsoftware.com\/ca\/wp-json\/wp\/v2\/posts\/186459\/revisions"}],"wp:featuredmedia":[{"embeddable":true,"href":"https:\/\/tucomarca.whitekongsoftware.com\/ca\/wp-json\/wp\/v2\/media\/186445"}],"wp:attachment":[{"href":"https:\/\/tucomarca.whitekongsoftware.com\/ca\/wp-json\/wp\/v2\/media?parent=186459"}],"wp:term":[{"taxonomy":"category","embeddable":true,"href":"https:\/\/tucomarca.whitekongsoftware.com\/ca\/wp-json\/wp\/v2\/categories?post=186459"},{"taxonomy":"post_tag","embeddable":true,"href":"https:\/\/tucomarca.whitekongsoftware.com\/ca\/wp-json\/wp\/v2\/tags?post=186459"}],"curies":[{"name":"wp","href":"https:\/\/api.w.org\/{rel}","templated":true}]}}