{"id":186380,"date":"2023-05-23T11:00:00","date_gmt":"2023-05-23T10:00:00","guid":{"rendered":"https:\/\/www.tucomarca.com\/wordpress\/segunda\/?p=186380"},"modified":"2023-05-23T13:58:17","modified_gmt":"2023-05-23T12:58:17","slug":"maria-jose-marco-pp-promet-900-places-daparcament-a-leliana","status":"publish","type":"post","link":"https:\/\/tucomarca.whitekongsoftware.com\/ca\/maria-jose-marco-pp-promet-900-places-daparcament-a-leliana\/","title":{"rendered":"Mar\u00eda Jos\u00e9 Marco PP promet 900 places d&#8217;aparcament a l&#8217;Eliana"},"content":{"rendered":"\n<p class=\"wp-block-paragraph\">El Partit Popular de l&#8217;Eliana pret\u00e9n dur a terme, si obtenen el suport dels ve\u00efns, la creaci\u00f3 de 900 noves places d&#8217;aparcament a l&#8217;Eliana.<br>Segons remarquen hi ha un greu problema de mobilitat a l&#8217;Eliana que s&#8217;acreix per la falta d&#8217;aparcament i la demonitzaci\u00f3 del cotxe que fan des del PSOE.<\/p>\n\n\n\n<p class=\"wp-block-paragraph\">Per a Mar\u00eda Jos\u00e9 Marco, candidata a l&#8217;alcaldia, un gran nombre de ve\u00efns baixen al poble amb cotxe perqu\u00e8 viuen en urbanitzacions i cal donar-los una soluci\u00f3 d&#8217;aparcament perqu\u00e8 puguen fer vida al poble o comprar en el comer\u00e7 local, s\u00f3n facilitats que mouen l&#8217;economia local i molt necess\u00e0ries, &#8220;no pots estar una hora per a aparcar&#8221;, assegura. I conclou assegurant que &#8220;posarem en marxa a m\u00e9s un servei d&#8217;autob\u00fas de l\u00ednia regular, i carrils de bici i patinet que vertebren el poble amb totes les urbanitzacions, respectant al vianant&#8221;.<\/p>\n\n\n\n<p class=\"wp-block-paragraph\"><\/p>\n","protected":false},"excerpt":{"rendered":"<div class=\"mh-excerpt\">El Partit Popular de l&#8217;Eliana pret\u00e9n dur a terme, si obtenen el suport dels ve\u00efns, la creaci\u00f3 de 900 noves places d&#8217;aparcament a l&#8217;Eliana.Segons remarquen hi ha un greu problema de mobilitat a l&#8217;Eliana que <a class=\"mh-excerpt-more\" href=\"https:\/\/tucomarca.whitekongsoftware.com\/ca\/maria-jose-marco-pp-promet-900-places-daparcament-a-leliana\/\" title=\"Mar\u00eda Jos\u00e9 Marco PP promet 900 places d&#8217;aparcament a l&#8217;Eliana\">[+] <\/a><\/div>\n","protected":false},"author":12,"featured_media":186379,"comment_status":"open","ping_status":"open","sticky":false,"template":"","format":"standard","meta":{"footnotes":""},"categories":[10892,10948,10894,10893,10947,10896],"tags":[10395,10433,11581],"class_list":["post-186380","post","type-post","status-publish","format-standard","has-post-thumbnail","category-camp-de-turia-ca","category-infraestructuras-ca","category-la-comarca-ca","category-leliana-ca","category-politica","category-seccion-ca","tag-camp-de-turia","tag-leliana","tag-pp-de-leliana"],"_links":{"self":[{"href":"https:\/\/tucomarca.whitekongsoftware.com\/ca\/wp-json\/wp\/v2\/posts\/186380","targetHints":{"allow":["GET"]}}],"collection":[{"href":"https:\/\/tucomarca.whitekongsoftware.com\/ca\/wp-json\/wp\/v2\/posts"}],"about":[{"href":"https:\/\/tucomarca.whitekongsoftware.com\/ca\/wp-json\/wp\/v2\/types\/post"}],"author":[{"embeddable":true,"href":"https:\/\/tucomarca.whitekongsoftware.com\/ca\/wp-json\/wp\/v2\/users\/12"}],"replies":[{"embeddable":true,"href":"https:\/\/tucomarca.whitekongsoftware.com\/ca\/wp-json\/wp\/v2\/comments?post=186380"}],"version-history":[{"count":0,"href":"https:\/\/tucomarca.whitekongsoftware.com\/ca\/wp-json\/wp\/v2\/posts\/186380\/revisions"}],"wp:featuredmedia":[{"embeddable":true,"href":"https:\/\/tucomarca.whitekongsoftware.com\/ca\/wp-json\/wp\/v2\/media\/186379"}],"wp:attachment":[{"href":"https:\/\/tucomarca.whitekongsoftware.com\/ca\/wp-json\/wp\/v2\/media?parent=186380"}],"wp:term":[{"taxonomy":"category","embeddable":true,"href":"https:\/\/tucomarca.whitekongsoftware.com\/ca\/wp-json\/wp\/v2\/categories?post=186380"},{"taxonomy":"post_tag","embeddable":true,"href":"https:\/\/tucomarca.whitekongsoftware.com\/ca\/wp-json\/wp\/v2\/tags?post=186380"}],"curies":[{"name":"wp","href":"https:\/\/api.w.org\/{rel}","templated":true}]}}