{"id":186369,"date":"2023-05-22T08:00:00","date_gmt":"2023-05-22T07:00:00","guid":{"rendered":"https:\/\/www.tucomarca.com\/wordpress\/segunda\/?p=186369"},"modified":"2023-05-23T14:01:32","modified_gmt":"2023-05-23T13:01:32","slug":"21-nous-metges-infermers-i-farmaceutics-interns-residents-sincorporen-al-departament-de-manises","status":"publish","type":"post","link":"https:\/\/tucomarca.whitekongsoftware.com\/ca\/21-nous-metges-infermers-i-farmaceutics-interns-residents-sincorporen-al-departament-de-manises\/","title":{"rendered":"21 nous metges, infermers i farmac\u00e8utics interns residents s&#8217;incorporen al Departament de Manises"},"content":{"rendered":"\n<p class=\"wp-block-paragraph\">El Departament de Salut organitza un acte de benvinguda per als nous MIR, EIR i FIR que serveix tamb\u00e9 per a acomiadar a cinc residents que acaben la seua etapa formativa&nbsp;<\/p>\n\n\n\n<p class=\"wp-block-paragraph\">Un de les grans fites de l&#8217;Hospital de Manises \u00e9s haver-se convertit en Hospital Universitari, comptar amb 13 acreditacions per a la formaci\u00f3 i formar als professionals que seran el futur de la sanitat p\u00fablica valenciana<\/p>\n\n\n\n<p class=\"wp-block-paragraph\">L&#8217;Hospital de Manises&nbsp;ha incorporat als 21 nous Metges, Infermers i Farmac\u00e8utics Interns Residents (MIR, EIR i FIR)&nbsp;que s&#8217;integraran a partir de hui a la plantilla del Departament de Salut.<\/p>\n\n\n\n<p class=\"wp-block-paragraph\">Els professionals que han triat el Departament de Salut de Manises per a realitzar els seus anys de formaci\u00f3 en la resid\u00e8ncia s&#8217;incorporen als seus llocs en les especialitats triades despr\u00e9s de realitzar l&#8217;examen MIR, FIR i EIR. A m\u00e9s, enguany destaca el fet que les notes dels residents que trien l&#8217;Hospital de Manises s\u00f3n cada vegada m\u00e9s elevades. En el cas concret d&#8217;urologia, la segona pla\u00e7a a nivell nacional \u00e9s la triada per a l&#8217;Hospital de Manises, per davant d&#8217;altres centres de refer\u00e8ncia a la Comunitat Valenciana.<\/p>\n\n\n\n<p class=\"wp-block-paragraph\">Amb aquestes noves incorporacions, el Departament de Salut de Manises compta ja amb 55 professionals interns residents que realitzen en l&#8217;actualitat el seu per\u00edode de formaci\u00f3 tant en el centre hospitalari com en els centres de salut de les localitats de l&#8217;\u00e0rea sanit\u00e0ria, formant a professionals que seran part de la sanitat del futur.&nbsp;<\/p>\n\n\n\n<p class=\"wp-block-paragraph\">\u201cFormar a futurs professionals sanitaris ha sigut des del comen\u00e7ament una de les nostres prioritats com a \u00e0rea sanit\u00e0ria. Aquest \u00e9s un de les grans fites del Departament. Som hospital universitari i formem al futur de la sanitat\u201d, ha explicat el&nbsp;Dr. Ricardo Trujillo, gerent del Departament de Salut de Manises, durant l&#8217;acte de benvinguda als nous professionals, que ha servit tamb\u00e9 per a donar un calor\u00f3s comiat als cinc professionals que han acabat la seua etapa formativa en el centre manisero.<\/p>\n\n\n\n<p class=\"wp-block-paragraph\">Les especialitats en les quals se sumisquen els nous metges, infermers i farmac\u00e8utics s\u00f3n les de Medicina Familiar i Comunit\u00e0ria, Pediatria, Medicina Interna, Urologia, Radiodiagn\u00f2stic, Cirurgia Ortop\u00e8dica i Traumatologia, Oftalmologia, Neurofisiologia, Ginecologia i Obstetr\u00edcia, Farm\u00e0cia Hospital\u00e0ria, Medicina F\u00edsica i Rehabilitaci\u00f3 i Medicina Intensiva.<\/p>\n\n\n\n<p class=\"wp-block-paragraph\">La doc\u00e8ncia, una prioritat<\/p>\n\n\n\n<p class=\"wp-block-paragraph\">L&#8217;Hospital de Manises, de la xarxa p\u00fablica valenciana, va comen\u00e7ar el seu recorregut en Doc\u00e8ncia en 2015 amb la formaci\u00f3 postgrau i 19 rotatoris de residents d&#8217;altres centres; es va convertir en Centre acreditat per a formaci\u00f3 especialitzada en 2018 i va rebre als seus primers residents en 2020. Actualment, compta amb 13 unitats docents acreditades, 16 especialitats i un total de 55 professionals que s&#8217;incorporaran progressivament al sistema Sanitari tan necessitat de recursos humans.<\/p>\n\n\n\n<p class=\"wp-block-paragraph\">El Departament de Salut de Manises ha anat configurant-se com a centre de refer\u00e8ncia en doc\u00e8ncia a nivell nacional. Mostra d&#8217;aix\u00f2 \u00e9s que des dels seus inicis l&#8217;\u00e0rea sanit\u00e0ria ha rebut m\u00e9s de 391 residents provinents d&#8217;altres centres sanitaris per a realitzar rotatoris, formar-se amb els professionals de Manises i amb els m\u00e9s de 8.000 estudiants de grau que han completat la seua formaci\u00f3 en els centres sanitaris del departament de salut de Manises.<\/p>\n\n\n\n<p class=\"wp-block-paragraph\"><\/p>\n","protected":false},"excerpt":{"rendered":"<div class=\"mh-excerpt\">El Departament de Salut organitza un acte de benvinguda per als nous MIR, EIR i FIR que serveix tamb\u00e9 per a acomiadar a cinc residents que acaben la seua etapa formativa&nbsp; Un de les grans <a class=\"mh-excerpt-more\" href=\"https:\/\/tucomarca.whitekongsoftware.com\/ca\/21-nous-metges-infermers-i-farmaceutics-interns-residents-sincorporen-al-departament-de-manises\/\" title=\"21 nous metges, infermers i farmac\u00e8utics interns residents s&#8217;incorporen al Departament de Manises\">[+] <\/a><\/div>\n","protected":false},"author":12,"featured_media":186368,"comment_status":"open","ping_status":"open","sticky":false,"template":"","format":"standard","meta":{"footnotes":""},"categories":[10973,10892,11010,10898,10948,10894,10912,10902,10931,10906,10896,11047],"tags":[12221,11092],"class_list":["post-186369","post","type-post","status-publish","format-standard","has-post-thumbnail","category-alborache-ca","category-camp-de-turia-ca","category-canal-salud","category-ventana-ca","category-infraestructuras-ca","category-la-comarca-ca","category-la-hoya-ca","category-la-ribera-ca","category-loriguilla-ca","category-riba-roja-ca","category-seccion-ca","category-turis-ca","tag-departamento-de-salud-de-manises-ca","tag-hospital-de-manises-ca"],"_links":{"self":[{"href":"https:\/\/tucomarca.whitekongsoftware.com\/ca\/wp-json\/wp\/v2\/posts\/186369","targetHints":{"allow":["GET"]}}],"collection":[{"href":"https:\/\/tucomarca.whitekongsoftware.com\/ca\/wp-json\/wp\/v2\/posts"}],"about":[{"href":"https:\/\/tucomarca.whitekongsoftware.com\/ca\/wp-json\/wp\/v2\/types\/post"}],"author":[{"embeddable":true,"href":"https:\/\/tucomarca.whitekongsoftware.com\/ca\/wp-json\/wp\/v2\/users\/12"}],"replies":[{"embeddable":true,"href":"https:\/\/tucomarca.whitekongsoftware.com\/ca\/wp-json\/wp\/v2\/comments?post=186369"}],"version-history":[{"count":0,"href":"https:\/\/tucomarca.whitekongsoftware.com\/ca\/wp-json\/wp\/v2\/posts\/186369\/revisions"}],"wp:featuredmedia":[{"embeddable":true,"href":"https:\/\/tucomarca.whitekongsoftware.com\/ca\/wp-json\/wp\/v2\/media\/186368"}],"wp:attachment":[{"href":"https:\/\/tucomarca.whitekongsoftware.com\/ca\/wp-json\/wp\/v2\/media?parent=186369"}],"wp:term":[{"taxonomy":"category","embeddable":true,"href":"https:\/\/tucomarca.whitekongsoftware.com\/ca\/wp-json\/wp\/v2\/categories?post=186369"},{"taxonomy":"post_tag","embeddable":true,"href":"https:\/\/tucomarca.whitekongsoftware.com\/ca\/wp-json\/wp\/v2\/tags?post=186369"}],"curies":[{"name":"wp","href":"https:\/\/api.w.org\/{rel}","templated":true}]}}