{"id":186357,"date":"2023-05-22T17:00:00","date_gmt":"2023-05-22T16:00:00","guid":{"rendered":"https:\/\/www.tucomarca.com\/wordpress\/segunda\/?p=186357"},"modified":"2023-05-23T10:19:46","modified_gmt":"2023-05-23T09:19:46","slug":"un-concert-simfonic-i-un-recital-liric-protagonitzen-el-cap-de-setmana-en-el-cicle-musica-a-la-primavera-2023-de-xest","status":"publish","type":"post","link":"https:\/\/tucomarca.whitekongsoftware.com\/ca\/un-concert-simfonic-i-un-recital-liric-protagonitzen-el-cap-de-setmana-en-el-cicle-musica-a-la-primavera-2023-de-xest\/","title":{"rendered":"Un concert simf\u00f2nic i un recital l\u00edric protagonitzen el cap de setmana en el cicle M\u00fasica a la primavera 2023 de Xest"},"content":{"rendered":"\n<p class=\"wp-block-paragraph\">El passat cap de setmana, el teatre Liceu va acollir dues actuacions emmarcades en el cicle M\u00fasica a la primavera que organitza la Regidoria de Cultura. El dissabte, 20 de maig, la Banda juvenil de l&#8217;Associaci\u00f3 Musical La Lira de Xest va oferir un concert simf\u00f2nic i el diumenge, 21 de maig, Montserrat Mart\u00ed, filla de la llegend\u00e0ria soprano Montserrat Caball\u00e9, va presentar el seu recital d&#8217;\u00f2pera i sarsuela al costat del bar\u00edton Luis Santana.<\/p>\n\n\n\n<figure class=\"wp-block-gallery has-nested-images columns-2 is-cropped wp-block-gallery-1 is-layout-flex wp-block-gallery-is-layout-flex\">\n<figure class=\"wp-block-image size-large\"><img loading=\"lazy\" decoding=\"async\" width=\"886\" height=\"591\" data-id=\"186348\" src=\"http:\/\/www.tucomarca.com\/wordpress\/segunda\/wp-content\/uploads\/2023\/05\/ChesteBandaJuvenil.jpg\" alt=\"\" class=\"wp-image-186348\" srcset=\"https:\/\/tucomarca.whitekongsoftware.com\/wp-content\/uploads\/2023\/05\/ChesteBandaJuvenil.jpg 886w, https:\/\/tucomarca.whitekongsoftware.com\/wp-content\/uploads\/2023\/05\/ChesteBandaJuvenil-300x200.jpg 300w, https:\/\/tucomarca.whitekongsoftware.com\/wp-content\/uploads\/2023\/05\/ChesteBandaJuvenil-768x512.jpg 768w\" sizes=\"auto, (max-width: 886px) 100vw, 886px\" \/><\/figure>\n\n\n\n<figure class=\"wp-block-image size-large\"><img loading=\"lazy\" decoding=\"async\" width=\"886\" height=\"591\" data-id=\"186354\" src=\"http:\/\/www.tucomarca.com\/wordpress\/segunda\/wp-content\/uploads\/2023\/05\/ChesteBandaJuvenil2.jpg\" alt=\"\" class=\"wp-image-186354\" srcset=\"https:\/\/tucomarca.whitekongsoftware.com\/wp-content\/uploads\/2023\/05\/ChesteBandaJuvenil2.jpg 886w, https:\/\/tucomarca.whitekongsoftware.com\/wp-content\/uploads\/2023\/05\/ChesteBandaJuvenil2-300x200.jpg 300w, https:\/\/tucomarca.whitekongsoftware.com\/wp-content\/uploads\/2023\/05\/ChesteBandaJuvenil2-768x512.jpg 768w\" sizes=\"auto, (max-width: 886px) 100vw, 886px\" \/><\/figure>\n\n\n\n<figure class=\"wp-block-image size-large\"><img loading=\"lazy\" decoding=\"async\" width=\"886\" height=\"590\" data-id=\"186352\" src=\"http:\/\/www.tucomarca.com\/wordpress\/segunda\/wp-content\/uploads\/2023\/05\/ChesteRecitalMontserratMarti2.jpg\" alt=\"\" class=\"wp-image-186352\" srcset=\"https:\/\/tucomarca.whitekongsoftware.com\/wp-content\/uploads\/2023\/05\/ChesteRecitalMontserratMarti2.jpg 886w, https:\/\/tucomarca.whitekongsoftware.com\/wp-content\/uploads\/2023\/05\/ChesteRecitalMontserratMarti2-300x200.jpg 300w, https:\/\/tucomarca.whitekongsoftware.com\/wp-content\/uploads\/2023\/05\/ChesteRecitalMontserratMarti2-768x511.jpg 768w\" sizes=\"auto, (max-width: 886px) 100vw, 886px\" \/><\/figure>\n<\/figure>\n\n\n\n<p class=\"wp-block-paragraph\"><strong>Concert simf\u00f2nic<br><\/strong>El dissabte, la Banda Juvenil va oferir una actuaci\u00f3, sota la batuta de Gustavo L\u00f3pez Aceituno, amb un repertori de coneguts temes que van captivar al p\u00fablic assistent. \u201cHui estava previst un intercanvi de bandes juvenils, en teoria anava a ser ac\u00ed Vilamarxant, per\u00f2 fa uns dies ens van comunicar que no podien acudir, aix\u00ed que la nostra banda juvenil haur\u00e0 d&#8217;actuar sola; t\u00e9 molt valor que hagen decidit fer aquest concert malgrat tot\u201d, explicava la regidora de Cultura, M\u00aa \u00c1ngeles Llorente, durant la presentaci\u00f3 del concert. \u201cAl llarg de la seua traject\u00f2ria la Banda Juvenil ha oferit concerts per diferents poblacions de la Comunitat Valenciana i del territori nacional, i participen activament de la cultura de la localitat; s\u00f3n valents, atrevits i molt treballadors. Gr\u00e0cies de cor a l&#8217;Associaci\u00f3 Musical La Lira, pel vostre treball i el vostre temps\u201d.&nbsp;<\/p>\n\n\n\n<p class=\"wp-block-paragraph\">Despr\u00e9s de les paraules de la regidora va comen\u00e7ar el concert, en el qual la banda juvenil va interpretar Amparito Roca, de Jaime Teixidor Dalmau; Francisco Bravo, de Manuel Carrascosa Garc\u00eda; Festa a Benidorm, de Rafael Dom\u00e9nech Pardo; Chimo, marxa mora, de Jos\u00e9 Mar\u00eda Ferrero Pastor; La morenica, de Manuel Carrascosa Garc\u00eda; Al costat del pont de la penya, de la Can\u00e7\u00f3 de l&#8217;oblit, de Jos\u00e9 Serrano; i Oregon, de Jacob de Haan.<\/p>\n\n\n\n<p class=\"wp-block-paragraph\"><strong>Recital<br><\/strong>El diumenge, amb les localitats pr\u00e0cticament completes, el teatre Liceu va ser escenari del recital oferit per Montserrat Mart\u00ed i Luis Santana, acompanyats pel pianista V\u00edctor Carbajo.<br>\u201cHui gaudirem d&#8217;un concert excepcional que segurament recordarem durant molt de temps\u201d, anunciava Llorente. \u201cEl curr\u00edculum dels tres artistes \u00e9s impressionant i d&#8217;una qualitat suprema\u201d.&nbsp;<\/p>\n\n\n\n<p class=\"wp-block-paragraph\">El programa comptava amb una selecci\u00f3 de fragments d&#8217;\u00f2pera i sarsuela de diversos compositors, on no van faltar peces de Rossini, Verdi, Donizetti, Falla, Mozart o Serrano. Els cantants, a m\u00e9s, es van mostrar pr\u00f2xims al p\u00fablic, introduint cadascuna de les seues intervencions musicals i mostrant la seua gratitud per estar actuant a Xest. En un moment, fins i tot, van animar a les persones assistents a acompanyar-los en l&#8217;execuci\u00f3 de l&#8217;\u00c0nima de D\u00e9u &#8211; Canci\u00f3n Hongaresa, de J. Serrano, i Santana no va dubtar a modificar la lletra Granada, d&#8217;Agust\u00edn Lara, per a obrir-la amb el top\u00f2nim chestano.<\/p>\n\n\n\n<p class=\"wp-block-paragraph\">El concert va arrancar l&#8217;ovaci\u00f3 del p\u00fablic, que es va posar en peus en diverses ocasions. Aquest \u00e8xit del recital va conv\u00e9ncer als cantants i al pianista d&#8217;oferir diversos bises.<\/p>\n","protected":false},"excerpt":{"rendered":"<div class=\"mh-excerpt\">El passat cap de setmana, el teatre Liceu va acollir dues actuacions emmarcades en el cicle M\u00fasica a la primavera que organitza la Regidoria de Cultura. El dissabte, 20 de maig, la Banda juvenil de <a class=\"mh-excerpt-more\" href=\"https:\/\/tucomarca.whitekongsoftware.com\/ca\/un-concert-simfonic-i-un-recital-liric-protagonitzen-el-cap-de-setmana-en-el-cicle-musica-a-la-primavera-2023-de-xest\/\" title=\"Un concert simf\u00f2nic i un recital l\u00edric protagonitzen el cap de setmana en el cicle M\u00fasica a la primavera 2023 de Xest\">[+] <\/a><\/div>\n","protected":false},"author":12,"featured_media":186351,"comment_status":"open","ping_status":"open","sticky":false,"template":"","format":"gallery","meta":{"footnotes":""},"categories":[11005,10894,10912,11007,10896,10974],"tags":[11071,10914,11893],"class_list":["post-186357","post","type-post","status-publish","format-gallery","has-post-thumbnail","category-canal-musica","category-la-comarca-ca","category-la-hoya-ca","category-ocio-y-cultura-ca","category-seccion-ca","category-cheste-ca","tag-cheste","tag-la-hoya-de-bunol-chiva-ca","tag-la-lira-de-cheste-ca","post_format-post-format-gallery"],"_links":{"self":[{"href":"https:\/\/tucomarca.whitekongsoftware.com\/ca\/wp-json\/wp\/v2\/posts\/186357","targetHints":{"allow":["GET"]}}],"collection":[{"href":"https:\/\/tucomarca.whitekongsoftware.com\/ca\/wp-json\/wp\/v2\/posts"}],"about":[{"href":"https:\/\/tucomarca.whitekongsoftware.com\/ca\/wp-json\/wp\/v2\/types\/post"}],"author":[{"embeddable":true,"href":"https:\/\/tucomarca.whitekongsoftware.com\/ca\/wp-json\/wp\/v2\/users\/12"}],"replies":[{"embeddable":true,"href":"https:\/\/tucomarca.whitekongsoftware.com\/ca\/wp-json\/wp\/v2\/comments?post=186357"}],"version-history":[{"count":0,"href":"https:\/\/tucomarca.whitekongsoftware.com\/ca\/wp-json\/wp\/v2\/posts\/186357\/revisions"}],"wp:featuredmedia":[{"embeddable":true,"href":"https:\/\/tucomarca.whitekongsoftware.com\/ca\/wp-json\/wp\/v2\/media\/186351"}],"wp:attachment":[{"href":"https:\/\/tucomarca.whitekongsoftware.com\/ca\/wp-json\/wp\/v2\/media?parent=186357"}],"wp:term":[{"taxonomy":"category","embeddable":true,"href":"https:\/\/tucomarca.whitekongsoftware.com\/ca\/wp-json\/wp\/v2\/categories?post=186357"},{"taxonomy":"post_tag","embeddable":true,"href":"https:\/\/tucomarca.whitekongsoftware.com\/ca\/wp-json\/wp\/v2\/tags?post=186357"}],"curies":[{"name":"wp","href":"https:\/\/api.w.org\/{rel}","templated":true}]}}