{"id":186296,"date":"2023-05-21T18:00:00","date_gmt":"2023-05-21T17:00:00","guid":{"rendered":"https:\/\/www.tucomarca.com\/wordpress\/segunda\/?p=186296"},"modified":"2023-05-22T18:38:03","modified_gmt":"2023-05-22T17:38:03","slug":"toni-quintana-pspv-psoe-en-sant-antoni-no-podem-fer-un-pas-arrere","status":"publish","type":"post","link":"https:\/\/tucomarca.whitekongsoftware.com\/ca\/toni-quintana-pspv-psoe-en-sant-antoni-no-podem-fer-un-pas-arrere\/","title":{"rendered":"Toni Quintana (PSPV-PSOE) en Sant Antoni: &#8220;No podem fer un pas arrere&#8221;"},"content":{"rendered":"\n<figure class=\"wp-block-image size-full\"><img loading=\"lazy\" decoding=\"async\" width=\"954\" height=\"537\" src=\"http:\/\/www.tucomarca.com\/wordpress\/segunda\/wp-content\/uploads\/2023\/05\/PSOERequena.jpeg\" alt=\"\" class=\"wp-image-186289\" srcset=\"https:\/\/tucomarca.whitekongsoftware.com\/wp-content\/uploads\/2023\/05\/PSOERequena.jpeg 954w, https:\/\/tucomarca.whitekongsoftware.com\/wp-content\/uploads\/2023\/05\/PSOERequena-300x169.jpeg 300w, https:\/\/tucomarca.whitekongsoftware.com\/wp-content\/uploads\/2023\/05\/PSOERequena-768x432.jpeg 768w, https:\/\/tucomarca.whitekongsoftware.com\/wp-content\/uploads\/2023\/05\/PSOERequena-678x381.jpeg 678w\" sizes=\"auto, (max-width: 954px) 100vw, 954px\" \/><\/figure>\n\n\n\n<p class=\"wp-block-paragraph\">El director general d&#8217;Agricultura, Ramaderia i Pesca de la Generalitat, Toni Quintana, ha destacat en Sant Antoni que el pr\u00f2xim 28 de maig &#8220;ens juguem molt&#8221;. &#8220;No podem fer un pas arrere&#8221;, ha assenyalat.<\/p>\n\n\n\n<p class=\"wp-block-paragraph\">Toni Quintana ha participat en el m\u00edting que els socialistes de Requena han oferit en Sant Antoni. Durant la seua intervenci\u00f3, ha animat a anar a votar el proximo dia 28 i ha ressaltat: &#8220;Hem de decidir entre el futur o la g\u00fcrtel; entre el progr\u00e9s o els amiguets de l&#8217;\u00e0nima&#8221;.<\/p>\n\n\n\n<p class=\"wp-block-paragraph\">Per part seua, l&#8217;alcalde de Requena i candidat a la reelecci\u00f3, Mario S\u00e1nchez, ha detallat les mesures que s&#8217;inclouen en el seu programa electoral per a Sant Antoni i ha posat en valor la gesti\u00f3 responsable del seu govern i el &#8220;equipazo&#8221; que formen els membres de la seua candidatura.<\/p>\n\n\n\n<p class=\"wp-block-paragraph\">Tamb\u00e9 ha intervingut en l&#8217;acte l&#8217;alcalde de Sant Antoni, Jos\u00e9 Mart\u00ednez, qui ha demanat el vot per als socialistes. &#8220;Amb el PSOE es compliran moltes coses&#8221;, ha apuntat.<\/p>\n","protected":false},"excerpt":{"rendered":"<div class=\"mh-excerpt\">El director general d&#8217;Agricultura, Ramaderia i Pesca de la Generalitat, Toni Quintana, ha destacat en Sant Antoni que el pr\u00f2xim 28 de maig &#8220;ens juguem molt&#8221;. &#8220;No podem fer un pas arrere&#8221;, ha assenyalat. Toni <a class=\"mh-excerpt-more\" href=\"https:\/\/tucomarca.whitekongsoftware.com\/ca\/toni-quintana-pspv-psoe-en-sant-antoni-no-podem-fer-un-pas-arrere\/\" title=\"Toni Quintana (PSPV-PSOE) en Sant Antoni: &#8220;No podem fer un pas arrere&#8221;\">[+] <\/a><\/div>\n","protected":false},"author":12,"featured_media":186293,"comment_status":"open","ping_status":"open","sticky":false,"template":"","format":"standard","meta":{"footnotes":""},"categories":[10948,10894,10947,10908,10909,11057,10896],"tags":[18294,11099,10910,17318],"class_list":["post-186296","post","type-post","status-publish","format-standard","has-post-thumbnail","category-infraestructuras-ca","category-la-comarca-ca","category-politica","category-requena-ca","category-requena-utiel-ca","category-san-antonio-ca","category-seccion-ca","tag-pspv-psoe-requena-ca","tag-requena-ca","tag-requena-utiel-ca","tag-san-antonio-ca"],"_links":{"self":[{"href":"https:\/\/tucomarca.whitekongsoftware.com\/ca\/wp-json\/wp\/v2\/posts\/186296","targetHints":{"allow":["GET"]}}],"collection":[{"href":"https:\/\/tucomarca.whitekongsoftware.com\/ca\/wp-json\/wp\/v2\/posts"}],"about":[{"href":"https:\/\/tucomarca.whitekongsoftware.com\/ca\/wp-json\/wp\/v2\/types\/post"}],"author":[{"embeddable":true,"href":"https:\/\/tucomarca.whitekongsoftware.com\/ca\/wp-json\/wp\/v2\/users\/12"}],"replies":[{"embeddable":true,"href":"https:\/\/tucomarca.whitekongsoftware.com\/ca\/wp-json\/wp\/v2\/comments?post=186296"}],"version-history":[{"count":0,"href":"https:\/\/tucomarca.whitekongsoftware.com\/ca\/wp-json\/wp\/v2\/posts\/186296\/revisions"}],"wp:featuredmedia":[{"embeddable":true,"href":"https:\/\/tucomarca.whitekongsoftware.com\/ca\/wp-json\/wp\/v2\/media\/186293"}],"wp:attachment":[{"href":"https:\/\/tucomarca.whitekongsoftware.com\/ca\/wp-json\/wp\/v2\/media?parent=186296"}],"wp:term":[{"taxonomy":"category","embeddable":true,"href":"https:\/\/tucomarca.whitekongsoftware.com\/ca\/wp-json\/wp\/v2\/categories?post=186296"},{"taxonomy":"post_tag","embeddable":true,"href":"https:\/\/tucomarca.whitekongsoftware.com\/ca\/wp-json\/wp\/v2\/tags?post=186296"}],"curies":[{"name":"wp","href":"https:\/\/api.w.org\/{rel}","templated":true}]}}