{"id":186267,"date":"2023-05-20T12:00:00","date_gmt":"2023-05-20T11:00:00","guid":{"rendered":"https:\/\/www.tucomarca.com\/wordpress\/segunda\/?p=186267"},"modified":"2023-05-22T18:27:00","modified_gmt":"2023-05-22T17:27:00","slug":"el-prya-en-pro-del-comerc-local-proposa-fomentar-lo-com-una-de-les-seues-propostes-electorals","status":"publish","type":"post","link":"https:\/\/tucomarca.whitekongsoftware.com\/ca\/el-prya-en-pro-del-comerc-local-proposa-fomentar-lo-com-una-de-les-seues-propostes-electorals\/","title":{"rendered":"El PRyA en pro del comer\u00e7 local proposa fomentar-lo com una de les seues propostes electorals"},"content":{"rendered":"\n<p class=\"wp-block-paragraph\">El Partit de Requena i Llogarets, en pro del comer\u00e7 local proposa fomentar-lo com una de les seues propostes electorals: &#8220;En la nostra formaci\u00f3 estem totalment a favor del comer\u00e7&nbsp;<strong>local,<\/strong>&nbsp;perqu\u00e8 s\u00f3n part de la nostra identitat com a municipi, generen ocupaci\u00f3, estimulen l&#8217;economia local i donen el millor servei al client&#8221;.&nbsp;<\/p>\n\n\n\n<p class=\"wp-block-paragraph\">Des del PRyA i per a fomentar el comer\u00e7 local proposen les seg\u00fcents mesures res m\u00e9s arribar al govern:<\/p>\n\n\n\n<ul class=\"wp-block-list\"><li>ADEQUACI\u00d3 DE L&#8217;ENTORN. Des del PRyA adequarem tot l&#8217;entorn urb\u00e0 de les nostres zones comercials perqu\u00e8 resulte m\u00e9s atractiu als clients.&nbsp;<\/li><li>M\u00c9S NETEJA. Un dels grans problemes de Requena que ha generat el govern socialista de Mario S\u00e1nchez, la brut\u00edcia als nostres carrers, tamb\u00e9 afecta al comer\u00e7 local. Amb el PRyA s&#8217;augmentar\u00e0 la neteja en la zona comercial per a deixar un entorn totalment net.<\/li><li>M\u00c9S SEGURETAT. En el PRyA volem m\u00e9s seguretat en les nostres zones comercials, per aix\u00f2 augmentarem el nombre d&#8217;efectius policials.<\/li><li>TURISME. Hem d&#8217;aprofitar totes les nostres possibilitats, per aix\u00f2 baixarem el turisme de La Vila perqu\u00e8 visite tamb\u00e9 la nostra zona comercial.&nbsp;<\/li><li>INCENTIVAR LES COMPRES. Des de la nostra formaci\u00f3 secundarem i fomentar les compres en comer\u00e7 local de proximitat, repetint i augmentant tots els anys el Bo Consum.<\/li><li>CAMPANYA DE NADAL. Potenciarem en la Setmana de Nadal l&#8217;activitat comercial local, augmentant l&#8217;enllumenat nadalenc als carrers, amb un gran arbre de Nadal, amb activitats per als m\u00e9s xicotets i amb una pista de patinatge sobre gel (no la de pl\u00e0stic actual).<\/li><li>TRANSPORT URBANO. Gr\u00e0cies al nou transport urb\u00e0 del PRyA amb la creaci\u00f3 de l&#8217;EMT a Requena, es fomentar\u00e0 el comer\u00e7 amb els nostres comer\u00e7os locals, ja que des de les urbanitzacions de San Jos\u00e9 o Casablanca, els llogarets, o zones altes com Les Penyes tindran molt m\u00e9s f\u00e0cil fer les seues compres a qualsevol hora del dia, gr\u00e0cies a les parades cada hora dels autobusos.&nbsp;<\/li><\/ul>\n\n\n\n<p class=\"wp-block-paragraph\"><\/p>\n","protected":false},"excerpt":{"rendered":"<div class=\"mh-excerpt\">El Partit de Requena i Llogarets, en pro del comer\u00e7 local proposa fomentar-lo com una de les seues propostes electorals: &#8220;En la nostra formaci\u00f3 estem totalment a favor del comer\u00e7&nbsp;local,&nbsp;perqu\u00e8 s\u00f3n part de la nostra <a class=\"mh-excerpt-more\" href=\"https:\/\/tucomarca.whitekongsoftware.com\/ca\/el-prya-en-pro-del-comerc-local-proposa-fomentar-lo-com-una-de-les-seues-propostes-electorals\/\" title=\"El PRyA en pro del comer\u00e7 local proposa fomentar-lo com una de les seues propostes electorals\">[+] <\/a><\/div>\n","protected":false},"author":12,"featured_media":186266,"comment_status":"open","ping_status":"open","sticky":false,"template":"","format":"standard","meta":{"footnotes":""},"categories":[10948,10894,10947,10908,10909,10896],"tags":[12796,11099,10910],"class_list":["post-186267","post","type-post","status-publish","format-standard","has-post-thumbnail","category-infraestructuras-ca","category-la-comarca-ca","category-politica","category-requena-ca","category-requena-utiel-ca","category-seccion-ca","tag-prya-ca","tag-requena-ca","tag-requena-utiel-ca"],"_links":{"self":[{"href":"https:\/\/tucomarca.whitekongsoftware.com\/ca\/wp-json\/wp\/v2\/posts\/186267","targetHints":{"allow":["GET"]}}],"collection":[{"href":"https:\/\/tucomarca.whitekongsoftware.com\/ca\/wp-json\/wp\/v2\/posts"}],"about":[{"href":"https:\/\/tucomarca.whitekongsoftware.com\/ca\/wp-json\/wp\/v2\/types\/post"}],"author":[{"embeddable":true,"href":"https:\/\/tucomarca.whitekongsoftware.com\/ca\/wp-json\/wp\/v2\/users\/12"}],"replies":[{"embeddable":true,"href":"https:\/\/tucomarca.whitekongsoftware.com\/ca\/wp-json\/wp\/v2\/comments?post=186267"}],"version-history":[{"count":0,"href":"https:\/\/tucomarca.whitekongsoftware.com\/ca\/wp-json\/wp\/v2\/posts\/186267\/revisions"}],"wp:featuredmedia":[{"embeddable":true,"href":"https:\/\/tucomarca.whitekongsoftware.com\/ca\/wp-json\/wp\/v2\/media\/186266"}],"wp:attachment":[{"href":"https:\/\/tucomarca.whitekongsoftware.com\/ca\/wp-json\/wp\/v2\/media?parent=186267"}],"wp:term":[{"taxonomy":"category","embeddable":true,"href":"https:\/\/tucomarca.whitekongsoftware.com\/ca\/wp-json\/wp\/v2\/categories?post=186267"},{"taxonomy":"post_tag","embeddable":true,"href":"https:\/\/tucomarca.whitekongsoftware.com\/ca\/wp-json\/wp\/v2\/tags?post=186267"}],"curies":[{"name":"wp","href":"https:\/\/api.w.org\/{rel}","templated":true}]}}