{"id":186157,"date":"2023-05-19T12:12:00","date_gmt":"2023-05-19T11:12:00","guid":{"rendered":"https:\/\/www.tucomarca.com\/wordpress\/segunda\/?p=186157"},"modified":"2023-05-19T17:02:22","modified_gmt":"2023-05-19T16:02:22","slug":"la-vi-travessia-cortes-de-pallas-que-se-celebrara-el-23-de-juliol-ja-te-obertes-les-inscripcions","status":"publish","type":"post","link":"https:\/\/tucomarca.whitekongsoftware.com\/ca\/la-vi-travessia-cortes-de-pallas-que-se-celebrara-el-23-de-juliol-ja-te-obertes-les-inscripcions\/","title":{"rendered":"La VI Travessia Cortes de Pall\u00e0s, que se celebrar\u00e0 el 23 de juliol, ja t\u00e9 obertes les inscripcions"},"content":{"rendered":"\n<p class=\"wp-block-paragraph\">La VI Travessia Cortes de Pallars, que se celebrar\u00e0 el 23 de juliol, ja t\u00e9 obertes les inscripcions. Des del club de nataci\u00f3 S\u00f3c Tor\u00eds Nataci\u00f3, organitzador d&#8217;aquest multitudinari esdeveniment, informen que les inscripcions es podran realitzar a trav\u00e9s de&nbsp;<a rel=\"noreferrer noopener\" href=\"http:\/\/www.crono4sports.es\/?fbclid=IwAR2D02ZFYa0dRNxcWcsf4mKXw9sQCe3RKSncurwphI6qYwfhZu7HS6KS6zE\" target=\"_blank\">www.crono4sports.es<\/a><\/p>\n\n\n\n<p class=\"wp-block-paragraph\">Des de l&#8217;organitzaci\u00f3 animen a participar en aquesta travessia que conjumina esport i bellesa paisatg\u00edstica.<\/p>\n\n\n\n<p class=\"wp-block-paragraph\"><\/p>\n","protected":false},"excerpt":{"rendered":"<div class=\"mh-excerpt\">La VI Travessia Cortes de Pallars, que se celebrar\u00e0 el 23 de juliol, ja t\u00e9 obertes les inscripcions. Des del club de nataci\u00f3 S\u00f3c Tor\u00eds Nataci\u00f3, organitzador d&#8217;aquest multitudinari esdeveniment, informen que les inscripcions es <a class=\"mh-excerpt-more\" href=\"https:\/\/tucomarca.whitekongsoftware.com\/ca\/la-vi-travessia-cortes-de-pallas-que-se-celebrara-el-23-de-juliol-ja-te-obertes-les-inscripcions\/\" title=\"La VI Travessia Cortes de Pall\u00e0s, que se celebrar\u00e0 el 23 de juliol, ja t\u00e9 obertes les inscripcions\">[+] <\/a><\/div>\n","protected":false},"author":12,"featured_media":186156,"comment_status":"open","ping_status":"open","sticky":false,"template":"","format":"standard","meta":{"footnotes":""},"categories":[10951,10953,11003,10894,11009,10896],"tags":[11230,11440,19244],"class_list":["post-186157","post","type-post","status-publish","format-standard","has-post-thumbnail","category-ayora-cofrentes-ca","category-cortes-de-pallas-ca","category-sports","category-la-comarca-ca","category-polideportivo-ca","category-seccion-ca","tag-cortes-de-pallas-ca","tag-valle-de-ayora-cofrentes-ca","tag-vi-travesia-cortes-de-pallas-2"],"_links":{"self":[{"href":"https:\/\/tucomarca.whitekongsoftware.com\/ca\/wp-json\/wp\/v2\/posts\/186157","targetHints":{"allow":["GET"]}}],"collection":[{"href":"https:\/\/tucomarca.whitekongsoftware.com\/ca\/wp-json\/wp\/v2\/posts"}],"about":[{"href":"https:\/\/tucomarca.whitekongsoftware.com\/ca\/wp-json\/wp\/v2\/types\/post"}],"author":[{"embeddable":true,"href":"https:\/\/tucomarca.whitekongsoftware.com\/ca\/wp-json\/wp\/v2\/users\/12"}],"replies":[{"embeddable":true,"href":"https:\/\/tucomarca.whitekongsoftware.com\/ca\/wp-json\/wp\/v2\/comments?post=186157"}],"version-history":[{"count":0,"href":"https:\/\/tucomarca.whitekongsoftware.com\/ca\/wp-json\/wp\/v2\/posts\/186157\/revisions"}],"wp:featuredmedia":[{"embeddable":true,"href":"https:\/\/tucomarca.whitekongsoftware.com\/ca\/wp-json\/wp\/v2\/media\/186156"}],"wp:attachment":[{"href":"https:\/\/tucomarca.whitekongsoftware.com\/ca\/wp-json\/wp\/v2\/media?parent=186157"}],"wp:term":[{"taxonomy":"category","embeddable":true,"href":"https:\/\/tucomarca.whitekongsoftware.com\/ca\/wp-json\/wp\/v2\/categories?post=186157"},{"taxonomy":"post_tag","embeddable":true,"href":"https:\/\/tucomarca.whitekongsoftware.com\/ca\/wp-json\/wp\/v2\/tags?post=186157"}],"curies":[{"name":"wp","href":"https:\/\/api.w.org\/{rel}","templated":true}]}}