{"id":186144,"date":"2023-05-18T21:00:00","date_gmt":"2023-05-18T20:00:00","guid":{"rendered":"https:\/\/www.tucomarca.com\/wordpress\/segunda\/?p=186144"},"modified":"2023-05-18T21:04:26","modified_gmt":"2023-05-18T20:04:26","slug":"leliana-acollira-la-final-de-la-nostra-copa-que-enfrontara-a-cd-bunyol-i-cd-soneja","status":"publish","type":"post","link":"https:\/\/tucomarca.whitekongsoftware.com\/ca\/leliana-acollira-la-final-de-la-nostra-copa-que-enfrontara-a-cd-bunyol-i-cd-soneja\/","title":{"rendered":"L&#8217;Eliana acollir\u00e0 la final de La Nostra Copa que enfrontar\u00e0 a CD Bunyol i CD Soneja"},"content":{"rendered":"\n<h3 class=\"wp-block-heading\">El\u00a0Poliesportiu Municipal de L&#8217;Eliana\u00a0ser\u00e0 l&#8217;escenari de les dues finals de la\u00a0Copa Comunitat Mediterr\u00e0nea \u2018La Nostra Copa\u2019\u00a0de futbol.<\/h3>\n\n\n\n<p class=\"wp-block-paragraph\">La Federaci\u00f3 de Futbol de la Comunitat Valenciana (FFCV) ha determinat que siga el\u00a0Poliesportiu Municipal de L&#8217;Eliana l&#8217;escenari de les dues finals de la\u00a0Copa Comunitat Mediterr\u00e0nea \u2018La Nostra Copa\u2019\u00a0de futbol. &#8220;Es tracta d&#8217;una instal\u00b7laci\u00f3 amb experi\u00e8ncia a acollir esdeveniments del futbol de la\u00a0Comunitat Valenciana, com va oc\u00f3rrer al juny de 2021 quan va ser la\u00a0seu de les\u00a0finals Valenta\u00a0i de la\u00a0final de la\u00a0Lliga Auton\u00f2mica Infantil&#8221;, tal com han destacat des de la FFCV.<\/p>\n\n\n\n<p class=\"wp-block-paragraph\">La final masculina en la qual es mesuraran el CD Bunyol i el CD Soneja s&#8217;ha determinat que es jugue a les 18,00 hores del dissabte, 27 de maig. Aix\u00ed, CD Soneja i CD Bunyol&nbsp;es disputaran rellevar al CD&nbsp; L&#8217;Alcora&nbsp;en el palmar\u00e9s de la competici\u00f3 i guanyar-se una pla\u00e7a per a disputar la&nbsp;Copa d&#8217;SM El Rei&nbsp;la temporada que ve.<\/p>\n\n\n\n<p class=\"wp-block-paragraph\">&#8220;La Nostra Copa \u00e9s el torneig que defineix al millor equip de la\u00a0Comunitat Valenciana. 344 equips han lluitat des de setembre per aconseguir el t\u00edtol: 169 de\u00a0Segona Regional, 110 de\u00a0Primera Regional\u00a0i 65 de la Lliga \u00c0 Punt Preferent. De tots aqueixos sol queden amb vida en el torneig els dos finalistes\u00a0despr\u00e9s d&#8217;un cam\u00ed complicat amb eliminat\u00f2ries molt dif\u00edcils de superar.\u00a0CD Soneja\u00a0i\u00a0CD Bunyol\u00a0tenen molt m\u00e8rit en haver arribat fins a la final de\u00a0Pu\u00e7ol&#8221;, segons han ressaltat des de la Federaci\u00f3.<\/p>\n\n\n\n<p class=\"wp-block-paragraph\">Tots els equips de la\u00a0Comunitat\u00a0tenen l&#8217;opci\u00f3 de guanyar-la amb el gran premi gros en l&#8217;horitz\u00f3 de ser el conjunt que represente al nostre futbol en la\u00a0Copa d&#8217;SM El Rei. Recordar que l&#8217;RFEF\u00a0\u00a0exigeix com a requisit indispensable per a disputar la\u00a0Copa d&#8217;SM El Rei\u00a0que l&#8217;equip que accedisca a disputar l&#8217;eliminat\u00f2ria pr\u00e8via participe en la temporada 23\/24 en categoria territorial. \u00c9s a dir, que, per tant, el guanyador de\u00a0La Nostra Copa\u00a0no podr\u00e0 jugar la\u00a0Copa d&#8217;SM El Rei\u00a0si ascendeix tamb\u00e9 a\u00a0Tercera Federaci\u00f3.<\/p>\n\n\n\n<p class=\"wp-block-paragraph\"><strong>La Nostra Copa Valenta<\/strong><\/p>\n\n\n\n<p class=\"wp-block-paragraph\">El mateix dissabte per\u00f2 abans, a les 12,00 hores, tamb\u00e9 est\u00e0 previst que es dispute la final de la primera edici\u00f3 de\u00a0La Nostra Copa Valenta, que enfrontar\u00e0 a\u00a0CF Intercity\u00a0i a\u00a0Mislata CF B.<\/p>\n\n\n\n<p class=\"wp-block-paragraph\">CF Intercity\u00a0i\u00a0Mislata CF B\u00a0han hagut de superar en semifinals a\u00a0Llevant UD D\u00a0i a\u00a0Tavernes Blanques CF\u00a0respectivament per a poder aconseguir la primera final d&#8217;aquesta competici\u00f3 Valenta. Rojals CF\u00a0i\u00a0CDFB L&#8217;Eliana\u00a0van ser les v\u00edctimes dels finalistes en els quarts de final de la competici\u00f3. &#8220;Aquesta competici\u00f3, igual que el que va succeir amb la versi\u00f3 masculina la temporada passada, ha sigut tot un \u00e8xit en la seua estrena&#8221;, han remarcat des de la FFCV.<\/p>\n","protected":false},"excerpt":{"rendered":"<div class=\"mh-excerpt\">El\u00a0Poliesportiu Municipal de L&#8217;Eliana\u00a0ser\u00e0 l&#8217;escenari de les dues finals de la\u00a0Copa Comunitat Mediterr\u00e0nea \u2018La Nostra Copa\u2019\u00a0de futbol. La Federaci\u00f3 de Futbol de la Comunitat Valenciana (FFCV) ha determinat que siga el\u00a0Poliesportiu Municipal de L&#8217;Eliana l&#8217;escenari <a class=\"mh-excerpt-more\" href=\"https:\/\/tucomarca.whitekongsoftware.com\/ca\/leliana-acollira-la-final-de-la-nostra-copa-que-enfrontara-a-cd-bunyol-i-cd-soneja\/\" title=\"L&#8217;Eliana acollir\u00e0 la final de La Nostra Copa que enfrontar\u00e0 a CD Bunyol i CD Soneja\">[+] <\/a><\/div>\n","protected":false},"author":1,"featured_media":176272,"comment_status":"open","ping_status":"open","sticky":false,"template":"","format":"standard","meta":{"footnotes":""},"categories":[10911,10892,11015,11003,10894,10904,10912,10893,10896],"tags":[10913,11126,10914],"class_list":["post-186144","post","type-post","status-publish","format-standard","has-post-thumbnail","category-bunol-ca","category-camp-de-turia-ca","category-canal-futbol","category-sports","category-la-comarca-ca","category-sin-categorizar-ca","category-la-hoya-ca","category-leliana-ca","category-seccion-ca","tag-bunol-ca","tag-cd-bunol-ca","tag-la-hoya-de-bunol-chiva-ca"],"_links":{"self":[{"href":"https:\/\/tucomarca.whitekongsoftware.com\/ca\/wp-json\/wp\/v2\/posts\/186144","targetHints":{"allow":["GET"]}}],"collection":[{"href":"https:\/\/tucomarca.whitekongsoftware.com\/ca\/wp-json\/wp\/v2\/posts"}],"about":[{"href":"https:\/\/tucomarca.whitekongsoftware.com\/ca\/wp-json\/wp\/v2\/types\/post"}],"author":[{"embeddable":true,"href":"https:\/\/tucomarca.whitekongsoftware.com\/ca\/wp-json\/wp\/v2\/users\/1"}],"replies":[{"embeddable":true,"href":"https:\/\/tucomarca.whitekongsoftware.com\/ca\/wp-json\/wp\/v2\/comments?post=186144"}],"version-history":[{"count":0,"href":"https:\/\/tucomarca.whitekongsoftware.com\/ca\/wp-json\/wp\/v2\/posts\/186144\/revisions"}],"wp:featuredmedia":[{"embeddable":true,"href":"https:\/\/tucomarca.whitekongsoftware.com\/ca\/wp-json\/wp\/v2\/media\/176272"}],"wp:attachment":[{"href":"https:\/\/tucomarca.whitekongsoftware.com\/ca\/wp-json\/wp\/v2\/media?parent=186144"}],"wp:term":[{"taxonomy":"category","embeddable":true,"href":"https:\/\/tucomarca.whitekongsoftware.com\/ca\/wp-json\/wp\/v2\/categories?post=186144"},{"taxonomy":"post_tag","embeddable":true,"href":"https:\/\/tucomarca.whitekongsoftware.com\/ca\/wp-json\/wp\/v2\/tags?post=186144"}],"curies":[{"name":"wp","href":"https:\/\/api.w.org\/{rel}","templated":true}]}}