{"id":186086,"date":"2023-05-17T11:00:00","date_gmt":"2023-05-17T10:00:00","guid":{"rendered":"https:\/\/www.tucomarca.com\/wordpress\/segunda\/?p=186086"},"modified":"2023-05-17T17:52:16","modified_gmt":"2023-05-17T16:52:16","slug":"el-partit-de-requena-i-llogarets-prya-anuncia-que-augmentara-el-nombre-de-policies-locals-per-a-garantir-la-seguretat","status":"publish","type":"post","link":"https:\/\/tucomarca.whitekongsoftware.com\/ca\/el-partit-de-requena-i-llogarets-prya-anuncia-que-augmentara-el-nombre-de-policies-locals-per-a-garantir-la-seguretat\/","title":{"rendered":"EL Partit de Requena i Llogarets (PRyA) anuncia que augmentar\u00e0 el nombre de policies locals per a garantir la seguretat"},"content":{"rendered":"\n<h4 class=\"wp-block-heading\">El candidat del PRyA a l&#8217;alcaldia de Requena, Joaqu\u00edn Gonz\u00e1lez, assegura que millorar\u00e0 les condicions laborals de la policia local per a augmentar aix\u00ed el nombre d&#8217;efectius, dotant-los de m\u00e9s mitjans per a poder vetlar millor per la nostra seguretat<\/h4>\n\n\n\n<p class=\"wp-block-paragraph\">\u201cDes del PRyA sabem que la seguretat \u00e9s una de les majors preocupacions dels ve\u00efns del municipi, a causa del baix nombre de policies locals des que governa l&#8217;alcalde socialista Mario S\u00e1nchez.&nbsp;<br>Sense seguretat no hi ha vida i aix\u00f2 el, tenim clar en el PRyA, per aix\u00f2, l&#8217;augment d&#8217;efectius policials ser\u00e0 una de les nostres prioritats.&nbsp;<br>Tot aquest problema ve dau per les males condicions laborals, perqu\u00e8 en el nostre municipi hi ha una gran desigualtat econ\u00f2mica amb la resta de la prov\u00edncia, per la qual cosa els nostres policies locals es veuen obligats a traslladar-se a altres llocs de treball, una cosa totalment l\u00f2gica, perqu\u00e8 tothom t\u00e9 dret a prosperar en la seua vida laboral.&nbsp;<br>Des del PRyA, millorarem les condicions laborals negociant amb la policia local, per a augmentar aix\u00ed el nombre d&#8217;efectius, a m\u00e9s, els dotarem de m\u00e9s mitjans per a poder vetlar millor per la nostra seguretat.<br>En l&#8217;\u00faltim any de govern socialista, els delictes han augmentat un 47,5% a Requena, per la qual cosa la inseguretat \u00e9s un problema que, desgraciadament, van en augment.&nbsp;<br>Aquest problema, el qual ha sigut incapa\u00e7 de solucionar el govern del PSOE, tamb\u00e9 l&#8217;estan patint la resta de treballadors de l&#8217;Ajuntament, per la qual cosa tamb\u00e9 haurem de solucionar-los les seues condicions laborals, perqu\u00e8 tots s\u00f3n treballadors p\u00fablics per igual.&nbsp;<br>Des del PRyA donarem soluci\u00f3 al problema de la falta de policies locals negociant amb ells la millora de les seues condicions laborals, farem el mateix amb la resta de treballadors de l&#8217;Ajuntament per a millorar tots els serveis p\u00fablics.&nbsp;<br>El programa electoral del PRyA est\u00e0 elaborat pels ve\u00efns, perqu\u00e8 hem recollit tots els seus suggeriments, propostes i preocupacions. Si arribem al govern despr\u00e9s de les pr\u00f2ximes eleccions municipals, abordarem tots els problemes generats per la mala gesti\u00f3 del govern del PSOE i Podem amb l&#8217;alcalde Mario S\u00e1nchez al capdavant\u201d.<\/p>\n\n\n\n<p class=\"wp-block-paragraph\"><\/p>\n","protected":false},"excerpt":{"rendered":"<div class=\"mh-excerpt\">El candidat del PRyA a l&#8217;alcaldia de Requena, Joaqu\u00edn Gonz\u00e1lez, assegura que millorar\u00e0 les condicions laborals de la policia local per a augmentar aix\u00ed el nombre d&#8217;efectius, dotant-los de m\u00e9s mitjans per a poder vetlar <a class=\"mh-excerpt-more\" href=\"https:\/\/tucomarca.whitekongsoftware.com\/ca\/el-partit-de-requena-i-llogarets-prya-anuncia-que-augmentara-el-nombre-de-policies-locals-per-a-garantir-la-seguretat\/\" title=\"EL Partit de Requena i Llogarets (PRyA) anuncia que augmentar\u00e0 el nombre de policies locals per a garantir la seguretat\">[+] <\/a><\/div>\n","protected":false},"author":12,"featured_media":173221,"comment_status":"open","ping_status":"open","sticky":false,"template":"","format":"standard","meta":{"footnotes":""},"categories":[10948,10894,10947,10908,10909,10896],"tags":[12796,11099,10910],"class_list":["post-186086","post","type-post","status-publish","format-standard","has-post-thumbnail","category-infraestructuras-ca","category-la-comarca-ca","category-politica","category-requena-ca","category-requena-utiel-ca","category-seccion-ca","tag-prya-ca","tag-requena-ca","tag-requena-utiel-ca"],"_links":{"self":[{"href":"https:\/\/tucomarca.whitekongsoftware.com\/ca\/wp-json\/wp\/v2\/posts\/186086","targetHints":{"allow":["GET"]}}],"collection":[{"href":"https:\/\/tucomarca.whitekongsoftware.com\/ca\/wp-json\/wp\/v2\/posts"}],"about":[{"href":"https:\/\/tucomarca.whitekongsoftware.com\/ca\/wp-json\/wp\/v2\/types\/post"}],"author":[{"embeddable":true,"href":"https:\/\/tucomarca.whitekongsoftware.com\/ca\/wp-json\/wp\/v2\/users\/12"}],"replies":[{"embeddable":true,"href":"https:\/\/tucomarca.whitekongsoftware.com\/ca\/wp-json\/wp\/v2\/comments?post=186086"}],"version-history":[{"count":0,"href":"https:\/\/tucomarca.whitekongsoftware.com\/ca\/wp-json\/wp\/v2\/posts\/186086\/revisions"}],"wp:featuredmedia":[{"embeddable":true,"href":"https:\/\/tucomarca.whitekongsoftware.com\/ca\/wp-json\/wp\/v2\/media\/173221"}],"wp:attachment":[{"href":"https:\/\/tucomarca.whitekongsoftware.com\/ca\/wp-json\/wp\/v2\/media?parent=186086"}],"wp:term":[{"taxonomy":"category","embeddable":true,"href":"https:\/\/tucomarca.whitekongsoftware.com\/ca\/wp-json\/wp\/v2\/categories?post=186086"},{"taxonomy":"post_tag","embeddable":true,"href":"https:\/\/tucomarca.whitekongsoftware.com\/ca\/wp-json\/wp\/v2\/tags?post=186086"}],"curies":[{"name":"wp","href":"https:\/\/api.w.org\/{rel}","templated":true}]}}