{"id":186062,"date":"2023-05-17T10:30:00","date_gmt":"2023-05-17T09:30:00","guid":{"rendered":"https:\/\/www.tucomarca.com\/wordpress\/segunda\/?p=186062"},"modified":"2023-05-17T17:48:34","modified_gmt":"2023-05-17T16:48:34","slug":"nou-agents-de-la-policia-local-de-xest-son-condecorats-per-lagencia-valenciana-de-seguretat-i-resposta-a-emergencies","status":"publish","type":"post","link":"https:\/\/tucomarca.whitekongsoftware.com\/ca\/nou-agents-de-la-policia-local-de-xest-son-condecorats-per-lagencia-valenciana-de-seguretat-i-resposta-a-emergencies\/","title":{"rendered":"Nou agents de la Policia Local de Xest s\u00f3n condecorats per l&#8217;Ag\u00e8ncia Valenciana de Seguretat i Resposta a Emerg\u00e8ncies"},"content":{"rendered":"\n<p class=\"wp-block-paragraph\">L&#8217;Ag\u00e8ncia Valenciana de Seguretat i Resposta a Emerg\u00e8ncies va realitzar, el passat 3 de maig, un acte de reconeixement p\u00fablic al Puig per a entregar condecoracions al personal dels cossos de la Policia Local.&nbsp;<\/p>\n\n\n\n<p class=\"wp-block-paragraph\">Nou agents de Xest van rebre creus al m\u00e8rit policial, cinc amb distintiu roig i quatre amb distintiu blau. En concret, les actuacions reconegudes amb distintiu roig van ser el r\u00e0pid desallotjament de les persones habitants d&#8217;un habitatge en flames i les confrontants, i el rescat d&#8217;una dona atrapada en el Barranc del Anzul durant una tempesta torrencial. El distintiu blau va ser per a la intervenci\u00f3 de rescat d&#8217;un home d&#8217;avan\u00e7ada edat atrapat entre esbarzerars, amb ferides i s\u00edmptomes d&#8217;hipot\u00e8rmia; i la de reanimaci\u00f3 d&#8217;un home ferit de gravetat despr\u00e9s de rebre una brutal pallissa i la detenci\u00f3 d&#8217;un dels seus agressors.&nbsp;<\/p>\n\n\n\n<p class=\"wp-block-paragraph\">El procediment per a la concessi\u00f3 de condecoracions s&#8217;inicia amb la proposta inicial del Ple de l&#8217;Ajuntament, que s&#8217;acompanya de les dades dels i les agents a recon\u00e9ixer i la descripci\u00f3 detallada dels fets en els quals van participar, per a elevar-los a la Generalitat al costat de la resta de documentaci\u00f3 acreditativa.<\/p>\n\n\n\n<p class=\"wp-block-paragraph\"><\/p>\n","protected":false},"excerpt":{"rendered":"<div class=\"mh-excerpt\">L&#8217;Ag\u00e8ncia Valenciana de Seguretat i Resposta a Emerg\u00e8ncies va realitzar, el passat 3 de maig, un acte de reconeixement p\u00fablic al Puig per a entregar condecoracions al personal dels cossos de la Policia Local.&nbsp; Nou <a class=\"mh-excerpt-more\" href=\"https:\/\/tucomarca.whitekongsoftware.com\/ca\/nou-agents-de-la-policia-local-de-xest-son-condecorats-per-lagencia-valenciana-de-seguretat-i-resposta-a-emergencies\/\" title=\"Nou agents de la Policia Local de Xest s\u00f3n condecorats per l&#8217;Ag\u00e8ncia Valenciana de Seguretat i Resposta a Emerg\u00e8ncies\">[+] <\/a><\/div>\n","protected":false},"author":12,"featured_media":186061,"comment_status":"open","ping_status":"open","sticky":false,"template":"","format":"standard","meta":{"footnotes":""},"categories":[10948,10894,10912,10896,10974],"tags":[11071,10914,14136],"class_list":["post-186062","post","type-post","status-publish","format-standard","has-post-thumbnail","category-infraestructuras-ca","category-la-comarca-ca","category-la-hoya-ca","category-seccion-ca","category-cheste-ca","tag-cheste","tag-la-hoya-de-bunol-chiva-ca","tag-policia-local-de-cheste-ca"],"_links":{"self":[{"href":"https:\/\/tucomarca.whitekongsoftware.com\/ca\/wp-json\/wp\/v2\/posts\/186062","targetHints":{"allow":["GET"]}}],"collection":[{"href":"https:\/\/tucomarca.whitekongsoftware.com\/ca\/wp-json\/wp\/v2\/posts"}],"about":[{"href":"https:\/\/tucomarca.whitekongsoftware.com\/ca\/wp-json\/wp\/v2\/types\/post"}],"author":[{"embeddable":true,"href":"https:\/\/tucomarca.whitekongsoftware.com\/ca\/wp-json\/wp\/v2\/users\/12"}],"replies":[{"embeddable":true,"href":"https:\/\/tucomarca.whitekongsoftware.com\/ca\/wp-json\/wp\/v2\/comments?post=186062"}],"version-history":[{"count":0,"href":"https:\/\/tucomarca.whitekongsoftware.com\/ca\/wp-json\/wp\/v2\/posts\/186062\/revisions"}],"wp:featuredmedia":[{"embeddable":true,"href":"https:\/\/tucomarca.whitekongsoftware.com\/ca\/wp-json\/wp\/v2\/media\/186061"}],"wp:attachment":[{"href":"https:\/\/tucomarca.whitekongsoftware.com\/ca\/wp-json\/wp\/v2\/media?parent=186062"}],"wp:term":[{"taxonomy":"category","embeddable":true,"href":"https:\/\/tucomarca.whitekongsoftware.com\/ca\/wp-json\/wp\/v2\/categories?post=186062"},{"taxonomy":"post_tag","embeddable":true,"href":"https:\/\/tucomarca.whitekongsoftware.com\/ca\/wp-json\/wp\/v2\/tags?post=186062"}],"curies":[{"name":"wp","href":"https:\/\/api.w.org\/{rel}","templated":true}]}}