{"id":186042,"date":"2023-05-16T08:00:00","date_gmt":"2023-05-16T07:00:00","guid":{"rendered":"https:\/\/www.tucomarca.com\/wordpress\/segunda\/?p=186042"},"modified":"2023-05-19T11:00:09","modified_gmt":"2023-05-19T10:00:09","slug":"el-prya-creara-una-emt-per-a-connectar-amb-autobus-totes-les-poblacions-de-requena","status":"publish","type":"post","link":"https:\/\/tucomarca.whitekongsoftware.com\/ca\/el-prya-creara-una-emt-per-a-connectar-amb-autobus-totes-les-poblacions-de-requena\/","title":{"rendered":"El PRyA crear\u00e0 una EMT per a connectar amb autob\u00fas totes les poblacions de Requena"},"content":{"rendered":"\n<h4 class=\"wp-block-heading\">El candidat del PRyA a l&#8217;Alcaldia, Joaqu\u00edn Gonz\u00e1lez, anuncia la creaci\u00f3 d&#8217;una EMT amb dues l\u00ednies d&#8217;autob\u00fas per a connectar el nucli urb\u00e0 de Requena amb les urbanitzacions de San Jos\u00e9 i Casablanca, els 25 llogarets, l&#8217;estaci\u00f3 de l&#8217;AVE i l&#8217;hospital, amb parades continuades cada hora<\/h4>\n\n\n\n<p class=\"wp-block-paragraph\">&#8220;Des del PRyA portem temps recaptant propostes i suggeriments dels ve\u00efns per a fer el nostre programa electoral i una de les majors preocupacions dels nostres ve\u00efns \u00e9s l&#8217;abs\u00e8ncia de transport urb\u00e0 dins del municipi de Requena.&nbsp;<br>La nostra proposta de creaci\u00f3 d&#8217;una EMT, perfectament assumible econ\u00f2micament, constar\u00e0 de dues l\u00ednies d&#8217;autob\u00fas que connectaran els llogarets i Requena d&#8217;est a oest i de nord a sud, travessant-se totes dues l\u00ednies en la Font de Colors, on els usuaris podran fer transbord.&nbsp;<br>La seua implantaci\u00f3 ser\u00e0 progressiva i segons demanda amb dos minibusos i amb parades cada hora aproximadament.<\/p>\n\n\n\n<p class=\"wp-block-paragraph\">LLOGARETS. La major part dels nostres llogarets es troben mal comunicades, manquen de comer\u00e7os on fer les seues compres i amb persones majors que en molts casos manquen de vehicles, per als quals, anar a comprar o a l&#8217;hospital es converteix en tot un problema. Amb aquestes l\u00ednies d&#8217;autob\u00fas i parades cada hora aconseguirem una comunicaci\u00f3 que facilitar\u00e0 la vida als ve\u00efns dels llogarets.<\/p>\n\n\n\n<p class=\"wp-block-paragraph\">URBANITZACIONS DE SAN JOS\u00c9 I CASABLANCA. A m\u00e9s, dins del nucli urb\u00e0 de Requena, podrem connectar amb transport urb\u00e0 les urbanitzacions de Casablanca i San Jos\u00e9, ambdues bastant allunyades del centre urb\u00e0, instituts, comer\u00e7os locals, bars i restaurants o administracions p\u00fabliques.&nbsp;<\/p>\n\n\n\n<p class=\"wp-block-paragraph\">COMER\u00c7 LOCAL. Gr\u00e0cies a la nova EMT es fomentar\u00e0 el comer\u00e7 amb els nostres comer\u00e7os locals, ja que, des de les urbanitzacions de San Jos\u00e9 o Casablanca, els llogarets o zones altes com Les Penyes el tindran molt m\u00e9s f\u00e0cil per a fer les seues compres a qualsevol hora del dia, gr\u00e0cies a les parades cada hora dels autobusos.&nbsp;<\/p>\n\n\n\n<p class=\"wp-block-paragraph\">HOSTELERIA I OCI. Tamb\u00e9 els nostres ve\u00efns tindran la possibilitat de gaudir de bars, restaurants, locals d&#8217;oci, discoteca o sala de festes sense necessitat d&#8217;agafar el seu vehicle, minimitzant aix\u00ed el risc d&#8217;accidents.&nbsp;<br>FESTES. En la Festa de la Verema, sopars d&#8217;empresa, Nadal o festes patronals dels llogarets i barris de Requena, el servei d&#8217;autob\u00fas ser\u00e0 de 24 hores perqu\u00e8 els ve\u00efns no hagen d&#8217;agafar els seus vehicles i puguen gaudir de les festes amb total tranquil\u00b7litat.&nbsp;<\/p>\n\n\n\n<p class=\"wp-block-paragraph\">HOSPITAL I ESTADI TOM\u00c1S BERLANGA. Amb la nostra proposta, qualsevol ve\u00ed podr\u00e0 anar a l&#8217;hospital sense necessitat d&#8217;agafar el seu cotxe o dependre d&#8217;altres persones. Tamb\u00e9 es podr\u00e0 gaudir del futbol en l&#8217;Estadi Tom\u00e1s Berlanga de manera m\u00e9s senzilla.<\/p>\n\n\n\n<p class=\"wp-block-paragraph\">Aquest servei de transport urb\u00e0 dins del municipi de Requena que proposa el PRyA \u00e9s totalment necessari i produir\u00e0 un gran canvi en les relacions socials i comercials dels ve\u00efns del municipi. La nostra proposta \u00e9s perfectament viable econ\u00f2micament per a l&#8217;Ajuntament de Requena i \u00e9s per aix\u00f2 que la durem a terme sent una prioritat per al PRyA&#8221;.<\/p>\n\n\n\n<p class=\"wp-block-paragraph\"><\/p>\n","protected":false},"excerpt":{"rendered":"<div class=\"mh-excerpt\">El candidat del PRyA a l&#8217;Alcaldia, Joaqu\u00edn Gonz\u00e1lez, anuncia la creaci\u00f3 d&#8217;una EMT amb dues l\u00ednies d&#8217;autob\u00fas per a connectar el nucli urb\u00e0 de Requena amb les urbanitzacions de San Jos\u00e9 i Casablanca, els 25 <a class=\"mh-excerpt-more\" href=\"https:\/\/tucomarca.whitekongsoftware.com\/ca\/el-prya-creara-una-emt-per-a-connectar-amb-autobus-totes-les-poblacions-de-requena\/\" title=\"El PRyA crear\u00e0 una EMT per a connectar amb autob\u00fas totes les poblacions de Requena\">[+] <\/a><\/div>\n","protected":false},"author":12,"featured_media":186041,"comment_status":"open","ping_status":"open","sticky":false,"template":"","format":"standard","meta":{"footnotes":""},"categories":[10948,10894,10947,10908,10909,10896],"tags":[12796,11099,10910],"class_list":["post-186042","post","type-post","status-publish","format-standard","has-post-thumbnail","category-infraestructuras-ca","category-la-comarca-ca","category-politica","category-requena-ca","category-requena-utiel-ca","category-seccion-ca","tag-prya-ca","tag-requena-ca","tag-requena-utiel-ca"],"_links":{"self":[{"href":"https:\/\/tucomarca.whitekongsoftware.com\/ca\/wp-json\/wp\/v2\/posts\/186042","targetHints":{"allow":["GET"]}}],"collection":[{"href":"https:\/\/tucomarca.whitekongsoftware.com\/ca\/wp-json\/wp\/v2\/posts"}],"about":[{"href":"https:\/\/tucomarca.whitekongsoftware.com\/ca\/wp-json\/wp\/v2\/types\/post"}],"author":[{"embeddable":true,"href":"https:\/\/tucomarca.whitekongsoftware.com\/ca\/wp-json\/wp\/v2\/users\/12"}],"replies":[{"embeddable":true,"href":"https:\/\/tucomarca.whitekongsoftware.com\/ca\/wp-json\/wp\/v2\/comments?post=186042"}],"version-history":[{"count":0,"href":"https:\/\/tucomarca.whitekongsoftware.com\/ca\/wp-json\/wp\/v2\/posts\/186042\/revisions"}],"wp:featuredmedia":[{"embeddable":true,"href":"https:\/\/tucomarca.whitekongsoftware.com\/ca\/wp-json\/wp\/v2\/media\/186041"}],"wp:attachment":[{"href":"https:\/\/tucomarca.whitekongsoftware.com\/ca\/wp-json\/wp\/v2\/media?parent=186042"}],"wp:term":[{"taxonomy":"category","embeddable":true,"href":"https:\/\/tucomarca.whitekongsoftware.com\/ca\/wp-json\/wp\/v2\/categories?post=186042"},{"taxonomy":"post_tag","embeddable":true,"href":"https:\/\/tucomarca.whitekongsoftware.com\/ca\/wp-json\/wp\/v2\/tags?post=186042"}],"curies":[{"name":"wp","href":"https:\/\/api.w.org\/{rel}","templated":true}]}}