{"id":185984,"date":"2023-05-16T17:00:00","date_gmt":"2023-05-16T16:00:00","guid":{"rendered":"https:\/\/www.tucomarca.com\/wordpress\/segunda\/?p=185984"},"modified":"2023-05-16T18:21:54","modified_gmt":"2023-05-16T17:21:54","slug":"video-aixi-han-celebrat-aficionats-jugadors-cos-tecnic-i-directiva-del-cd-bunyol-lobtencio-del-subcampionat-en-la-temporada-2022-23","status":"publish","type":"post","link":"https:\/\/tucomarca.whitekongsoftware.com\/ca\/video-aixi-han-celebrat-aficionats-jugadors-cos-tecnic-i-directiva-del-cd-bunyol-lobtencio-del-subcampionat-en-la-temporada-2022-23\/","title":{"rendered":"V\u00eddeo: aix\u00ed han celebrat aficionats, jugadors, cos t\u00e8cnic i directiva del CD Bunyol l&#8217;obtenci\u00f3 del subcampionat en la temporada 2022-23"},"content":{"rendered":"\n<figure class=\"wp-block-embed is-type-video is-provider-youtube wp-block-embed-youtube wp-embed-aspect-16-9 wp-has-aspect-ratio\"><div class=\"wp-block-embed__wrapper\">\n<iframe loading=\"lazy\" title=\"As\u00ed han celebrado aficionados, jugadores, cuerpo t\u00e9cnico y directiva del Bu\u00f1ol el subcampeonato 2023\" width=\"500\" height=\"281\" src=\"https:\/\/www.youtube.com\/embed\/dcEQjQkcEd0?feature=oembed\" frameborder=\"0\" allow=\"accelerometer; autoplay; clipboard-write; encrypted-media; gyroscope; picture-in-picture; web-share\" referrerpolicy=\"strict-origin-when-cross-origin\" allowfullscreen><\/iframe>\n<\/div><\/figure>\n\n\n\n<h3 class=\"wp-block-heading\">Aficionats, jugadors, cos t\u00e8cnic i directiva del Club Esportiu Bunyol s&#8217;han fos en abra\u00e7ades i felicitacions despr\u00e9s de la consecuci\u00f3 del subcampionat de Lliga de la temporada 2022-23 en el grup segon de la Regional Preferent, que permetr\u00e0 a l&#8217;equip tornar optar a la promoci\u00f3 d&#8217;ascens a Tercera Divisi\u00f3 per quart any consecutiu, tal com es recull en aquest v\u00eddeo elaborat per <strong>tucomarca televisi\u00f3<\/strong>.<\/h3>\n\n\n\n<h3 class=\"wp-block-heading\"> <\/h3>\n","protected":false},"excerpt":{"rendered":"<div class=\"mh-excerpt\">Aficionats, jugadors, cos t\u00e8cnic i directiva del Club Esportiu Bunyol s&#8217;han fos en abra\u00e7ades i felicitacions despr\u00e9s de la consecuci\u00f3 del subcampionat de Lliga de la temporada 2022-23 en el grup segon de la Regional <a class=\"mh-excerpt-more\" href=\"https:\/\/tucomarca.whitekongsoftware.com\/ca\/video-aixi-han-celebrat-aficionats-jugadors-cos-tecnic-i-directiva-del-cd-bunyol-lobtencio-del-subcampionat-en-la-temporada-2022-23\/\" title=\"V\u00eddeo: aix\u00ed han celebrat aficionats, jugadors, cos t\u00e8cnic i directiva del CD Bunyol l&#8217;obtenci\u00f3 del subcampionat en la temporada 2022-23\">[+] <\/a><\/div>\n","protected":false},"author":1,"featured_media":185979,"comment_status":"open","ping_status":"open","sticky":false,"template":"","format":"video","meta":{"footnotes":""},"categories":[10911,11015,11003,10898,10894,10904,10912,10896,11062],"tags":[10913,11126,11074,11075,10914],"class_list":["post-185984","post","type-post","status-publish","format-video","has-post-thumbnail","category-bunol-ca","category-canal-futbol","category-sports","category-ventana-ca","category-la-comarca-ca","category-sin-categorizar-ca","category-la-hoya-ca","category-seccion-ca","category-videos","tag-bunol-ca","tag-cd-bunol-ca","tag-deportes-ca","tag-futbol-ca","tag-la-hoya-de-bunol-chiva-ca","post_format-post-format-video"],"_links":{"self":[{"href":"https:\/\/tucomarca.whitekongsoftware.com\/ca\/wp-json\/wp\/v2\/posts\/185984","targetHints":{"allow":["GET"]}}],"collection":[{"href":"https:\/\/tucomarca.whitekongsoftware.com\/ca\/wp-json\/wp\/v2\/posts"}],"about":[{"href":"https:\/\/tucomarca.whitekongsoftware.com\/ca\/wp-json\/wp\/v2\/types\/post"}],"author":[{"embeddable":true,"href":"https:\/\/tucomarca.whitekongsoftware.com\/ca\/wp-json\/wp\/v2\/users\/1"}],"replies":[{"embeddable":true,"href":"https:\/\/tucomarca.whitekongsoftware.com\/ca\/wp-json\/wp\/v2\/comments?post=185984"}],"version-history":[{"count":0,"href":"https:\/\/tucomarca.whitekongsoftware.com\/ca\/wp-json\/wp\/v2\/posts\/185984\/revisions"}],"wp:featuredmedia":[{"embeddable":true,"href":"https:\/\/tucomarca.whitekongsoftware.com\/ca\/wp-json\/wp\/v2\/media\/185979"}],"wp:attachment":[{"href":"https:\/\/tucomarca.whitekongsoftware.com\/ca\/wp-json\/wp\/v2\/media?parent=185984"}],"wp:term":[{"taxonomy":"category","embeddable":true,"href":"https:\/\/tucomarca.whitekongsoftware.com\/ca\/wp-json\/wp\/v2\/categories?post=185984"},{"taxonomy":"post_tag","embeddable":true,"href":"https:\/\/tucomarca.whitekongsoftware.com\/ca\/wp-json\/wp\/v2\/tags?post=185984"}],"curies":[{"name":"wp","href":"https:\/\/api.w.org\/{rel}","templated":true}]}}