{"id":185645,"date":"2023-05-13T09:00:00","date_gmt":"2023-05-13T08:00:00","guid":{"rendered":"https:\/\/www.tucomarca.com\/wordpress\/segunda\/?p=185645"},"modified":"2023-05-14T09:20:03","modified_gmt":"2023-05-14T08:20:03","slug":"fotogaleria-bunyol-inaugura-la-seua-xvi-fira-de-comerc-turisme-i-ocupacio","status":"publish","type":"post","link":"https:\/\/tucomarca.whitekongsoftware.com\/ca\/fotogaleria-bunyol-inaugura-la-seua-xvi-fira-de-comerc-turisme-i-ocupacio\/","title":{"rendered":"Fotogaler\u00eda: Bunyol inaugura la seua XVI Fira de Comer\u00e7, Turisme i Ocupaci\u00f3"},"content":{"rendered":"\n<p class=\"wp-block-paragraph\">El Planell de Bunyol ha acollit aquest divendres la inauguraci\u00f3 de la ja tradicional Fira de Comer\u00e7 a c\u00e0rrec de la Reina de les Festes, Regina Mart\u00ednez, de l&#8217;alcaldessa, Juncal Carrascosa, la regidora de Turisme, Mar\u00eda Vall\u00e9s, i el regidor de Cultura Popular, Rafa P\u00e9rez, acompanyats per de la Banda Juvenil del CIM L&#8217;Harm\u00f2nica. Les intervencions dels responsables pol\u00edtics i empresarials de l&#8217;esdeveniment, en la carpa central, s&#8217;han tancat amb l&#8217;actuaci\u00f3 del Grup Instrumental de la SM L&#8217;Art\u00edstica Big band. Despr\u00e9s d&#8217;aix\u00f2 s&#8217;ha oferit un lunch per als assistents amb la col\u00b7laboraci\u00f3 dels Hateros i del bar Rosers.<\/p>\n\n\n\n<p class=\"wp-block-paragraph\">Fotos: Jos\u00e9 L. Mont\u00f3n i tucomarca.com<\/p>\n\n\n\n<p class=\"wp-block-paragraph\">El Planell de Bu\u00f1ol ha acogido este viernes la inauguraci\u00f3n de la ya tradicional Feria de Comercio a cargo de la Reina de las Fiestas, Regina Mart\u00ednez,  de la alcaldesa, Juncal Carrascosa, la concejala de Turismo, Mar\u00eda Vall\u00e9s, y el concejal de Cultura Popular, Rafa P\u00e9rez, acompa\u00f1ados por de la Banda Juvenil del CIM La Arm\u00f3nica. Las intervenciones de los responsables pol\u00edticos y empresariales del evento, en la carpa central, se han cerrado con la actuaci\u00f3n del Grupo Instrumental de la SM La Art\u00edstica Big Band. Tras ello se ha ofrecido un lunch para los asistentes con la colaboraci\u00f3n de los Hateros y del bar Rosales.<\/p>\n\n\n\n<p class=\"wp-block-paragraph\">Fotos: Jos\u00e9 L. Mont\u00f3n y tucomarca.com<\/p>\n\n\n\n<figure class=\"wp-block-gallery has-nested-images columns-2 is-cropped wp-block-gallery-1 is-layout-flex wp-block-gallery-is-layout-flex\">\n<figure class=\"wp-block-image size-large\"><img loading=\"lazy\" decoding=\"async\" width=\"886\" height=\"591\" data-id=\"185586\" src=\"http:\/\/www.tucomarca.com\/wordpress\/segunda\/wp-content\/uploads\/2023\/05\/FeriaComercio23_03.jpg\" alt=\"\" class=\"wp-image-185586\" srcset=\"https:\/\/tucomarca.whitekongsoftware.com\/wp-content\/uploads\/2023\/05\/FeriaComercio23_03.jpg 886w, https:\/\/tucomarca.whitekongsoftware.com\/wp-content\/uploads\/2023\/05\/FeriaComercio23_03-300x200.jpg 300w, https:\/\/tucomarca.whitekongsoftware.com\/wp-content\/uploads\/2023\/05\/FeriaComercio23_03-768x512.jpg 768w\" sizes=\"auto, (max-width: 886px) 100vw, 886px\" \/><\/figure>\n\n\n\n<figure class=\"wp-block-image size-large\"><img loading=\"lazy\" decoding=\"async\" width=\"1024\" height=\"768\" data-id=\"185584\" src=\"http:\/\/www.tucomarca.com\/wordpress\/segunda\/wp-content\/uploads\/2023\/05\/FeriaComercio23_02.jpg\" alt=\"\" class=\"wp-image-185584\" srcset=\"https:\/\/tucomarca.whitekongsoftware.com\/wp-content\/uploads\/2023\/05\/FeriaComercio23_02.jpg 1024w, https:\/\/tucomarca.whitekongsoftware.com\/wp-content\/uploads\/2023\/05\/FeriaComercio23_02-300x225.jpg 300w, https:\/\/tucomarca.whitekongsoftware.com\/wp-content\/uploads\/2023\/05\/FeriaComercio23_02-768x576.jpg 768w, https:\/\/tucomarca.whitekongsoftware.com\/wp-content\/uploads\/2023\/05\/FeriaComercio23_02-678x509.jpg 678w, https:\/\/tucomarca.whitekongsoftware.com\/wp-content\/uploads\/2023\/05\/FeriaComercio23_02-326x245.jpg 326w, https:\/\/tucomarca.whitekongsoftware.com\/wp-content\/uploads\/2023\/05\/FeriaComercio23_02-80x60.jpg 80w\" sizes=\"auto, (max-width: 1024px) 100vw, 1024px\" \/><\/figure>\n\n\n\n<figure class=\"wp-block-image size-large\"><img loading=\"lazy\" decoding=\"async\" width=\"886\" height=\"591\" data-id=\"185588\" src=\"http:\/\/www.tucomarca.com\/wordpress\/segunda\/wp-content\/uploads\/2023\/05\/FeriaComercio23_04.jpg\" alt=\"\" class=\"wp-image-185588\" srcset=\"https:\/\/tucomarca.whitekongsoftware.com\/wp-content\/uploads\/2023\/05\/FeriaComercio23_04.jpg 886w, https:\/\/tucomarca.whitekongsoftware.com\/wp-content\/uploads\/2023\/05\/FeriaComercio23_04-300x200.jpg 300w, https:\/\/tucomarca.whitekongsoftware.com\/wp-content\/uploads\/2023\/05\/FeriaComercio23_04-768x512.jpg 768w\" sizes=\"auto, (max-width: 886px) 100vw, 886px\" \/><\/figure>\n\n\n\n<figure class=\"wp-block-image size-large\"><img loading=\"lazy\" decoding=\"async\" width=\"886\" height=\"591\" data-id=\"185590\" src=\"http:\/\/www.tucomarca.com\/wordpress\/segunda\/wp-content\/uploads\/2023\/05\/FeriaComercio23_05.jpg\" alt=\"\" class=\"wp-image-185590\" srcset=\"https:\/\/tucomarca.whitekongsoftware.com\/wp-content\/uploads\/2023\/05\/FeriaComercio23_05.jpg 886w, https:\/\/tucomarca.whitekongsoftware.com\/wp-content\/uploads\/2023\/05\/FeriaComercio23_05-300x200.jpg 300w, https:\/\/tucomarca.whitekongsoftware.com\/wp-content\/uploads\/2023\/05\/FeriaComercio23_05-768x512.jpg 768w\" sizes=\"auto, (max-width: 886px) 100vw, 886px\" \/><\/figure>\n\n\n\n<figure class=\"wp-block-image size-large\"><img loading=\"lazy\" decoding=\"async\" width=\"886\" height=\"499\" data-id=\"185640\" src=\"http:\/\/www.tucomarca.com\/wordpress\/segunda\/wp-content\/uploads\/2023\/05\/FeriaComercio23_30.jpg\" alt=\"\" class=\"wp-image-185640\" srcset=\"https:\/\/tucomarca.whitekongsoftware.com\/wp-content\/uploads\/2023\/05\/FeriaComercio23_30.jpg 886w, https:\/\/tucomarca.whitekongsoftware.com\/wp-content\/uploads\/2023\/05\/FeriaComercio23_30-300x169.jpg 300w, https:\/\/tucomarca.whitekongsoftware.com\/wp-content\/uploads\/2023\/05\/FeriaComercio23_30-768x433.jpg 768w, https:\/\/tucomarca.whitekongsoftware.com\/wp-content\/uploads\/2023\/05\/FeriaComercio23_30-678x381.jpg 678w\" sizes=\"auto, (max-width: 886px) 100vw, 886px\" \/><\/figure>\n\n\n\n<figure class=\"wp-block-image size-large\"><img loading=\"lazy\" decoding=\"async\" width=\"886\" height=\"591\" data-id=\"185592\" src=\"http:\/\/www.tucomarca.com\/wordpress\/segunda\/wp-content\/uploads\/2023\/05\/FeriaComercio23_06.jpg\" alt=\"\" class=\"wp-image-185592\" srcset=\"https:\/\/tucomarca.whitekongsoftware.com\/wp-content\/uploads\/2023\/05\/FeriaComercio23_06.jpg 886w, https:\/\/tucomarca.whitekongsoftware.com\/wp-content\/uploads\/2023\/05\/FeriaComercio23_06-300x200.jpg 300w, https:\/\/tucomarca.whitekongsoftware.com\/wp-content\/uploads\/2023\/05\/FeriaComercio23_06-768x512.jpg 768w\" sizes=\"auto, (max-width: 886px) 100vw, 886px\" \/><\/figure>\n\n\n\n<figure class=\"wp-block-image size-large\"><img loading=\"lazy\" decoding=\"async\" width=\"2560\" height=\"1441\" data-id=\"185594\" src=\"http:\/\/www.tucomarca.com\/wordpress\/segunda\/wp-content\/uploads\/2023\/05\/FeriaComercio23_07-scaled.jpg\" alt=\"\" class=\"wp-image-185594\" srcset=\"https:\/\/tucomarca.whitekongsoftware.com\/wp-content\/uploads\/2023\/05\/FeriaComercio23_07-scaled.jpg 2560w, https:\/\/tucomarca.whitekongsoftware.com\/wp-content\/uploads\/2023\/05\/FeriaComercio23_07-300x169.jpg 300w, https:\/\/tucomarca.whitekongsoftware.com\/wp-content\/uploads\/2023\/05\/FeriaComercio23_07-1024x577.jpg 1024w, https:\/\/tucomarca.whitekongsoftware.com\/wp-content\/uploads\/2023\/05\/FeriaComercio23_07-768x432.jpg 768w, https:\/\/tucomarca.whitekongsoftware.com\/wp-content\/uploads\/2023\/05\/FeriaComercio23_07-1536x865.jpg 1536w, https:\/\/tucomarca.whitekongsoftware.com\/wp-content\/uploads\/2023\/05\/FeriaComercio23_07-2048x1153.jpg 2048w, https:\/\/tucomarca.whitekongsoftware.com\/wp-content\/uploads\/2023\/05\/FeriaComercio23_07-678x381.jpg 678w\" sizes=\"auto, (max-width: 2560px) 100vw, 2560px\" \/><\/figure>\n\n\n\n<figure class=\"wp-block-image size-large\"><img loading=\"lazy\" decoding=\"async\" width=\"886\" height=\"499\" data-id=\"185596\" src=\"http:\/\/www.tucomarca.com\/wordpress\/segunda\/wp-content\/uploads\/2023\/05\/FeriaComercio23_08.jpg\" alt=\"\" class=\"wp-image-185596\" srcset=\"https:\/\/tucomarca.whitekongsoftware.com\/wp-content\/uploads\/2023\/05\/FeriaComercio23_08.jpg 886w, https:\/\/tucomarca.whitekongsoftware.com\/wp-content\/uploads\/2023\/05\/FeriaComercio23_08-300x169.jpg 300w, https:\/\/tucomarca.whitekongsoftware.com\/wp-content\/uploads\/2023\/05\/FeriaComercio23_08-768x433.jpg 768w, https:\/\/tucomarca.whitekongsoftware.com\/wp-content\/uploads\/2023\/05\/FeriaComercio23_08-678x381.jpg 678w\" sizes=\"auto, (max-width: 886px) 100vw, 886px\" \/><\/figure>\n\n\n\n<figure class=\"wp-block-image size-large\"><img loading=\"lazy\" decoding=\"async\" width=\"886\" height=\"499\" data-id=\"185600\" src=\"http:\/\/www.tucomarca.com\/wordpress\/segunda\/wp-content\/uploads\/2023\/05\/FeriaComercio23_10.jpg\" alt=\"\" class=\"wp-image-185600\" srcset=\"https:\/\/tucomarca.whitekongsoftware.com\/wp-content\/uploads\/2023\/05\/FeriaComercio23_10.jpg 886w, https:\/\/tucomarca.whitekongsoftware.com\/wp-content\/uploads\/2023\/05\/FeriaComercio23_10-300x169.jpg 300w, https:\/\/tucomarca.whitekongsoftware.com\/wp-content\/uploads\/2023\/05\/FeriaComercio23_10-768x433.jpg 768w, https:\/\/tucomarca.whitekongsoftware.com\/wp-content\/uploads\/2023\/05\/FeriaComercio23_10-678x381.jpg 678w\" sizes=\"auto, (max-width: 886px) 100vw, 886px\" \/><\/figure>\n\n\n\n<figure class=\"wp-block-image size-large\"><img loading=\"lazy\" decoding=\"async\" width=\"886\" height=\"499\" data-id=\"185602\" src=\"http:\/\/www.tucomarca.com\/wordpress\/segunda\/wp-content\/uploads\/2023\/05\/FeriaComercio23_11.jpg\" alt=\"\" class=\"wp-image-185602\" srcset=\"https:\/\/tucomarca.whitekongsoftware.com\/wp-content\/uploads\/2023\/05\/FeriaComercio23_11.jpg 886w, https:\/\/tucomarca.whitekongsoftware.com\/wp-content\/uploads\/2023\/05\/FeriaComercio23_11-300x169.jpg 300w, https:\/\/tucomarca.whitekongsoftware.com\/wp-content\/uploads\/2023\/05\/FeriaComercio23_11-768x433.jpg 768w, https:\/\/tucomarca.whitekongsoftware.com\/wp-content\/uploads\/2023\/05\/FeriaComercio23_11-678x381.jpg 678w\" sizes=\"auto, (max-width: 886px) 100vw, 886px\" \/><\/figure>\n\n\n\n<figure class=\"wp-block-image size-large\"><img loading=\"lazy\" decoding=\"async\" width=\"886\" height=\"499\" data-id=\"185604\" src=\"http:\/\/www.tucomarca.com\/wordpress\/segunda\/wp-content\/uploads\/2023\/05\/FeriaComercio23_12.jpg\" alt=\"\" class=\"wp-image-185604\" srcset=\"https:\/\/tucomarca.whitekongsoftware.com\/wp-content\/uploads\/2023\/05\/FeriaComercio23_12.jpg 886w, https:\/\/tucomarca.whitekongsoftware.com\/wp-content\/uploads\/2023\/05\/FeriaComercio23_12-300x169.jpg 300w, https:\/\/tucomarca.whitekongsoftware.com\/wp-content\/uploads\/2023\/05\/FeriaComercio23_12-768x433.jpg 768w, https:\/\/tucomarca.whitekongsoftware.com\/wp-content\/uploads\/2023\/05\/FeriaComercio23_12-678x381.jpg 678w\" sizes=\"auto, (max-width: 886px) 100vw, 886px\" \/><\/figure>\n\n\n\n<figure class=\"wp-block-image size-large\"><img loading=\"lazy\" decoding=\"async\" width=\"886\" height=\"499\" data-id=\"185606\" src=\"http:\/\/www.tucomarca.com\/wordpress\/segunda\/wp-content\/uploads\/2023\/05\/FeriaComercio23_13.jpg\" alt=\"\" class=\"wp-image-185606\" srcset=\"https:\/\/tucomarca.whitekongsoftware.com\/wp-content\/uploads\/2023\/05\/FeriaComercio23_13.jpg 886w, https:\/\/tucomarca.whitekongsoftware.com\/wp-content\/uploads\/2023\/05\/FeriaComercio23_13-300x169.jpg 300w, https:\/\/tucomarca.whitekongsoftware.com\/wp-content\/uploads\/2023\/05\/FeriaComercio23_13-768x433.jpg 768w, https:\/\/tucomarca.whitekongsoftware.com\/wp-content\/uploads\/2023\/05\/FeriaComercio23_13-678x381.jpg 678w\" sizes=\"auto, (max-width: 886px) 100vw, 886px\" \/><\/figure>\n\n\n\n<figure class=\"wp-block-image size-large\"><img loading=\"lazy\" decoding=\"async\" width=\"886\" height=\"499\" data-id=\"185608\" src=\"http:\/\/www.tucomarca.com\/wordpress\/segunda\/wp-content\/uploads\/2023\/05\/FeriaComercio23_14.jpg\" alt=\"\" class=\"wp-image-185608\" srcset=\"https:\/\/tucomarca.whitekongsoftware.com\/wp-content\/uploads\/2023\/05\/FeriaComercio23_14.jpg 886w, https:\/\/tucomarca.whitekongsoftware.com\/wp-content\/uploads\/2023\/05\/FeriaComercio23_14-300x169.jpg 300w, https:\/\/tucomarca.whitekongsoftware.com\/wp-content\/uploads\/2023\/05\/FeriaComercio23_14-768x433.jpg 768w, https:\/\/tucomarca.whitekongsoftware.com\/wp-content\/uploads\/2023\/05\/FeriaComercio23_14-678x381.jpg 678w\" sizes=\"auto, (max-width: 886px) 100vw, 886px\" \/><\/figure>\n\n\n\n<figure class=\"wp-block-image size-large\"><img loading=\"lazy\" decoding=\"async\" width=\"886\" height=\"499\" data-id=\"185610\" src=\"http:\/\/www.tucomarca.com\/wordpress\/segunda\/wp-content\/uploads\/2023\/05\/FeriaComercio23_15.jpg\" alt=\"\" class=\"wp-image-185610\" srcset=\"https:\/\/tucomarca.whitekongsoftware.com\/wp-content\/uploads\/2023\/05\/FeriaComercio23_15.jpg 886w, https:\/\/tucomarca.whitekongsoftware.com\/wp-content\/uploads\/2023\/05\/FeriaComercio23_15-300x169.jpg 300w, https:\/\/tucomarca.whitekongsoftware.com\/wp-content\/uploads\/2023\/05\/FeriaComercio23_15-768x433.jpg 768w, https:\/\/tucomarca.whitekongsoftware.com\/wp-content\/uploads\/2023\/05\/FeriaComercio23_15-678x381.jpg 678w\" sizes=\"auto, (max-width: 886px) 100vw, 886px\" \/><\/figure>\n\n\n\n<figure class=\"wp-block-image size-large\"><img loading=\"lazy\" decoding=\"async\" width=\"886\" height=\"499\" data-id=\"185612\" src=\"http:\/\/www.tucomarca.com\/wordpress\/segunda\/wp-content\/uploads\/2023\/05\/FeriaComercio23_16.jpg\" alt=\"\" class=\"wp-image-185612\" srcset=\"https:\/\/tucomarca.whitekongsoftware.com\/wp-content\/uploads\/2023\/05\/FeriaComercio23_16.jpg 886w, https:\/\/tucomarca.whitekongsoftware.com\/wp-content\/uploads\/2023\/05\/FeriaComercio23_16-300x169.jpg 300w, https:\/\/tucomarca.whitekongsoftware.com\/wp-content\/uploads\/2023\/05\/FeriaComercio23_16-768x433.jpg 768w, https:\/\/tucomarca.whitekongsoftware.com\/wp-content\/uploads\/2023\/05\/FeriaComercio23_16-678x381.jpg 678w\" sizes=\"auto, (max-width: 886px) 100vw, 886px\" \/><\/figure>\n\n\n\n<figure class=\"wp-block-image size-large\"><img loading=\"lazy\" decoding=\"async\" width=\"886\" height=\"499\" data-id=\"185614\" src=\"http:\/\/www.tucomarca.com\/wordpress\/segunda\/wp-content\/uploads\/2023\/05\/FeriaComercio23_17.jpg\" alt=\"\" class=\"wp-image-185614\" srcset=\"https:\/\/tucomarca.whitekongsoftware.com\/wp-content\/uploads\/2023\/05\/FeriaComercio23_17.jpg 886w, https:\/\/tucomarca.whitekongsoftware.com\/wp-content\/uploads\/2023\/05\/FeriaComercio23_17-300x169.jpg 300w, https:\/\/tucomarca.whitekongsoftware.com\/wp-content\/uploads\/2023\/05\/FeriaComercio23_17-768x433.jpg 768w, https:\/\/tucomarca.whitekongsoftware.com\/wp-content\/uploads\/2023\/05\/FeriaComercio23_17-678x381.jpg 678w\" sizes=\"auto, (max-width: 886px) 100vw, 886px\" \/><\/figure>\n\n\n\n<figure class=\"wp-block-image size-large\"><img loading=\"lazy\" decoding=\"async\" width=\"886\" height=\"499\" data-id=\"185616\" src=\"http:\/\/www.tucomarca.com\/wordpress\/segunda\/wp-content\/uploads\/2023\/05\/FeriaComercio23_18.jpg\" alt=\"\" class=\"wp-image-185616\" srcset=\"https:\/\/tucomarca.whitekongsoftware.com\/wp-content\/uploads\/2023\/05\/FeriaComercio23_18.jpg 886w, https:\/\/tucomarca.whitekongsoftware.com\/wp-content\/uploads\/2023\/05\/FeriaComercio23_18-300x169.jpg 300w, https:\/\/tucomarca.whitekongsoftware.com\/wp-content\/uploads\/2023\/05\/FeriaComercio23_18-768x433.jpg 768w, https:\/\/tucomarca.whitekongsoftware.com\/wp-content\/uploads\/2023\/05\/FeriaComercio23_18-678x381.jpg 678w\" sizes=\"auto, (max-width: 886px) 100vw, 886px\" \/><\/figure>\n\n\n\n<figure class=\"wp-block-image size-large\"><img loading=\"lazy\" decoding=\"async\" width=\"886\" height=\"499\" data-id=\"185618\" src=\"http:\/\/www.tucomarca.com\/wordpress\/segunda\/wp-content\/uploads\/2023\/05\/FeriaComercio23_19.jpg\" alt=\"\" class=\"wp-image-185618\" srcset=\"https:\/\/tucomarca.whitekongsoftware.com\/wp-content\/uploads\/2023\/05\/FeriaComercio23_19.jpg 886w, https:\/\/tucomarca.whitekongsoftware.com\/wp-content\/uploads\/2023\/05\/FeriaComercio23_19-300x169.jpg 300w, https:\/\/tucomarca.whitekongsoftware.com\/wp-content\/uploads\/2023\/05\/FeriaComercio23_19-768x433.jpg 768w, https:\/\/tucomarca.whitekongsoftware.com\/wp-content\/uploads\/2023\/05\/FeriaComercio23_19-678x381.jpg 678w\" sizes=\"auto, (max-width: 886px) 100vw, 886px\" \/><\/figure>\n\n\n\n<figure class=\"wp-block-image size-large\"><img loading=\"lazy\" decoding=\"async\" width=\"886\" height=\"499\" data-id=\"185620\" src=\"http:\/\/www.tucomarca.com\/wordpress\/segunda\/wp-content\/uploads\/2023\/05\/FeriaComercio23_20.jpg\" alt=\"\" class=\"wp-image-185620\" srcset=\"https:\/\/tucomarca.whitekongsoftware.com\/wp-content\/uploads\/2023\/05\/FeriaComercio23_20.jpg 886w, https:\/\/tucomarca.whitekongsoftware.com\/wp-content\/uploads\/2023\/05\/FeriaComercio23_20-300x169.jpg 300w, https:\/\/tucomarca.whitekongsoftware.com\/wp-content\/uploads\/2023\/05\/FeriaComercio23_20-768x433.jpg 768w, https:\/\/tucomarca.whitekongsoftware.com\/wp-content\/uploads\/2023\/05\/FeriaComercio23_20-678x381.jpg 678w\" sizes=\"auto, (max-width: 886px) 100vw, 886px\" \/><\/figure>\n\n\n\n<figure class=\"wp-block-image size-large\"><img loading=\"lazy\" decoding=\"async\" width=\"886\" height=\"499\" data-id=\"185622\" src=\"http:\/\/www.tucomarca.com\/wordpress\/segunda\/wp-content\/uploads\/2023\/05\/FeriaComercio23_21.jpg\" alt=\"\" class=\"wp-image-185622\" srcset=\"https:\/\/tucomarca.whitekongsoftware.com\/wp-content\/uploads\/2023\/05\/FeriaComercio23_21.jpg 886w, https:\/\/tucomarca.whitekongsoftware.com\/wp-content\/uploads\/2023\/05\/FeriaComercio23_21-300x169.jpg 300w, https:\/\/tucomarca.whitekongsoftware.com\/wp-content\/uploads\/2023\/05\/FeriaComercio23_21-768x433.jpg 768w, https:\/\/tucomarca.whitekongsoftware.com\/wp-content\/uploads\/2023\/05\/FeriaComercio23_21-678x381.jpg 678w\" sizes=\"auto, (max-width: 886px) 100vw, 886px\" \/><\/figure>\n\n\n\n<figure class=\"wp-block-image size-large\"><img loading=\"lazy\" decoding=\"async\" width=\"886\" height=\"499\" data-id=\"185624\" src=\"http:\/\/www.tucomarca.com\/wordpress\/segunda\/wp-content\/uploads\/2023\/05\/FeriaComercio23_22.jpg\" alt=\"\" class=\"wp-image-185624\" srcset=\"https:\/\/tucomarca.whitekongsoftware.com\/wp-content\/uploads\/2023\/05\/FeriaComercio23_22.jpg 886w, https:\/\/tucomarca.whitekongsoftware.com\/wp-content\/uploads\/2023\/05\/FeriaComercio23_22-300x169.jpg 300w, https:\/\/tucomarca.whitekongsoftware.com\/wp-content\/uploads\/2023\/05\/FeriaComercio23_22-768x433.jpg 768w, https:\/\/tucomarca.whitekongsoftware.com\/wp-content\/uploads\/2023\/05\/FeriaComercio23_22-678x381.jpg 678w\" sizes=\"auto, (max-width: 886px) 100vw, 886px\" \/><\/figure>\n\n\n\n<figure class=\"wp-block-image size-large\"><img loading=\"lazy\" decoding=\"async\" width=\"886\" height=\"499\" data-id=\"185626\" src=\"http:\/\/www.tucomarca.com\/wordpress\/segunda\/wp-content\/uploads\/2023\/05\/FeriaComercio23_23.jpg\" alt=\"\" class=\"wp-image-185626\" srcset=\"https:\/\/tucomarca.whitekongsoftware.com\/wp-content\/uploads\/2023\/05\/FeriaComercio23_23.jpg 886w, https:\/\/tucomarca.whitekongsoftware.com\/wp-content\/uploads\/2023\/05\/FeriaComercio23_23-300x169.jpg 300w, https:\/\/tucomarca.whitekongsoftware.com\/wp-content\/uploads\/2023\/05\/FeriaComercio23_23-768x433.jpg 768w, https:\/\/tucomarca.whitekongsoftware.com\/wp-content\/uploads\/2023\/05\/FeriaComercio23_23-678x381.jpg 678w\" sizes=\"auto, (max-width: 886px) 100vw, 886px\" \/><\/figure>\n\n\n\n<figure class=\"wp-block-image size-large\"><img loading=\"lazy\" decoding=\"async\" width=\"886\" height=\"499\" data-id=\"185628\" src=\"http:\/\/www.tucomarca.com\/wordpress\/segunda\/wp-content\/uploads\/2023\/05\/FeriaComercio23_24.jpg\" alt=\"\" class=\"wp-image-185628\" srcset=\"https:\/\/tucomarca.whitekongsoftware.com\/wp-content\/uploads\/2023\/05\/FeriaComercio23_24.jpg 886w, https:\/\/tucomarca.whitekongsoftware.com\/wp-content\/uploads\/2023\/05\/FeriaComercio23_24-300x169.jpg 300w, https:\/\/tucomarca.whitekongsoftware.com\/wp-content\/uploads\/2023\/05\/FeriaComercio23_24-768x433.jpg 768w, https:\/\/tucomarca.whitekongsoftware.com\/wp-content\/uploads\/2023\/05\/FeriaComercio23_24-678x381.jpg 678w\" sizes=\"auto, (max-width: 886px) 100vw, 886px\" \/><\/figure>\n\n\n\n<figure class=\"wp-block-image size-large\"><img loading=\"lazy\" decoding=\"async\" width=\"886\" height=\"499\" data-id=\"185630\" src=\"http:\/\/www.tucomarca.com\/wordpress\/segunda\/wp-content\/uploads\/2023\/05\/FeriaComercio23_25.jpg\" alt=\"\" class=\"wp-image-185630\" srcset=\"https:\/\/tucomarca.whitekongsoftware.com\/wp-content\/uploads\/2023\/05\/FeriaComercio23_25.jpg 886w, https:\/\/tucomarca.whitekongsoftware.com\/wp-content\/uploads\/2023\/05\/FeriaComercio23_25-300x169.jpg 300w, https:\/\/tucomarca.whitekongsoftware.com\/wp-content\/uploads\/2023\/05\/FeriaComercio23_25-768x433.jpg 768w, https:\/\/tucomarca.whitekongsoftware.com\/wp-content\/uploads\/2023\/05\/FeriaComercio23_25-678x381.jpg 678w\" sizes=\"auto, (max-width: 886px) 100vw, 886px\" \/><\/figure>\n\n\n\n<figure class=\"wp-block-image size-large\"><img loading=\"lazy\" decoding=\"async\" width=\"886\" height=\"499\" data-id=\"185632\" src=\"http:\/\/www.tucomarca.com\/wordpress\/segunda\/wp-content\/uploads\/2023\/05\/FeriaComercio23_26.jpg\" alt=\"\" class=\"wp-image-185632\" srcset=\"https:\/\/tucomarca.whitekongsoftware.com\/wp-content\/uploads\/2023\/05\/FeriaComercio23_26.jpg 886w, https:\/\/tucomarca.whitekongsoftware.com\/wp-content\/uploads\/2023\/05\/FeriaComercio23_26-300x169.jpg 300w, https:\/\/tucomarca.whitekongsoftware.com\/wp-content\/uploads\/2023\/05\/FeriaComercio23_26-768x433.jpg 768w, https:\/\/tucomarca.whitekongsoftware.com\/wp-content\/uploads\/2023\/05\/FeriaComercio23_26-678x381.jpg 678w\" sizes=\"auto, (max-width: 886px) 100vw, 886px\" \/><\/figure>\n\n\n\n<figure class=\"wp-block-image size-large\"><img loading=\"lazy\" decoding=\"async\" width=\"886\" height=\"499\" data-id=\"185634\" src=\"http:\/\/www.tucomarca.com\/wordpress\/segunda\/wp-content\/uploads\/2023\/05\/FeriaComercio23_27.jpg\" alt=\"\" class=\"wp-image-185634\" srcset=\"https:\/\/tucomarca.whitekongsoftware.com\/wp-content\/uploads\/2023\/05\/FeriaComercio23_27.jpg 886w, https:\/\/tucomarca.whitekongsoftware.com\/wp-content\/uploads\/2023\/05\/FeriaComercio23_27-300x169.jpg 300w, https:\/\/tucomarca.whitekongsoftware.com\/wp-content\/uploads\/2023\/05\/FeriaComercio23_27-768x433.jpg 768w, https:\/\/tucomarca.whitekongsoftware.com\/wp-content\/uploads\/2023\/05\/FeriaComercio23_27-678x381.jpg 678w\" sizes=\"auto, (max-width: 886px) 100vw, 886px\" \/><\/figure>\n\n\n\n<figure class=\"wp-block-image size-large\"><img loading=\"lazy\" decoding=\"async\" width=\"886\" height=\"499\" data-id=\"185636\" src=\"http:\/\/www.tucomarca.com\/wordpress\/segunda\/wp-content\/uploads\/2023\/05\/FeriaComercio23_28.jpg\" alt=\"\" class=\"wp-image-185636\" srcset=\"https:\/\/tucomarca.whitekongsoftware.com\/wp-content\/uploads\/2023\/05\/FeriaComercio23_28.jpg 886w, https:\/\/tucomarca.whitekongsoftware.com\/wp-content\/uploads\/2023\/05\/FeriaComercio23_28-300x169.jpg 300w, https:\/\/tucomarca.whitekongsoftware.com\/wp-content\/uploads\/2023\/05\/FeriaComercio23_28-768x433.jpg 768w, https:\/\/tucomarca.whitekongsoftware.com\/wp-content\/uploads\/2023\/05\/FeriaComercio23_28-678x381.jpg 678w\" sizes=\"auto, (max-width: 886px) 100vw, 886px\" \/><\/figure>\n\n\n\n<figure class=\"wp-block-image size-large\"><img loading=\"lazy\" decoding=\"async\" width=\"886\" height=\"499\" data-id=\"185638\" src=\"http:\/\/www.tucomarca.com\/wordpress\/segunda\/wp-content\/uploads\/2023\/05\/FeriaComercio23_29.jpg\" alt=\"\" class=\"wp-image-185638\" srcset=\"https:\/\/tucomarca.whitekongsoftware.com\/wp-content\/uploads\/2023\/05\/FeriaComercio23_29.jpg 886w, https:\/\/tucomarca.whitekongsoftware.com\/wp-content\/uploads\/2023\/05\/FeriaComercio23_29-300x169.jpg 300w, https:\/\/tucomarca.whitekongsoftware.com\/wp-content\/uploads\/2023\/05\/FeriaComercio23_29-768x433.jpg 768w, https:\/\/tucomarca.whitekongsoftware.com\/wp-content\/uploads\/2023\/05\/FeriaComercio23_29-678x381.jpg 678w\" sizes=\"auto, (max-width: 886px) 100vw, 886px\" \/><\/figure>\n\n\n\n<figure class=\"wp-block-image size-large\"><img loading=\"lazy\" decoding=\"async\" width=\"886\" height=\"499\" data-id=\"185642\" src=\"http:\/\/www.tucomarca.com\/wordpress\/segunda\/wp-content\/uploads\/2023\/05\/FeriaComercio23_31.jpg\" alt=\"\" class=\"wp-image-185642\" srcset=\"https:\/\/tucomarca.whitekongsoftware.com\/wp-content\/uploads\/2023\/05\/FeriaComercio23_31.jpg 886w, https:\/\/tucomarca.whitekongsoftware.com\/wp-content\/uploads\/2023\/05\/FeriaComercio23_31-300x169.jpg 300w, https:\/\/tucomarca.whitekongsoftware.com\/wp-content\/uploads\/2023\/05\/FeriaComercio23_31-768x433.jpg 768w, https:\/\/tucomarca.whitekongsoftware.com\/wp-content\/uploads\/2023\/05\/FeriaComercio23_31-678x381.jpg 678w\" sizes=\"auto, (max-width: 886px) 100vw, 886px\" \/><\/figure>\n<\/figure>\n","protected":false},"excerpt":{"rendered":"<div class=\"mh-excerpt\">El Planell de Bunyol ha acollit aquest divendres la inauguraci\u00f3 de la ja tradicional Fira de Comer\u00e7 a c\u00e0rrec de la Reina de les Festes, Regina Mart\u00ednez, de l&#8217;alcaldessa, Juncal Carrascosa, la regidora de Turisme, <a class=\"mh-excerpt-more\" href=\"https:\/\/tucomarca.whitekongsoftware.com\/ca\/fotogaleria-bunyol-inaugura-la-seua-xvi-fira-de-comerc-turisme-i-ocupacio\/\" title=\"Fotogaler\u00eda: Bunyol inaugura la seua XVI Fira de Comer\u00e7, Turisme i Ocupaci\u00f3\">[+] <\/a><\/div>\n","protected":false},"author":12,"featured_media":185583,"comment_status":"open","ping_status":"open","sticky":false,"template":"","format":"gallery","meta":{"footnotes":""},"categories":[10911,10894,10912,11007,10896],"tags":[10913,10914,19218],"class_list":["post-185645","post","type-post","status-publish","format-gallery","has-post-thumbnail","category-bunol-ca","category-la-comarca-ca","category-la-hoya-ca","category-ocio-y-cultura-ca","category-seccion-ca","tag-bunol-ca","tag-la-hoya-de-bunol-chiva-ca","tag-xvi-feria-de-comercio-ca","post_format-post-format-gallery"],"_links":{"self":[{"href":"https:\/\/tucomarca.whitekongsoftware.com\/ca\/wp-json\/wp\/v2\/posts\/185645","targetHints":{"allow":["GET"]}}],"collection":[{"href":"https:\/\/tucomarca.whitekongsoftware.com\/ca\/wp-json\/wp\/v2\/posts"}],"about":[{"href":"https:\/\/tucomarca.whitekongsoftware.com\/ca\/wp-json\/wp\/v2\/types\/post"}],"author":[{"embeddable":true,"href":"https:\/\/tucomarca.whitekongsoftware.com\/ca\/wp-json\/wp\/v2\/users\/12"}],"replies":[{"embeddable":true,"href":"https:\/\/tucomarca.whitekongsoftware.com\/ca\/wp-json\/wp\/v2\/comments?post=185645"}],"version-history":[{"count":0,"href":"https:\/\/tucomarca.whitekongsoftware.com\/ca\/wp-json\/wp\/v2\/posts\/185645\/revisions"}],"wp:featuredmedia":[{"embeddable":true,"href":"https:\/\/tucomarca.whitekongsoftware.com\/ca\/wp-json\/wp\/v2\/media\/185583"}],"wp:attachment":[{"href":"https:\/\/tucomarca.whitekongsoftware.com\/ca\/wp-json\/wp\/v2\/media?parent=185645"}],"wp:term":[{"taxonomy":"category","embeddable":true,"href":"https:\/\/tucomarca.whitekongsoftware.com\/ca\/wp-json\/wp\/v2\/categories?post=185645"},{"taxonomy":"post_tag","embeddable":true,"href":"https:\/\/tucomarca.whitekongsoftware.com\/ca\/wp-json\/wp\/v2\/tags?post=185645"}],"curies":[{"name":"wp","href":"https:\/\/api.w.org\/{rel}","templated":true}]}}